{"id":30318,"date":"2025-11-13T21:48:50","date_gmt":"2025-11-14T00:48:50","guid":{"rendered":"https:\/\/noticiasnoface.com.br\/?p=30318"},"modified":"2025-11-13T21:48:50","modified_gmt":"2025-11-14T00:48:50","slug":"camara-de-parnamirim-realiza-programacao-especial-no-novembro-negro","status":"publish","type":"post","link":"https:\/\/noticiasnoface.com.br\/index.php\/2025\/11\/13\/camara-de-parnamirim-realiza-programacao-especial-no-novembro-negro\/","title":{"rendered":"C\u00e2mara de Parnamirim realiza programa\u00e7\u00e3o especial no Novembro Negro"},"content":{"rendered":"\n<figure class=\"wp-block-image size-large\"><img data-opt-id=1270669843  fetchpriority=\"high\" decoding=\"async\" width=\"1024\" height=\"682\" src=\"https:\/\/mlbfrsat7ahr.i.optimole.com\/w:1024\/h:682\/q:mauto\/ig:avif\/https:\/\/noticiasnoface.com.br\/wp-content\/uploads\/2025\/11\/f9a35e61-48d6-4592-aaaf-e87662ccc0f0.jpg\" class=\"wp-image-30317\" srcset=\"https:\/\/mlbfrsat7ahr.i.optimole.com\/w:1024\/h:682\/q:mauto\/ig:avif\/https:\/\/noticiasnoface.com.br\/wp-content\/uploads\/2025\/11\/f9a35e61-48d6-4592-aaaf-e87662ccc0f0.jpg 1024w, https:\/\/mlbfrsat7ahr.i.optimole.com\/w:300\/h:200\/q:mauto\/ig:avif\/https:\/\/noticiasnoface.com.br\/wp-content\/uploads\/2025\/11\/f9a35e61-48d6-4592-aaaf-e87662ccc0f0.jpg 300w, https:\/\/mlbfrsat7ahr.i.optimole.com\/w:768\/h:512\/q:mauto\/ig:avif\/https:\/\/noticiasnoface.com.br\/wp-content\/uploads\/2025\/11\/f9a35e61-48d6-4592-aaaf-e87662ccc0f0.jpg 768w, https:\/\/mlbfrsat7ahr.i.optimole.com\/w:1536\/h:1023\/q:mauto\/ig:avif\/https:\/\/noticiasnoface.com.br\/wp-content\/uploads\/2025\/11\/f9a35e61-48d6-4592-aaaf-e87662ccc0f0.jpg 1536w, https:\/\/mlbfrsat7ahr.i.optimole.com\/w:1600\/h:1066\/q:mauto\/ig:avif\/https:\/\/noticiasnoface.com.br\/wp-content\/uploads\/2025\/11\/f9a35e61-48d6-4592-aaaf-e87662ccc0f0.jpg 1600w\" sizes=\"(max-width: 1000px) 100vw, 1000px\" \/><\/figure>\n\n\n\n<p>Em alus\u00e3o ao Dia da Consci\u00eancia Negra, comemorado no dia 20 de novembro, a C\u00e2mara Municipal de Parnamirim preparou uma ampla programa\u00e7\u00e3o durante todo o m\u00eas, com a\u00e7\u00f5es voltadas \u00e0 valoriza\u00e7\u00e3o da cultura afro-brasileira e \u00e0 promo\u00e7\u00e3o da igualdade racial.<\/p>\n\n\n\n<p>Entre as iniciativas, destaca-se a nomea\u00e7\u00e3o da Frente Parlamentar de Promo\u00e7\u00e3o e Defesa da Igualdade Racial, oficializada por meio da Portaria n\u00ba 040\/2025, publicada no Di\u00e1rio Oficial do Munic\u00edpio no dia 12. A Frente ser\u00e1 presidida pela vereadora R\u00e1rika Bastos, tendo como 1\u00aa secret\u00e1ria a vereadora Rhalessa de Cl\u00eanio e 2\u00ba secret\u00e1rio o vereador Thiago Fernandes. O objetivo \u00e9 discutir e propor pol\u00edticas p\u00fablicas que fortale\u00e7am o combate ao racismo e incentivem a equidade racial em Parnamirim.<\/p>\n\n\n\n<p>A programa\u00e7\u00e3o do Novembro Negro inclui tamb\u00e9m eventos abertos ao p\u00fablico, com destaque para a Sess\u00e3o Solene de entrega da Comenda Zumbi de Palmares de Igualdade Racial, que ser\u00e1 realizada no dia 18 de novembro, \u00e0s 18h, no Plen\u00e1rio Dr. M\u00e1rio Medeiros. A homenagem, que ocorre anualmente, reconhece pessoas e institui\u00e7\u00f5es que contribuem para a defesa dos direitos da popula\u00e7\u00e3o negra e a valoriza\u00e7\u00e3o da cultura afro-brasileira no munic\u00edpio.<\/p>\n\n\n\n<p>No dia 19 de novembro, \u00e0s 17h, o C\u00e2mara Cultural realiza a edi\u00e7\u00e3o especial \u201cQuilombo Moita Verde\u201d, em uma programa\u00e7\u00e3o que promete celebrar as express\u00f5es art\u00edsticas e culturais de matriz africana. Entre as atra\u00e7\u00f5es musicais, est\u00e3o Abmael Show e a banda Meu Batuque, al\u00e9m disso, tamb\u00e9m haver\u00e1 o segundo desfile Beleza Negra Quilombola. O evento ser\u00e1 na rua Mar da Galil\u00e9ia, 19, no bairro Vida Nova.<\/p>\n\n\n\n<p>J\u00e1 de 24 a 28 de novembro, das 10h \u00e0s 17h, o Plenarinho Profa. Eva L\u00facia receber\u00e1 a exposi\u00e7\u00e3o fotogr\u00e1fica \u201cO Trevo de Quatro Folhas Negro\u201d, que traz um olhar sens\u00edvel sobre crian\u00e7as negras com S\u00edndrome de Down. O objetivo \u00e9 convidar o expectador a enxergar a beleza, a pot\u00eancia e o direito de existir dessas crian\u00e7as.<\/p>\n\n\n\n<p>Encerrando a programa\u00e7\u00e3o, no dia 25 de novembro, \u00e0s 14h, acontece a Audi\u00eancia P\u00fablica em alus\u00e3o \u00e0 Semana da Consci\u00eancia Negra, com o tema \u201cEduca\u00e7\u00e3o antirracista como pol\u00edtica p\u00fablica: desafios e perspectivas para a constru\u00e7\u00e3o de uma escola inclusiva em Parnamirim\u201d. A iniciativa \u00e9 de autoria do vereador Thiago Fernandes e pretende reunir educadores, gestores e representantes da sociedade civil para discutir caminhos concretos rumo a uma educa\u00e7\u00e3o mais igualit\u00e1ria e inclusiva.<\/p>\n\n\n\n<p>Com essas a\u00e7\u00f5es, a C\u00e2mara de Parnamirim reafirma seu compromisso com a valoriza\u00e7\u00e3o da diversidade e o fortalecimento das pol\u00edticas de promo\u00e7\u00e3o da igualdade racial no munic\u00edpio.<\/p>\n\n\n\n<p>Foto: vereadora R\u00e1rika Bastos, presidente da Frente Parlamentar de Promo\u00e7\u00e3o e Defesa da Igualdade Racial<br \/>Fot\u00f3grafo: Alexsandro Dantas (Ascom\/CMP)<\/p>\n","protected":false},"excerpt":{"rendered":"<p>Em alus\u00e3o ao Dia da Consci\u00eancia Negra, comemorado no dia 20 de novembro, a C\u00e2mara Municipal de Parnamirim preparou uma [&hellip;]<\/p>\n","protected":false},"author":1,"featured_media":0,"comment_status":"closed","ping_status":"","sticky":false,"template":"","format":"image","meta":{"site-sidebar-layout":"default","site-content-layout":"","ast-site-content-layout":"default","site-content-style":"default","site-sidebar-style":"default","ast-global-header-display":"","ast-banner-title-visibility":"","ast-main-header-display":"","ast-hfb-above-header-display":"","ast-hfb-below-header-display":"","ast-hfb-mobile-header-display":"","site-post-title":"","ast-breadcrumbs-content":"","ast-featured-img":"","footer-sml-layout":"","ast-disable-related-posts":"","theme-transparent-header-meta":"","adv-header-id-meta":"","stick-header-meta":"","header-above-stick-meta":"","header-main-stick-meta":"","header-below-stick-meta":"","astra-migrate-meta-layouts":"default","ast-page-background-enabled":"default","ast-page-background-meta":{"desktop":{"background-color":"var(--ast-global-color-4)","background-image":"","background-repeat":"repeat","background-position":"center center","background-size":"auto","background-attachment":"scroll","background-type":"","background-media":"","overlay-type":"","overlay-color":"","overlay-opacity":"","overlay-gradient":""},"tablet":{"background-color":"","background-image":"","background-repeat":"repeat","background-position":"center center","background-size":"auto","background-attachment":"scroll","background-type":"","background-media":"","overlay-type":"","overlay-color":"","overlay-opacity":"","overlay-gradient":""},"mobile":{"background-color":"","background-image":"","background-repeat":"repeat","background-position":"center center","background-size":"auto","background-attachment":"scroll","background-type":"","background-media":"","overlay-type":"","overlay-color":"","overlay-opacity":"","overlay-gradient":""}},"ast-content-background-meta":{"desktop":{"background-color":"var(--ast-global-color-5)","background-image":"","background-repeat":"repeat","background-position":"center center","background-size":"auto","background-attachment":"scroll","background-type":"","background-media":"","overlay-type":"","overlay-color":"","overlay-opacity":"","overlay-gradient":""},"tablet":{"background-color":"var(--ast-global-color-5)","background-image":"","background-repeat":"repeat","background-position":"center center","background-size":"auto","background-attachment":"scroll","background-type":"","background-media":"","overlay-type":"","overlay-color":"","overlay-opacity":"","overlay-gradient":""},"mobile":{"background-color":"var(--ast-global-color-5)","background-image":"","background-repeat":"repeat","background-position":"center center","background-size":"auto","background-attachment":"scroll","background-type":"","background-media":"","overlay-type":"","overlay-color":"","overlay-opacity":"","overlay-gradient":""}},"footnotes":""},"categories":[3817],"tags":[],"class_list":["post-30318","post","type-post","status-publish","format-image","hentry","category-camara-municipal-de-parnamirim","post_format-post-format-image"],"_links":{"self":[{"href":"https:\/\/noticiasnoface.com.br\/index.php\/wp-json\/wp\/v2\/posts\/30318","targetHints":{"allow":["GET"]}}],"collection":[{"href":"https:\/\/noticiasnoface.com.br\/index.php\/wp-json\/wp\/v2\/posts"}],"about":[{"href":"https:\/\/noticiasnoface.com.br\/index.php\/wp-json\/wp\/v2\/types\/post"}],"author":[{"embeddable":true,"href":"https:\/\/noticiasnoface.com.br\/index.php\/wp-json\/wp\/v2\/users\/1"}],"replies":[{"embeddable":true,"href":"https:\/\/noticiasnoface.com.br\/index.php\/wp-json\/wp\/v2\/comments?post=30318"}],"version-history":[{"count":1,"href":"https:\/\/noticiasnoface.com.br\/index.php\/wp-json\/wp\/v2\/posts\/30318\/revisions"}],"predecessor-version":[{"id":30319,"href":"https:\/\/noticiasnoface.com.br\/index.php\/wp-json\/wp\/v2\/posts\/30318\/revisions\/30319"}],"wp:attachment":[{"href":"https:\/\/noticiasnoface.com.br\/index.php\/wp-json\/wp\/v2\/media?parent=30318"}],"wp:term":[{"taxonomy":"category","embeddable":true,"href":"https:\/\/noticiasnoface.com.br\/index.php\/wp-json\/wp\/v2\/categories?post=30318"},{"taxonomy":"post_tag","embeddable":true,"href":"https:\/\/noticiasnoface.com.br\/index.php\/wp-json\/wp\/v2\/tags?post=30318"}],"curies":[{"name":"wp","href":"https:\/\/api.w.org\/{rel}","templated":true}]}}