{"id":30326,"date":"2025-11-15T11:23:59","date_gmt":"2025-11-15T14:23:59","guid":{"rendered":"https:\/\/noticiasnoface.com.br\/?p=30326"},"modified":"2025-11-15T11:23:59","modified_gmt":"2025-11-15T14:23:59","slug":"guinada-cultural-enaltece-a-mesticagem-no-dia-da-consciencia-negra","status":"publish","type":"post","link":"https:\/\/noticiasnoface.com.br\/index.php\/2025\/11\/15\/guinada-cultural-enaltece-a-mesticagem-no-dia-da-consciencia-negra\/","title":{"rendered":"Guinada Cultural enaltece a mesti\u00e7agem no Dia da Consci\u00eancia Negra"},"content":{"rendered":"\n<figure class=\"wp-block-image\"><img data-opt-id=1478630968  fetchpriority=\"high\" decoding=\"async\" src=\"https:\/\/96fm.com.br\/storage\/2025\/11\/15\/01KA2QFYRCM6KYXS06H19HWS2M.jpeg\" alt=\"Andiara | guinada cultural em Natal\"\/><\/figure>\n\n\n\n<p>Est\u00e1 chegando a inaugura\u00e7\u00e3o do 5\u00aa do Carvalho, um evento promovido pela Guinada Cultural que reunir\u00e1 humor, m\u00fasica e arte em um ambiente descontra\u00eddo e acolhedor. A primeira edi\u00e7\u00e3o acontece no dia 20 de novembro, das 16h \u00e0s 20h, no Espa\u00e7o Luz, na Praia do Meio, em Natal (RN).<\/p>\n\n\n\n<p>O evento ser\u00e1 realizado em formato boteco, com churrasco e bebidas a pre\u00e7os acess\u00edveis, e tem como objetivo criar um espa\u00e7o de conviv\u00eancia e celebra\u00e7\u00e3o da cultura brasileira, promovendo encontros mensais entre artistas e o p\u00fablico.<\/p>\n\n\n\n<p>O tema da edi\u00e7\u00e3o inaugural ser\u00e1 \u201cBrasil Mesti\u00e7o: Terra de Muitas Ra\u00edzes\u201d, destacando a riqueza da diversidade racial e cultural do pa\u00eds. A proposta \u00e9 reafirmar que o Brasil \u00e9 formado por muitas cores, ra\u00e7as e estilos, e que qualquer forma de segrega\u00e7\u00e3o racial \u00e9 nociva e deve ser combatida.<\/p>\n\n\n\n<p>Em vez de divis\u00e3o, a Guinada Cultural aposta na uni\u00e3o do povo brasileiro em torno de valores como a amizade, a alegria e o respeito, refor\u00e7ando o papel da arte como instrumento de comunh\u00e3o e consci\u00eancia.<\/p>\n","protected":false},"excerpt":{"rendered":"<p>Est\u00e1 chegando a inaugura\u00e7\u00e3o do 5\u00aa do Carvalho, um evento promovido pela Guinada Cultural que reunir\u00e1 humor, m\u00fasica e arte [&hellip;]<\/p>\n","protected":false},"author":1,"featured_media":0,"comment_status":"closed","ping_status":"","sticky":false,"template":"","format":"image","meta":{"site-sidebar-layout":"default","site-content-layout":"","ast-site-content-layout":"default","site-content-style":"default","site-sidebar-style":"default","ast-global-header-display":"","ast-banner-title-visibility":"","ast-main-header-display":"","ast-hfb-above-header-display":"","ast-hfb-below-header-display":"","ast-hfb-mobile-header-display":"","site-post-title":"","ast-breadcrumbs-content":"","ast-featured-img":"","footer-sml-layout":"","ast-disable-related-posts":"","theme-transparent-header-meta":"","adv-header-id-meta":"","stick-header-meta":"","header-above-stick-meta":"","header-main-stick-meta":"","header-below-stick-meta":"","astra-migrate-meta-layouts":"default","ast-page-background-enabled":"default","ast-page-background-meta":{"desktop":{"background-color":"var(--ast-global-color-4)","background-image":"","background-repeat":"repeat","background-position":"center center","background-size":"auto","background-attachment":"scroll","background-type":"","background-media":"","overlay-type":"","overlay-color":"","overlay-opacity":"","overlay-gradient":""},"tablet":{"background-color":"","background-image":"","background-repeat":"repeat","background-position":"center center","background-size":"auto","background-attachment":"scroll","background-type":"","background-media":"","overlay-type":"","overlay-color":"","overlay-opacity":"","overlay-gradient":""},"mobile":{"background-color":"","background-image":"","background-repeat":"repeat","background-position":"center center","background-size":"auto","background-attachment":"scroll","background-type":"","background-media":"","overlay-type":"","overlay-color":"","overlay-opacity":"","overlay-gradient":""}},"ast-content-background-meta":{"desktop":{"background-color":"var(--ast-global-color-5)","background-image":"","background-repeat":"repeat","background-position":"center center","background-size":"auto","background-attachment":"scroll","background-type":"","background-media":"","overlay-type":"","overlay-color":"","overlay-opacity":"","overlay-gradient":""},"tablet":{"background-color":"var(--ast-global-color-5)","background-image":"","background-repeat":"repeat","background-position":"center center","background-size":"auto","background-attachment":"scroll","background-type":"","background-media":"","overlay-type":"","overlay-color":"","overlay-opacity":"","overlay-gradient":""},"mobile":{"background-color":"var(--ast-global-color-5)","background-image":"","background-repeat":"repeat","background-position":"center center","background-size":"auto","background-attachment":"scroll","background-type":"","background-media":"","overlay-type":"","overlay-color":"","overlay-opacity":"","overlay-gradient":""}},"footnotes":""},"categories":[517],"tags":[],"class_list":["post-30326","post","type-post","status-publish","format-image","hentry","category-aconteceu","post_format-post-format-image"],"_links":{"self":[{"href":"https:\/\/noticiasnoface.com.br\/index.php\/wp-json\/wp\/v2\/posts\/30326","targetHints":{"allow":["GET"]}}],"collection":[{"href":"https:\/\/noticiasnoface.com.br\/index.php\/wp-json\/wp\/v2\/posts"}],"about":[{"href":"https:\/\/noticiasnoface.com.br\/index.php\/wp-json\/wp\/v2\/types\/post"}],"author":[{"embeddable":true,"href":"https:\/\/noticiasnoface.com.br\/index.php\/wp-json\/wp\/v2\/users\/1"}],"replies":[{"embeddable":true,"href":"https:\/\/noticiasnoface.com.br\/index.php\/wp-json\/wp\/v2\/comments?post=30326"}],"version-history":[{"count":1,"href":"https:\/\/noticiasnoface.com.br\/index.php\/wp-json\/wp\/v2\/posts\/30326\/revisions"}],"predecessor-version":[{"id":30327,"href":"https:\/\/noticiasnoface.com.br\/index.php\/wp-json\/wp\/v2\/posts\/30326\/revisions\/30327"}],"wp:attachment":[{"href":"https:\/\/noticiasnoface.com.br\/index.php\/wp-json\/wp\/v2\/media?parent=30326"}],"wp:term":[{"taxonomy":"category","embeddable":true,"href":"https:\/\/noticiasnoface.com.br\/index.php\/wp-json\/wp\/v2\/categories?post=30326"},{"taxonomy":"post_tag","embeddable":true,"href":"https:\/\/noticiasnoface.com.br\/index.php\/wp-json\/wp\/v2\/tags?post=30326"}],"curies":[{"name":"wp","href":"https:\/\/api.w.org\/{rel}","templated":true}]}}