{"id":30720,"date":"2025-12-15T21:38:25","date_gmt":"2025-12-16T00:38:25","guid":{"rendered":"https:\/\/noticiasnoface.com.br\/?p=30720"},"modified":"2025-12-15T21:38:25","modified_gmt":"2025-12-16T00:38:25","slug":"extremoz-e-ouro","status":"publish","type":"post","link":"https:\/\/noticiasnoface.com.br\/index.php\/2025\/12\/15\/extremoz-e-ouro\/","title":{"rendered":"Extremoz \u00e9 ouro"},"content":{"rendered":"\n<figure class=\"wp-block-image size-large\"><img data-opt-id=1966023473  fetchpriority=\"high\" decoding=\"async\" width=\"880\" height=\"1024\" src=\"https:\/\/mlbfrsat7ahr.i.optimole.com\/w:880\/h:1024\/q:mauto\/ig:avif\/https:\/\/noticiasnoface.com.br\/wp-content\/uploads\/2025\/12\/img_1749.jpg\" class=\"wp-image-30719\" srcset=\"https:\/\/mlbfrsat7ahr.i.optimole.com\/w:880\/h:1024\/q:mauto\/ig:avif\/https:\/\/noticiasnoface.com.br\/wp-content\/uploads\/2025\/12\/img_1749.jpg 880w, https:\/\/mlbfrsat7ahr.i.optimole.com\/w:258\/h:300\/q:mauto\/ig:avif\/https:\/\/noticiasnoface.com.br\/wp-content\/uploads\/2025\/12\/img_1749.jpg 258w, https:\/\/mlbfrsat7ahr.i.optimole.com\/w:768\/h:894\/q:mauto\/ig:avif\/https:\/\/noticiasnoface.com.br\/wp-content\/uploads\/2025\/12\/img_1749.jpg 768w, https:\/\/mlbfrsat7ahr.i.optimole.com\/w:928\/h:1080\/q:mauto\/ig:avif\/https:\/\/noticiasnoface.com.br\/wp-content\/uploads\/2025\/12\/img_1749.jpg 1260w\" sizes=\"(max-width: 880px) 100vw, 880px\" \/><figcaption class=\"wp-element-caption\">Extremoz \u00e9 Ouro em atendimento<br>A Sala do Empreendedor de Extremoz conquistou o Selo Sebrae de Refer\u00eancia em Atendimento, na categoria Ouro!<br>Um reconhecimento nacional que premia a excel\u00eancia no apoio aos pequenos neg\u00f3cios.<br>A avalia\u00e7\u00e3o envolve crit\u00e9rios como qualidade do ambiente, gest\u00e3o, oferta de solu\u00e7\u00f5es Sebrae e uso de canais digitais, resultando em n\u00edveis de reconhecimento (Bronze, Prata, Ouro) e incentivando a melhoria cont\u00ednua e a transforma\u00e7\u00e3o econ\u00f4mica local.<br>A certifica\u00e7\u00e3o destaca a qualidade do atendimento e a efici\u00eancia no apoio \u00e0s empresas locais, consolidando Extremoz como refer\u00eancia no fortalecimento do empreendedorismo local.<br>\u00c9 a Prefeitura de Extremoz investindo em um atendimento cada vez melhor, incentivando a melhoria cont\u00ednua e impulsionando o desenvolvimento econ\u00f4mico da nossa cidade.<\/figcaption><\/figure>\n","protected":false},"excerpt":{"rendered":"","protected":false},"author":1,"featured_media":0,"comment_status":"closed","ping_status":"","sticky":false,"template":"","format":"image","meta":{"site-sidebar-layout":"default","site-content-layout":"","ast-site-content-layout":"default","site-content-style":"default","site-sidebar-style":"default","ast-global-header-display":"","ast-banner-title-visibility":"","ast-main-header-display":"","ast-hfb-above-header-display":"","ast-hfb-below-header-display":"","ast-hfb-mobile-header-display":"","site-post-title":"","ast-breadcrumbs-content":"","ast-featured-img":"","footer-sml-layout":"","ast-disable-related-posts":"","theme-transparent-header-meta":"","adv-header-id-meta":"","stick-header-meta":"","header-above-stick-meta":"","header-main-stick-meta":"","header-below-stick-meta":"","astra-migrate-meta-layouts":"default","ast-page-background-enabled":"default","ast-page-background-meta":{"desktop":{"background-color":"var(--ast-global-color-4)","background-image":"","background-repeat":"repeat","background-position":"center center","background-size":"auto","background-attachment":"scroll","background-type":"","background-media":"","overlay-type":"","overlay-color":"","overlay-opacity":"","overlay-gradient":""},"tablet":{"background-color":"","background-image":"","background-repeat":"repeat","background-position":"center center","background-size":"auto","background-attachment":"scroll","background-type":"","background-media":"","overlay-type":"","overlay-color":"","overlay-opacity":"","overlay-gradient":""},"mobile":{"background-color":"","background-image":"","background-repeat":"repeat","background-position":"center center","background-size":"auto","background-attachment":"scroll","background-type":"","background-media":"","overlay-type":"","overlay-color":"","overlay-opacity":"","overlay-gradient":""}},"ast-content-background-meta":{"desktop":{"background-color":"var(--ast-global-color-5)","background-image":"","background-repeat":"repeat","background-position":"center center","background-size":"auto","background-attachment":"scroll","background-type":"","background-media":"","overlay-type":"","overlay-color":"","overlay-opacity":"","overlay-gradient":""},"tablet":{"background-color":"var(--ast-global-color-5)","background-image":"","background-repeat":"repeat","background-position":"center center","background-size":"auto","background-attachment":"scroll","background-type":"","background-media":"","overlay-type":"","overlay-color":"","overlay-opacity":"","overlay-gradient":""},"mobile":{"background-color":"var(--ast-global-color-5)","background-image":"","background-repeat":"repeat","background-position":"center center","background-size":"auto","background-attachment":"scroll","background-type":"","background-media":"","overlay-type":"","overlay-color":"","overlay-opacity":"","overlay-gradient":""}},"footnotes":""},"categories":[3841],"tags":[],"class_list":["post-30720","post","type-post","status-publish","format-image","hentry","category-prefeitura-de-extremoz","post_format-post-format-image"],"_links":{"self":[{"href":"https:\/\/noticiasnoface.com.br\/index.php\/wp-json\/wp\/v2\/posts\/30720","targetHints":{"allow":["GET"]}}],"collection":[{"href":"https:\/\/noticiasnoface.com.br\/index.php\/wp-json\/wp\/v2\/posts"}],"about":[{"href":"https:\/\/noticiasnoface.com.br\/index.php\/wp-json\/wp\/v2\/types\/post"}],"author":[{"embeddable":true,"href":"https:\/\/noticiasnoface.com.br\/index.php\/wp-json\/wp\/v2\/users\/1"}],"replies":[{"embeddable":true,"href":"https:\/\/noticiasnoface.com.br\/index.php\/wp-json\/wp\/v2\/comments?post=30720"}],"version-history":[{"count":1,"href":"https:\/\/noticiasnoface.com.br\/index.php\/wp-json\/wp\/v2\/posts\/30720\/revisions"}],"predecessor-version":[{"id":30721,"href":"https:\/\/noticiasnoface.com.br\/index.php\/wp-json\/wp\/v2\/posts\/30720\/revisions\/30721"}],"wp:attachment":[{"href":"https:\/\/noticiasnoface.com.br\/index.php\/wp-json\/wp\/v2\/media?parent=30720"}],"wp:term":[{"taxonomy":"category","embeddable":true,"href":"https:\/\/noticiasnoface.com.br\/index.php\/wp-json\/wp\/v2\/categories?post=30720"},{"taxonomy":"post_tag","embeddable":true,"href":"https:\/\/noticiasnoface.com.br\/index.php\/wp-json\/wp\/v2\/tags?post=30720"}],"curies":[{"name":"wp","href":"https:\/\/api.w.org\/{rel}","templated":true}]}}