{"id":30758,"date":"2025-12-19T22:01:46","date_gmt":"2025-12-20T01:01:46","guid":{"rendered":"https:\/\/noticiasnoface.com.br\/?p=30758"},"modified":"2025-12-19T22:01:46","modified_gmt":"2025-12-20T01:01:46","slug":"prefeitura-de-extremoz-paga-decimo-terceiro-salario-e-aquece-a-economia-local","status":"publish","type":"post","link":"https:\/\/noticiasnoface.com.br\/index.php\/2025\/12\/19\/prefeitura-de-extremoz-paga-decimo-terceiro-salario-e-aquece-a-economia-local\/","title":{"rendered":"Prefeitura de Extremoz paga d\u00e9cimo terceiro sal\u00e1rio e aquece a economia local"},"content":{"rendered":"\n<figure class=\"wp-block-image size-large\"><img data-opt-id=1380951071  fetchpriority=\"high\" decoding=\"async\" width=\"413\" height=\"552\" src=\"https:\/\/mlbfrsat7ahr.i.optimole.com\/w:auto\/h:auto\/q:mauto\/ig:avif\/https:\/\/noticiasnoface.com.br\/wp-content\/uploads\/2025\/12\/6529e40a-6d08-4d5e-90b3-1915c0f4e4ae.jpg\" class=\"wp-image-30757\" srcset=\"https:\/\/mlbfrsat7ahr.i.optimole.com\/w:413\/h:552\/q:mauto\/ig:avif\/https:\/\/noticiasnoface.com.br\/wp-content\/uploads\/2025\/12\/6529e40a-6d08-4d5e-90b3-1915c0f4e4ae.jpg 413w, https:\/\/mlbfrsat7ahr.i.optimole.com\/w:224\/h:300\/q:mauto\/ig:avif\/https:\/\/noticiasnoface.com.br\/wp-content\/uploads\/2025\/12\/6529e40a-6d08-4d5e-90b3-1915c0f4e4ae.jpg 224w\" sizes=\"(max-width: 413px) 100vw, 413px\" \/><\/figure>\n\n\n\n<p>A Prefeitura de Extremoz realizou, nesta sexta-feira (19), o pagamento do d\u00e9cimo terceiro sal\u00e1rio dos servidores municipais. A medida refor\u00e7a o compromisso da gest\u00e3o com o funcionalismo p\u00fablico e contribui diretamente para o aquecimento da economia local neste per\u00edodo de fim de ano.<\/p>\n\n\n\n<p>Com o recurso j\u00e1 dispon\u00edvel nas contas, a expectativa \u00e9 de aumento na movimenta\u00e7\u00e3o do com\u00e9rcio, especialmente nos setores de alimenta\u00e7\u00e3o, vestu\u00e1rio e servi\u00e7os, tradicionalmente impulsionados pela maior circula\u00e7\u00e3o de dinheiro neste per\u00edodo. Comerciantes avaliam que o pagamento antecipado fortalece a economia e contribui para a gera\u00e7\u00e3o de renda no munic\u00edpio.<\/p>\n\n\n\n<p>De acordo com a gest\u00e3o municipal, o pagamento em dia \u00e9 resultado de planejamento financeiro e responsabilidade fiscal, garantindo os direitos dos servidores e mantendo o equil\u00edbrio das contas p\u00fablicas. Al\u00e9m de valorizar os profissionais que atuam nos servi\u00e7os essenciais, a iniciativa tamb\u00e9m reflete positivamente na arrecada\u00e7\u00e3o e no desenvolvimento econ\u00f4mico de Extremoz.<\/p>\n\n\n\n<p>\u201cN\u00f3s temos o compromisso de manter sal\u00e1rios e direitos dos servidores em dia, reconhecendo o trabalho essencial que cada um desempenha para a nossa cidade. O d\u00e9cimo terceiro pago dentro do prazo \u00e9 uma conquista de todos\u201d, afirmou a prefeita Jussara Sales.<\/p>\n\n\n\n<p><\/p>\n","protected":false},"excerpt":{"rendered":"<p>A Prefeitura de Extremoz realizou, nesta sexta-feira (19), o pagamento do d\u00e9cimo terceiro sal\u00e1rio dos servidores municipais. A medida refor\u00e7a [&hellip;]<\/p>\n","protected":false},"author":1,"featured_media":0,"comment_status":"closed","ping_status":"","sticky":false,"template":"","format":"image","meta":{"site-sidebar-layout":"default","site-content-layout":"","ast-site-content-layout":"default","site-content-style":"default","site-sidebar-style":"default","ast-global-header-display":"","ast-banner-title-visibility":"","ast-main-header-display":"","ast-hfb-above-header-display":"","ast-hfb-below-header-display":"","ast-hfb-mobile-header-display":"","site-post-title":"","ast-breadcrumbs-content":"","ast-featured-img":"","footer-sml-layout":"","ast-disable-related-posts":"","theme-transparent-header-meta":"","adv-header-id-meta":"","stick-header-meta":"","header-above-stick-meta":"","header-main-stick-meta":"","header-below-stick-meta":"","astra-migrate-meta-layouts":"default","ast-page-background-enabled":"default","ast-page-background-meta":{"desktop":{"background-color":"var(--ast-global-color-4)","background-image":"","background-repeat":"repeat","background-position":"center center","background-size":"auto","background-attachment":"scroll","background-type":"","background-media":"","overlay-type":"","overlay-color":"","overlay-opacity":"","overlay-gradient":""},"tablet":{"background-color":"","background-image":"","background-repeat":"repeat","background-position":"center center","background-size":"auto","background-attachment":"scroll","background-type":"","background-media":"","overlay-type":"","overlay-color":"","overlay-opacity":"","overlay-gradient":""},"mobile":{"background-color":"","background-image":"","background-repeat":"repeat","background-position":"center center","background-size":"auto","background-attachment":"scroll","background-type":"","background-media":"","overlay-type":"","overlay-color":"","overlay-opacity":"","overlay-gradient":""}},"ast-content-background-meta":{"desktop":{"background-color":"var(--ast-global-color-5)","background-image":"","background-repeat":"repeat","background-position":"center center","background-size":"auto","background-attachment":"scroll","background-type":"","background-media":"","overlay-type":"","overlay-color":"","overlay-opacity":"","overlay-gradient":""},"tablet":{"background-color":"var(--ast-global-color-5)","background-image":"","background-repeat":"repeat","background-position":"center center","background-size":"auto","background-attachment":"scroll","background-type":"","background-media":"","overlay-type":"","overlay-color":"","overlay-opacity":"","overlay-gradient":""},"mobile":{"background-color":"var(--ast-global-color-5)","background-image":"","background-repeat":"repeat","background-position":"center center","background-size":"auto","background-attachment":"scroll","background-type":"","background-media":"","overlay-type":"","overlay-color":"","overlay-opacity":"","overlay-gradient":""}},"footnotes":""},"categories":[3841],"tags":[],"class_list":["post-30758","post","type-post","status-publish","format-image","hentry","category-prefeitura-de-extremoz","post_format-post-format-image"],"_links":{"self":[{"href":"https:\/\/noticiasnoface.com.br\/index.php\/wp-json\/wp\/v2\/posts\/30758","targetHints":{"allow":["GET"]}}],"collection":[{"href":"https:\/\/noticiasnoface.com.br\/index.php\/wp-json\/wp\/v2\/posts"}],"about":[{"href":"https:\/\/noticiasnoface.com.br\/index.php\/wp-json\/wp\/v2\/types\/post"}],"author":[{"embeddable":true,"href":"https:\/\/noticiasnoface.com.br\/index.php\/wp-json\/wp\/v2\/users\/1"}],"replies":[{"embeddable":true,"href":"https:\/\/noticiasnoface.com.br\/index.php\/wp-json\/wp\/v2\/comments?post=30758"}],"version-history":[{"count":1,"href":"https:\/\/noticiasnoface.com.br\/index.php\/wp-json\/wp\/v2\/posts\/30758\/revisions"}],"predecessor-version":[{"id":30759,"href":"https:\/\/noticiasnoface.com.br\/index.php\/wp-json\/wp\/v2\/posts\/30758\/revisions\/30759"}],"wp:attachment":[{"href":"https:\/\/noticiasnoface.com.br\/index.php\/wp-json\/wp\/v2\/media?parent=30758"}],"wp:term":[{"taxonomy":"category","embeddable":true,"href":"https:\/\/noticiasnoface.com.br\/index.php\/wp-json\/wp\/v2\/categories?post=30758"},{"taxonomy":"post_tag","embeddable":true,"href":"https:\/\/noticiasnoface.com.br\/index.php\/wp-json\/wp\/v2\/tags?post=30758"}],"curies":[{"name":"wp","href":"https:\/\/api.w.org\/{rel}","templated":true}]}}