{"id":31589,"date":"2026-03-14T19:50:37","date_gmt":"2026-03-14T22:50:37","guid":{"rendered":"https:\/\/noticiasnoface.com.br\/?p=31589"},"modified":"2026-03-14T19:50:37","modified_gmt":"2026-03-14T22:50:37","slug":"flopou-evento-do-pp-uniao-brasil-tem-mais-ausencias-politicas-do-que-presencas","status":"publish","type":"post","link":"https:\/\/noticiasnoface.com.br\/index.php\/2026\/03\/14\/flopou-evento-do-pp-uniao-brasil-tem-mais-ausencias-politicas-do-que-presencas\/","title":{"rendered":"FLOPOU: Evento do PP\/Uni\u00e3o Brasil tem mais aus\u00eancias pol\u00edticas do que presen\u00e7as"},"content":{"rendered":"\n<p><\/p>\n\n\n\n<figure class=\"wp-block-image\"><img data-opt-id=268925307  fetchpriority=\"high\" decoding=\"async\" src=\"https:\/\/98fmnatal.com.br\/98-core\/webp-express\/webp-images\/uploads\/2026\/03\/WhatsApp-Image-2026-03-14-at-16.59.57-1-900x615.jpeg.webp\" alt=\"\"\/><\/figure>\n\n\n\n<p>Foto: Pedro Henrique Brand\u00e3o\/ 98 FM<\/p>\n\n\n\n<p>Apesar do deputado estadual Kleber Rodrigues ter demonstrado for\u00e7a ao reunir apoiadores neste s\u00e1bado (14), o que mais chamou aten\u00e7\u00e3o no evento promovido pela federa\u00e7\u00e3o PP\/Uni\u00e3o Brasil para filia\u00e7\u00e3o de Kleber, foi o n\u00famero de aus\u00eancias de lideran\u00e7as pol\u00edticas.<\/p>\n\n\n\n<p>Nomes importantes do grupo n\u00e3o compareceram, entre eles o deputado federal Benes Leoc\u00e1dio, o ex-deputado Kelps Lima, al\u00e9m de lideran\u00e7as como os vereadores Matheus Faustino, Robson Carvalho, Camila Ara\u00fajo e o presidente da C\u00e2mara Municipal de Natal, \u00c9riko J\u00e1come.<\/p>\n\n\n\n<p>Dos grandes nomes da nominata para federal e estadual, s\u00f3 estiveram presentes Robinson Faria e Jo\u00e3o Maia.<\/p>\n\n\n\n<p>Outro ponto que chamou aten\u00e7\u00e3o foi a baixa presen\u00e7a de prefeitos ligados aos dois partidos.<\/p>\n\n\n\n<p>Um contraste entre a mobiliza\u00e7\u00e3o de apoiadores e a aus\u00eancia de figuras pol\u00edticas de peso acabou levantando questionamentos sobre a viabilidade da nominata do PP\/Uni\u00e3o Brasil. Se nem o articulador conseguiu reunir o grupo, deu \u00e1gua na federa\u00e7\u00e3o?<\/p>\n","protected":false},"excerpt":{"rendered":"<p>Foto: Pedro Henrique Brand\u00e3o\/ 98 FM Apesar do deputado estadual Kleber Rodrigues ter demonstrado for\u00e7a ao reunir apoiadores neste s\u00e1bado [&hellip;]<\/p>\n","protected":false},"author":1,"featured_media":0,"comment_status":"closed","ping_status":"","sticky":false,"template":"","format":"image","meta":{"site-sidebar-layout":"default","site-content-layout":"","ast-site-content-layout":"default","site-content-style":"default","site-sidebar-style":"default","ast-global-header-display":"","ast-banner-title-visibility":"","ast-main-header-display":"","ast-hfb-above-header-display":"","ast-hfb-below-header-display":"","ast-hfb-mobile-header-display":"","site-post-title":"","ast-breadcrumbs-content":"","ast-featured-img":"","footer-sml-layout":"","ast-disable-related-posts":"","theme-transparent-header-meta":"","adv-header-id-meta":"","stick-header-meta":"","header-above-stick-meta":"","header-main-stick-meta":"","header-below-stick-meta":"","astra-migrate-meta-layouts":"default","ast-page-background-enabled":"default","ast-page-background-meta":{"desktop":{"background-color":"var(--ast-global-color-4)","background-image":"","background-repeat":"repeat","background-position":"center center","background-size":"auto","background-attachment":"scroll","background-type":"","background-media":"","overlay-type":"","overlay-color":"","overlay-opacity":"","overlay-gradient":""},"tablet":{"background-color":"","background-image":"","background-repeat":"repeat","background-position":"center center","background-size":"auto","background-attachment":"scroll","background-type":"","background-media":"","overlay-type":"","overlay-color":"","overlay-opacity":"","overlay-gradient":""},"mobile":{"background-color":"","background-image":"","background-repeat":"repeat","background-position":"center center","background-size":"auto","background-attachment":"scroll","background-type":"","background-media":"","overlay-type":"","overlay-color":"","overlay-opacity":"","overlay-gradient":""}},"ast-content-background-meta":{"desktop":{"background-color":"var(--ast-global-color-5)","background-image":"","background-repeat":"repeat","background-position":"center center","background-size":"auto","background-attachment":"scroll","background-type":"","background-media":"","overlay-type":"","overlay-color":"","overlay-opacity":"","overlay-gradient":""},"tablet":{"background-color":"var(--ast-global-color-5)","background-image":"","background-repeat":"repeat","background-position":"center center","background-size":"auto","background-attachment":"scroll","background-type":"","background-media":"","overlay-type":"","overlay-color":"","overlay-opacity":"","overlay-gradient":""},"mobile":{"background-color":"var(--ast-global-color-5)","background-image":"","background-repeat":"repeat","background-position":"center center","background-size":"auto","background-attachment":"scroll","background-type":"","background-media":"","overlay-type":"","overlay-color":"","overlay-opacity":"","overlay-gradient":""}},"footnotes":""},"categories":[517],"tags":[],"class_list":["post-31589","post","type-post","status-publish","format-image","hentry","category-aconteceu","post_format-post-format-image"],"_links":{"self":[{"href":"https:\/\/noticiasnoface.com.br\/index.php\/wp-json\/wp\/v2\/posts\/31589","targetHints":{"allow":["GET"]}}],"collection":[{"href":"https:\/\/noticiasnoface.com.br\/index.php\/wp-json\/wp\/v2\/posts"}],"about":[{"href":"https:\/\/noticiasnoface.com.br\/index.php\/wp-json\/wp\/v2\/types\/post"}],"author":[{"embeddable":true,"href":"https:\/\/noticiasnoface.com.br\/index.php\/wp-json\/wp\/v2\/users\/1"}],"replies":[{"embeddable":true,"href":"https:\/\/noticiasnoface.com.br\/index.php\/wp-json\/wp\/v2\/comments?post=31589"}],"version-history":[{"count":1,"href":"https:\/\/noticiasnoface.com.br\/index.php\/wp-json\/wp\/v2\/posts\/31589\/revisions"}],"predecessor-version":[{"id":31590,"href":"https:\/\/noticiasnoface.com.br\/index.php\/wp-json\/wp\/v2\/posts\/31589\/revisions\/31590"}],"wp:attachment":[{"href":"https:\/\/noticiasnoface.com.br\/index.php\/wp-json\/wp\/v2\/media?parent=31589"}],"wp:term":[{"taxonomy":"category","embeddable":true,"href":"https:\/\/noticiasnoface.com.br\/index.php\/wp-json\/wp\/v2\/categories?post=31589"},{"taxonomy":"post_tag","embeddable":true,"href":"https:\/\/noticiasnoface.com.br\/index.php\/wp-json\/wp\/v2\/tags?post=31589"}],"curies":[{"name":"wp","href":"https:\/\/api.w.org\/{rel}","templated":true}]}}