{"id":31594,"date":"2026-03-14T21:49:42","date_gmt":"2026-03-15T00:49:42","guid":{"rendered":"https:\/\/noticiasnoface.com.br\/?p=31594"},"modified":"2026-03-14T21:49:42","modified_gmt":"2026-03-15T00:49:42","slug":"lucas-guedez-se-pronuncia-apos-acusacao-de-abandono-animal","status":"publish","type":"post","link":"https:\/\/noticiasnoface.com.br\/index.php\/2026\/03\/14\/lucas-guedez-se-pronuncia-apos-acusacao-de-abandono-animal\/","title":{"rendered":"Lucas Guedez se pronuncia ap\u00f3s acusa\u00e7\u00e3o de abandono animal"},"content":{"rendered":"\n<h2 class=\"wp-block-heading subhead\">Influenciador explicou contexto que levou a internet a dizer que sua cachorrinha foi negligenciada<\/h2>\n\n\n\n<p>14\/03\/26 \u00e0s 21:26&nbsp;|&nbsp;Atualizado&nbsp;14\/03\/26 \u00e0s 21:30<\/p>\n\n\n\n<figure class=\"wp-block-image\"><img data-opt-id=1811755343  fetchpriority=\"high\" decoding=\"async\" src=\"https:\/\/admin.cnnbrasil.com.br\/wp-content\/uploads\/sites\/12\/2026\/03\/lucas-guedez.png?w=419&amp;h=283&amp;crop=0\" alt=\"Lucas Guedez se pronunciou sobre acusa\u00e7\u00e3o de abandono animal\"\/><figcaption class=\"wp-element-caption\">Lucas Guedez se pronunciou sobre acusa\u00e7\u00e3o de abandono animal&nbsp; \u2022&nbsp;Instagram\/Lucas Guedez<\/figcaption><\/figure>\n\n\n\n<p><\/p>\n\n\n\n<p>O influenciador&nbsp;<strong>Lucas Guedez<\/strong>, 30, se pronunciou nas redes sociais neste s\u00e1bado (14) ap\u00f3s&nbsp;<strong>rumores de que ele teria abandonado um cachorro que adotou tomarem a internet.<\/strong><\/p>\n\n\n\n<p>&#8220;\u00c9 uma mentira da qual est\u00e3o me acusando. Estou sendo&nbsp;<a href=\"https:\/\/www.cnnbrasil.com.br\/entretenimento\/ator-de-tres-gracas-foi-enquadrado-durante-cena-de-roubo-entenda\/\" target=\"_blank\" rel=\"noreferrer noopener\">acusado<\/a>&nbsp;de abandono de animal e vou provar para voc\u00eas que isso \u00e9 uma grande mentira. [&#8230;] Ent\u00e3o vim aqui me&nbsp;<a href=\"https:\/\/www.cnnbrasil.com.br\/entretenimento\/esposa-de-amado-batista-homenageia-enteada-que-morreu-faz-muita-falta\/\" target=\"_blank\" rel=\"noreferrer noopener\">pronunciar<\/a>tamb\u00e9m pelas amea\u00e7as que estou recebendo&#8221;, disse.<\/p>\n","protected":false},"excerpt":{"rendered":"<p>Influenciador explicou contexto que levou a internet a dizer que sua cachorrinha foi negligenciada 14\/03\/26 \u00e0s 21:26&nbsp;|&nbsp;Atualizado&nbsp;14\/03\/26 \u00e0s 21:30 O [&hellip;]<\/p>\n","protected":false},"author":1,"featured_media":0,"comment_status":"closed","ping_status":"","sticky":false,"template":"","format":"image","meta":{"site-sidebar-layout":"default","site-content-layout":"","ast-site-content-layout":"default","site-content-style":"default","site-sidebar-style":"default","ast-global-header-display":"","ast-banner-title-visibility":"","ast-main-header-display":"","ast-hfb-above-header-display":"","ast-hfb-below-header-display":"","ast-hfb-mobile-header-display":"","site-post-title":"","ast-breadcrumbs-content":"","ast-featured-img":"","footer-sml-layout":"","ast-disable-related-posts":"","theme-transparent-header-meta":"","adv-header-id-meta":"","stick-header-meta":"","header-above-stick-meta":"","header-main-stick-meta":"","header-below-stick-meta":"","astra-migrate-meta-layouts":"default","ast-page-background-enabled":"default","ast-page-background-meta":{"desktop":{"background-color":"var(--ast-global-color-4)","background-image":"","background-repeat":"repeat","background-position":"center center","background-size":"auto","background-attachment":"scroll","background-type":"","background-media":"","overlay-type":"","overlay-color":"","overlay-opacity":"","overlay-gradient":""},"tablet":{"background-color":"","background-image":"","background-repeat":"repeat","background-position":"center center","background-size":"auto","background-attachment":"scroll","background-type":"","background-media":"","overlay-type":"","overlay-color":"","overlay-opacity":"","overlay-gradient":""},"mobile":{"background-color":"","background-image":"","background-repeat":"repeat","background-position":"center center","background-size":"auto","background-attachment":"scroll","background-type":"","background-media":"","overlay-type":"","overlay-color":"","overlay-opacity":"","overlay-gradient":""}},"ast-content-background-meta":{"desktop":{"background-color":"var(--ast-global-color-5)","background-image":"","background-repeat":"repeat","background-position":"center center","background-size":"auto","background-attachment":"scroll","background-type":"","background-media":"","overlay-type":"","overlay-color":"","overlay-opacity":"","overlay-gradient":""},"tablet":{"background-color":"var(--ast-global-color-5)","background-image":"","background-repeat":"repeat","background-position":"center center","background-size":"auto","background-attachment":"scroll","background-type":"","background-media":"","overlay-type":"","overlay-color":"","overlay-opacity":"","overlay-gradient":""},"mobile":{"background-color":"var(--ast-global-color-5)","background-image":"","background-repeat":"repeat","background-position":"center center","background-size":"auto","background-attachment":"scroll","background-type":"","background-media":"","overlay-type":"","overlay-color":"","overlay-opacity":"","overlay-gradient":""}},"footnotes":""},"categories":[517],"tags":[],"class_list":["post-31594","post","type-post","status-publish","format-image","hentry","category-aconteceu","post_format-post-format-image"],"_links":{"self":[{"href":"https:\/\/noticiasnoface.com.br\/index.php\/wp-json\/wp\/v2\/posts\/31594","targetHints":{"allow":["GET"]}}],"collection":[{"href":"https:\/\/noticiasnoface.com.br\/index.php\/wp-json\/wp\/v2\/posts"}],"about":[{"href":"https:\/\/noticiasnoface.com.br\/index.php\/wp-json\/wp\/v2\/types\/post"}],"author":[{"embeddable":true,"href":"https:\/\/noticiasnoface.com.br\/index.php\/wp-json\/wp\/v2\/users\/1"}],"replies":[{"embeddable":true,"href":"https:\/\/noticiasnoface.com.br\/index.php\/wp-json\/wp\/v2\/comments?post=31594"}],"version-history":[{"count":1,"href":"https:\/\/noticiasnoface.com.br\/index.php\/wp-json\/wp\/v2\/posts\/31594\/revisions"}],"predecessor-version":[{"id":31595,"href":"https:\/\/noticiasnoface.com.br\/index.php\/wp-json\/wp\/v2\/posts\/31594\/revisions\/31595"}],"wp:attachment":[{"href":"https:\/\/noticiasnoface.com.br\/index.php\/wp-json\/wp\/v2\/media?parent=31594"}],"wp:term":[{"taxonomy":"category","embeddable":true,"href":"https:\/\/noticiasnoface.com.br\/index.php\/wp-json\/wp\/v2\/categories?post=31594"},{"taxonomy":"post_tag","embeddable":true,"href":"https:\/\/noticiasnoface.com.br\/index.php\/wp-json\/wp\/v2\/tags?post=31594"}],"curies":[{"name":"wp","href":"https:\/\/api.w.org\/{rel}","templated":true}]}}