{"id":31612,"date":"2026-03-15T20:20:35","date_gmt":"2026-03-15T23:20:35","guid":{"rendered":"https:\/\/noticiasnoface.com.br\/?p=31612"},"modified":"2026-03-17T20:57:57","modified_gmt":"2026-03-17T23:57:57","slug":"ministro-do-trabalho-e-emprego-diz-que-empresas-nao-terao-compensacao-financeira-com-fim-da-escala","status":"publish","type":"post","link":"https:\/\/noticiasnoface.com.br\/index.php\/2026\/03\/15\/ministro-do-trabalho-e-emprego-diz-que-empresas-nao-terao-compensacao-financeira-com-fim-da-escala\/","title":{"rendered":"Workshop de maquiagem corporativa prop\u00f5e a\u00e7\u00e3o de autocuidado \u00e0 servidoras da Casa Legislativa"},"content":{"rendered":"\n<figure class=\"wp-block-image\"><img data-opt-id=1225664933  fetchpriority=\"high\" decoding=\"async\" src=\"https:\/\/camaraparnamirim.rn.gov.br\/storage\/media\/article_featured\/2026\/03\/11606\/IMG_1008.jpg\" alt=\"Workshop de maquiagem corporativa prop\u00f5e a\u00e7\u00e3o de autocuidado \u00e0 servidoras da Casa Legislativa\"\/><\/figure>\n\n\n\n<p>A C\u00e2mara Municipal de Parnamirim, por meio da Escola do Legislativo, realizou nesta segunda-feira (16), no Plenarinho Prof\u00aa Eva L\u00facia, o workshop de maquiagem corporativa, voltado \u00e0s servidoras da Casa Legislativa. A iniciativa teve como objetivo promover a valoriza\u00e7\u00e3o profissional e o fortalecimento da autoestima no ambiente de trabalho, por meio de uma aula expositiva com orienta\u00e7\u00f5es e dicas pr\u00e1ticas sobre maquiagem adequada ao contexto corporativo.<\/p>\n\n\n\n<p>A atividade foi ministrada pela profissional da beleza Ang\u00e9lica Caldas, que iniciou a programa\u00e7\u00e3o destacando a import\u00e2ncia da maquiagem como ferramenta de cuidado pessoal e confian\u00e7a no dia a dia profissional. \u201cO curso de hoje \u00e9 uma oportunidade \u00fanica para entender a import\u00e2ncia da maquiagem e a autoestima no ambiente corporativo\u201d, ressaltou.&nbsp;<\/p>\n\n\n\n<p>A diretora da Escola do Legislativo, H\u00edgia Aciole, tamb\u00e9m destacou a relev\u00e2ncia da a\u00e7\u00e3o para o desenvolvimento e bem-estar das servidoras. \u201cO workshop \u00e9 uma forma de incentivar e valorizar o autocuidado feminino, que muitas vezes fica em segundo plano diante da rotina corrida\u201d, afirmou.&nbsp;<\/p>\n\n\n\n<hr class=\"wp-block-separator has-alpha-channel-opacity\"\/>\n\n\n\n<p class=\"text-muted mt-3\">Sophia Ara\u00fajo<\/p>\n\n\n\n<p><\/p>\n\n\n\n<p><\/p>\n\n\n\n<p><\/p>\n\n\n\n<p><\/p>\n","protected":false},"excerpt":{"rendered":"<p>A C\u00e2mara Municipal de Parnamirim, por meio da Escola do Legislativo, realizou nesta segunda-feira (16), no Plenarinho Prof\u00aa Eva L\u00facia, [&hellip;]<\/p>\n","protected":false},"author":1,"featured_media":0,"comment_status":"closed","ping_status":"","sticky":false,"template":"","format":"image","meta":{"site-sidebar-layout":"default","site-content-layout":"","ast-site-content-layout":"default","site-content-style":"default","site-sidebar-style":"default","ast-global-header-display":"","ast-banner-title-visibility":"","ast-main-header-display":"","ast-hfb-above-header-display":"","ast-hfb-below-header-display":"","ast-hfb-mobile-header-display":"","site-post-title":"","ast-breadcrumbs-content":"","ast-featured-img":"","footer-sml-layout":"","ast-disable-related-posts":"","theme-transparent-header-meta":"","adv-header-id-meta":"","stick-header-meta":"","header-above-stick-meta":"","header-main-stick-meta":"","header-below-stick-meta":"","astra-migrate-meta-layouts":"default","ast-page-background-enabled":"default","ast-page-background-meta":{"desktop":{"background-color":"var(--ast-global-color-4)","background-image":"","background-repeat":"repeat","background-position":"center center","background-size":"auto","background-attachment":"scroll","background-type":"","background-media":"","overlay-type":"","overlay-color":"","overlay-opacity":"","overlay-gradient":""},"tablet":{"background-color":"","background-image":"","background-repeat":"repeat","background-position":"center center","background-size":"auto","background-attachment":"scroll","background-type":"","background-media":"","overlay-type":"","overlay-color":"","overlay-opacity":"","overlay-gradient":""},"mobile":{"background-color":"","background-image":"","background-repeat":"repeat","background-position":"center center","background-size":"auto","background-attachment":"scroll","background-type":"","background-media":"","overlay-type":"","overlay-color":"","overlay-opacity":"","overlay-gradient":""}},"ast-content-background-meta":{"desktop":{"background-color":"var(--ast-global-color-5)","background-image":"","background-repeat":"repeat","background-position":"center center","background-size":"auto","background-attachment":"scroll","background-type":"","background-media":"","overlay-type":"","overlay-color":"","overlay-opacity":"","overlay-gradient":""},"tablet":{"background-color":"var(--ast-global-color-5)","background-image":"","background-repeat":"repeat","background-position":"center center","background-size":"auto","background-attachment":"scroll","background-type":"","background-media":"","overlay-type":"","overlay-color":"","overlay-opacity":"","overlay-gradient":""},"mobile":{"background-color":"var(--ast-global-color-5)","background-image":"","background-repeat":"repeat","background-position":"center center","background-size":"auto","background-attachment":"scroll","background-type":"","background-media":"","overlay-type":"","overlay-color":"","overlay-opacity":"","overlay-gradient":""}},"footnotes":""},"categories":[3817],"tags":[],"class_list":["post-31612","post","type-post","status-publish","format-image","hentry","category-camara-municipal-de-parnamirim","post_format-post-format-image"],"_links":{"self":[{"href":"https:\/\/noticiasnoface.com.br\/index.php\/wp-json\/wp\/v2\/posts\/31612","targetHints":{"allow":["GET"]}}],"collection":[{"href":"https:\/\/noticiasnoface.com.br\/index.php\/wp-json\/wp\/v2\/posts"}],"about":[{"href":"https:\/\/noticiasnoface.com.br\/index.php\/wp-json\/wp\/v2\/types\/post"}],"author":[{"embeddable":true,"href":"https:\/\/noticiasnoface.com.br\/index.php\/wp-json\/wp\/v2\/users\/1"}],"replies":[{"embeddable":true,"href":"https:\/\/noticiasnoface.com.br\/index.php\/wp-json\/wp\/v2\/comments?post=31612"}],"version-history":[{"count":2,"href":"https:\/\/noticiasnoface.com.br\/index.php\/wp-json\/wp\/v2\/posts\/31612\/revisions"}],"predecessor-version":[{"id":31638,"href":"https:\/\/noticiasnoface.com.br\/index.php\/wp-json\/wp\/v2\/posts\/31612\/revisions\/31638"}],"wp:attachment":[{"href":"https:\/\/noticiasnoface.com.br\/index.php\/wp-json\/wp\/v2\/media?parent=31612"}],"wp:term":[{"taxonomy":"category","embeddable":true,"href":"https:\/\/noticiasnoface.com.br\/index.php\/wp-json\/wp\/v2\/categories?post=31612"},{"taxonomy":"post_tag","embeddable":true,"href":"https:\/\/noticiasnoface.com.br\/index.php\/wp-json\/wp\/v2\/tags?post=31612"}],"curies":[{"name":"wp","href":"https:\/\/api.w.org\/{rel}","templated":true}]}}