{"id":31622,"date":"2026-03-16T21:52:19","date_gmt":"2026-03-17T00:52:19","guid":{"rendered":"https:\/\/noticiasnoface.com.br\/?p=31622"},"modified":"2026-03-16T21:52:19","modified_gmt":"2026-03-17T00:52:19","slug":"lulinha-cada-vez-mais-enrrolado","status":"publish","type":"post","link":"https:\/\/noticiasnoface.com.br\/index.php\/2026\/03\/16\/lulinha-cada-vez-mais-enrrolado\/","title":{"rendered":"Lulinha cada vez mais enrrolado"},"content":{"rendered":"\n<figure class=\"wp-block-image size-large\"><img data-opt-id=100327310  fetchpriority=\"high\" decoding=\"async\" width=\"643\" height=\"426\" src=\"https:\/\/mlbfrsat7ahr.i.optimole.com\/w:auto\/h:auto\/q:mauto\/ig:avif\/https:\/\/noticiasnoface.com.br\/wp-content\/uploads\/2026\/03\/img_8129.jpg\" class=\"wp-image-31621\" srcset=\"https:\/\/mlbfrsat7ahr.i.optimole.com\/w:643\/h:426\/q:mauto\/ig:avif\/https:\/\/noticiasnoface.com.br\/wp-content\/uploads\/2026\/03\/img_8129.jpg 643w, https:\/\/mlbfrsat7ahr.i.optimole.com\/w:300\/h:199\/q:mauto\/ig:avif\/https:\/\/noticiasnoface.com.br\/wp-content\/uploads\/2026\/03\/img_8129.jpg 300w\" sizes=\"(max-width: 643px) 100vw, 643px\" \/><figcaption class=\"wp-element-caption\"><br>A defesa de F\u00e1bio Lu\u00eds Lula da Silva, o Lulinha, informou ao ministro Andr\u00e9 Mendon\u00e7a, do STF, que a viagem do filho do presidente Lula (PT) a Portugal teve despesas pagas pelo empres\u00e1rio Ant\u00f4nio Carlos Camilo Antunes, conhecido como \u201cCareca do INSS\u201d, preso sob suspeita de envolvimento em esquema de desvios relacionados a aposentados.<br>As informa\u00e7\u00f5es foram apresentadas formalmente nesta segunda-feira (16) ao STF, segundo a defesa. De acordo com os advogados, a manifesta\u00e7\u00e3o ocorreu no \u00e2mbito de apura\u00e7\u00e3o que tramita na Corte.<br>O advogado Guilherme Suguimori afirmou \u00e0 CNN Brasil que Lulinha n\u00e3o firmou qualquer neg\u00f3cio com o empres\u00e1rio nem recebeu valores al\u00e9m das despesas da viagem. Segundo a defesa, n\u00e3o houve rela\u00e7\u00e3o comercial entre as partes.<br>De acordo com a peti\u00e7\u00e3o enviada ao Supremo, Lulinha afirma que conheceu Ant\u00f4nio Carlos por interm\u00e9dio de uma amiga, em 2024, e que o empres\u00e1rio foi apresentado como atuante no setor farmac\u00eautico. A defesa tamb\u00e9m informou que o interesse inicial na aproxima\u00e7\u00e3o teria rela\u00e7\u00e3o com um projeto ligado \u00e0 produ\u00e7\u00e3o de canabidiol medicinal, tema mencionado na manifesta\u00e7\u00e3o.<br>At\u00e9 o momento, conforme informa\u00e7\u00f5es apresentadas pela defesa, Lulinha nega ter conhecimento de qualquer irregularidade atribu\u00edda ao empres\u00e1rio no \u00e2mbito das investiga\u00e7\u00f5es relacionadas ao INSS.<\/figcaption><\/figure>\n","protected":false},"excerpt":{"rendered":"","protected":false},"author":1,"featured_media":0,"comment_status":"closed","ping_status":"","sticky":false,"template":"","format":"image","meta":{"site-sidebar-layout":"default","site-content-layout":"","ast-site-content-layout":"default","site-content-style":"default","site-sidebar-style":"default","ast-global-header-display":"","ast-banner-title-visibility":"","ast-main-header-display":"","ast-hfb-above-header-display":"","ast-hfb-below-header-display":"","ast-hfb-mobile-header-display":"","site-post-title":"","ast-breadcrumbs-content":"","ast-featured-img":"","footer-sml-layout":"","ast-disable-related-posts":"","theme-transparent-header-meta":"","adv-header-id-meta":"","stick-header-meta":"","header-above-stick-meta":"","header-main-stick-meta":"","header-below-stick-meta":"","astra-migrate-meta-layouts":"default","ast-page-background-enabled":"default","ast-page-background-meta":{"desktop":{"background-color":"var(--ast-global-color-4)","background-image":"","background-repeat":"repeat","background-position":"center center","background-size":"auto","background-attachment":"scroll","background-type":"","background-media":"","overlay-type":"","overlay-color":"","overlay-opacity":"","overlay-gradient":""},"tablet":{"background-color":"","background-image":"","background-repeat":"repeat","background-position":"center center","background-size":"auto","background-attachment":"scroll","background-type":"","background-media":"","overlay-type":"","overlay-color":"","overlay-opacity":"","overlay-gradient":""},"mobile":{"background-color":"","background-image":"","background-repeat":"repeat","background-position":"center center","background-size":"auto","background-attachment":"scroll","background-type":"","background-media":"","overlay-type":"","overlay-color":"","overlay-opacity":"","overlay-gradient":""}},"ast-content-background-meta":{"desktop":{"background-color":"var(--ast-global-color-5)","background-image":"","background-repeat":"repeat","background-position":"center center","background-size":"auto","background-attachment":"scroll","background-type":"","background-media":"","overlay-type":"","overlay-color":"","overlay-opacity":"","overlay-gradient":""},"tablet":{"background-color":"var(--ast-global-color-5)","background-image":"","background-repeat":"repeat","background-position":"center center","background-size":"auto","background-attachment":"scroll","background-type":"","background-media":"","overlay-type":"","overlay-color":"","overlay-opacity":"","overlay-gradient":""},"mobile":{"background-color":"var(--ast-global-color-5)","background-image":"","background-repeat":"repeat","background-position":"center center","background-size":"auto","background-attachment":"scroll","background-type":"","background-media":"","overlay-type":"","overlay-color":"","overlay-opacity":"","overlay-gradient":""}},"footnotes":""},"categories":[517],"tags":[],"class_list":["post-31622","post","type-post","status-publish","format-image","hentry","category-aconteceu","post_format-post-format-image"],"_links":{"self":[{"href":"https:\/\/noticiasnoface.com.br\/index.php\/wp-json\/wp\/v2\/posts\/31622","targetHints":{"allow":["GET"]}}],"collection":[{"href":"https:\/\/noticiasnoface.com.br\/index.php\/wp-json\/wp\/v2\/posts"}],"about":[{"href":"https:\/\/noticiasnoface.com.br\/index.php\/wp-json\/wp\/v2\/types\/post"}],"author":[{"embeddable":true,"href":"https:\/\/noticiasnoface.com.br\/index.php\/wp-json\/wp\/v2\/users\/1"}],"replies":[{"embeddable":true,"href":"https:\/\/noticiasnoface.com.br\/index.php\/wp-json\/wp\/v2\/comments?post=31622"}],"version-history":[{"count":1,"href":"https:\/\/noticiasnoface.com.br\/index.php\/wp-json\/wp\/v2\/posts\/31622\/revisions"}],"predecessor-version":[{"id":31623,"href":"https:\/\/noticiasnoface.com.br\/index.php\/wp-json\/wp\/v2\/posts\/31622\/revisions\/31623"}],"wp:attachment":[{"href":"https:\/\/noticiasnoface.com.br\/index.php\/wp-json\/wp\/v2\/media?parent=31622"}],"wp:term":[{"taxonomy":"category","embeddable":true,"href":"https:\/\/noticiasnoface.com.br\/index.php\/wp-json\/wp\/v2\/categories?post=31622"},{"taxonomy":"post_tag","embeddable":true,"href":"https:\/\/noticiasnoface.com.br\/index.php\/wp-json\/wp\/v2\/tags?post=31622"}],"curies":[{"name":"wp","href":"https:\/\/api.w.org\/{rel}","templated":true}]}}