{"id":31628,"date":"2026-03-16T21:53:23","date_gmt":"2026-03-17T00:53:23","guid":{"rendered":"https:\/\/noticiasnoface.com.br\/?p=31628"},"modified":"2026-03-16T21:53:44","modified_gmt":"2026-03-17T00:53:44","slug":"sala-lilas-comissao-aprova-pl-que-cria-espaco-de-acolhimento-a-mulheres","status":"publish","type":"post","link":"https:\/\/noticiasnoface.com.br\/index.php\/2026\/03\/16\/sala-lilas-comissao-aprova-pl-que-cria-espaco-de-acolhimento-a-mulheres\/","title":{"rendered":"Sala Lil\u00e1s: Comiss\u00e3o aprova PL que cria espa\u00e7o de acolhimento a mulheres&nbsp;"},"content":{"rendered":"\n<figure class=\"wp-block-image foto-noticia\"><img data-opt-id=288718371  fetchpriority=\"high\" decoding=\"async\" src=\"https:\/\/www.cmnat.rn.gov.br\/_ups\/noticias\/2026\/03\/16\/e393942aa36ff3c238ecefb818de9263.jpeg\" alt=\"\"\/><\/figure>\n\n\n\n<p>A Comiss\u00e3o de Sa\u00fade, Previd\u00eancia e Assist\u00eancia Social da C\u00e2mara Municipal de Natal deu parecer favor\u00e1vel, durante uma reuni\u00e3o nesta segunda-feira (16), aos cinco projetos de leis que estavam na pauta de vota\u00e7\u00e3o. Destaque para o PL 8\/2026, apresentado pelo presidente da Casa, vereador Eriko J\u00e1come (PP), que institui o Programa Municipal Sala Lil\u00e1s, voltado ao acolhimento e prote\u00e7\u00e3o da mulher em situa\u00e7\u00e3o de vulnerabilidade, viol\u00eancia, ass\u00e9dio ou amea\u00e7a, especialmente em locais de grande circula\u00e7\u00e3o de pessoas.&nbsp;<\/p>\n\n\n\n<p>Pelo texto, a proposta chega com a finalidade de incentivar a cria\u00e7\u00e3o de espa\u00e7os seguros, reservados e humanizados destinados ao acolhimento, orienta\u00e7\u00e3o e prote\u00e7\u00e3o de mulheres. A ades\u00e3o ao Programa Sala Lil\u00e1s ser\u00e1 volunt\u00e1ria, podendo ser realizada por pessoas f\u00edsicas ou jur\u00eddicas respons\u00e1veis por estabelecimentos privados, espa\u00e7os de uso coletivo ou pela organiza\u00e7\u00e3o de eventos interessados.<\/p>\n\n\n\n<p>&#8220;Dei meu parecer favor\u00e1vel ao projeto de lei que cria o Programa Municipal Sala Lil\u00e1s de Acolhimento e Prote\u00e7\u00e3o da Mulher com total convic\u00e7\u00e3o porque sei da import\u00e2ncia que esta proposi\u00e7\u00e3o ter\u00e1 para as mulheres. Poder\u00e3o integrar o Programa Sala Lil\u00e1s os estabelecimentos, espa\u00e7os ou eventos caracterizados pela grande circula\u00e7\u00e3o de pessoas como shopping centers, est\u00e1dios, arenas esportivas, casas de shows, centros de conven\u00e7\u00f5es e espa\u00e7os similares. Portanto, considero um passo adiante no fortalecimento da rede de apoio \u00e0s mulheres natalenses&#8221;, pontuou o presidente da Comiss\u00e3o de Sa\u00fade, vereador Luciano Nascimento (PSD).<\/p>\n\n\n\n<p>Outro destaque foi a aprova\u00e7\u00e3o do PL 386\/2023, de autoria do ex-vereador Dickson Nasser J\u00fanior, que disp\u00f5e sobre a cria\u00e7\u00e3o do programa Creche para Idosos na capital potiguar, que conceder\u00e1 aten\u00e7\u00e3o especial ao idoso, objetivando proporcionar-lhe acolhimento, abrigo diurno, cuidados, prote\u00e7\u00e3o e conviv\u00eancia adequados a suas necessidades. De acordo com o texto, a iniciativa visa o atendimento \u00e0s pessoas idosas com 60 anos ou mais, cujas fam\u00edlias sejam consideradas de baixa renda, inscritas em programa governamental e em situa\u00e7\u00e3o de vulnerabilidade ou risco social, al\u00e9m da preven\u00e7\u00e3o ao isolamento e institucionaliza\u00e7\u00e3o da pessoa idosa, promovendo o fortalecimento dos v\u00ednculos familiares.<\/p>\n\n\n\n<p>&#8220;A proposi\u00e7\u00e3o pretende criar \u2018creches\u2019 para idosos, onde eles possam passar o dia com atividades, oficinas e refei\u00e7\u00f5es, e \u00e0 noite retornarem para suas fam\u00edlias. O objetivo \u00e9 melhorar a qualidade de vida dos idosos, dar suporte aos familiares e facilitar o retorno deles ao mercado de trabalho. O projeto est\u00e1 sendo discutido na Prefeitura de Natal e h\u00e1 expectativa de que se torne lei&#8221;, afirmou o vereador Daniel Santiago (PP), que subscreveu a mat\u00e9ria.<\/p>\n\n\n\n<p>Tamb\u00e9m participaram do encontro os vereadores Herberth Sena (PV) e Cleiton da Policl\u00ednica (PSDB).&nbsp;&nbsp;<\/p>\n\n\n\n<p><em><strong>Texto: Junior Martins<br \/>Fotos: Ver\u00f4nica Macedo<\/strong><\/em><\/p>\n","protected":false},"excerpt":{"rendered":"<p>A Comiss\u00e3o de Sa\u00fade, Previd\u00eancia e Assist\u00eancia Social da C\u00e2mara Municipal de Natal deu parecer favor\u00e1vel, durante uma reuni\u00e3o nesta [&hellip;]<\/p>\n","protected":false},"author":1,"featured_media":0,"comment_status":"closed","ping_status":"","sticky":false,"template":"","format":"image","meta":{"site-sidebar-layout":"default","site-content-layout":"","ast-site-content-layout":"default","site-content-style":"default","site-sidebar-style":"default","ast-global-header-display":"","ast-banner-title-visibility":"","ast-main-header-display":"","ast-hfb-above-header-display":"","ast-hfb-below-header-display":"","ast-hfb-mobile-header-display":"","site-post-title":"","ast-breadcrumbs-content":"","ast-featured-img":"","footer-sml-layout":"","ast-disable-related-posts":"","theme-transparent-header-meta":"","adv-header-id-meta":"","stick-header-meta":"","header-above-stick-meta":"","header-main-stick-meta":"","header-below-stick-meta":"","astra-migrate-meta-layouts":"default","ast-page-background-enabled":"default","ast-page-background-meta":{"desktop":{"background-color":"var(--ast-global-color-4)","background-image":"","background-repeat":"repeat","background-position":"center center","background-size":"auto","background-attachment":"scroll","background-type":"","background-media":"","overlay-type":"","overlay-color":"","overlay-opacity":"","overlay-gradient":""},"tablet":{"background-color":"","background-image":"","background-repeat":"repeat","background-position":"center center","background-size":"auto","background-attachment":"scroll","background-type":"","background-media":"","overlay-type":"","overlay-color":"","overlay-opacity":"","overlay-gradient":""},"mobile":{"background-color":"","background-image":"","background-repeat":"repeat","background-position":"center center","background-size":"auto","background-attachment":"scroll","background-type":"","background-media":"","overlay-type":"","overlay-color":"","overlay-opacity":"","overlay-gradient":""}},"ast-content-background-meta":{"desktop":{"background-color":"var(--ast-global-color-5)","background-image":"","background-repeat":"repeat","background-position":"center center","background-size":"auto","background-attachment":"scroll","background-type":"","background-media":"","overlay-type":"","overlay-color":"","overlay-opacity":"","overlay-gradient":""},"tablet":{"background-color":"var(--ast-global-color-5)","background-image":"","background-repeat":"repeat","background-position":"center center","background-size":"auto","background-attachment":"scroll","background-type":"","background-media":"","overlay-type":"","overlay-color":"","overlay-opacity":"","overlay-gradient":""},"mobile":{"background-color":"var(--ast-global-color-5)","background-image":"","background-repeat":"repeat","background-position":"center center","background-size":"auto","background-attachment":"scroll","background-type":"","background-media":"","overlay-type":"","overlay-color":"","overlay-opacity":"","overlay-gradient":""}},"footnotes":""},"categories":[3816],"tags":[],"class_list":["post-31628","post","type-post","status-publish","format-image","hentry","category-camara-municipal-de-natal","post_format-post-format-image"],"_links":{"self":[{"href":"https:\/\/noticiasnoface.com.br\/index.php\/wp-json\/wp\/v2\/posts\/31628","targetHints":{"allow":["GET"]}}],"collection":[{"href":"https:\/\/noticiasnoface.com.br\/index.php\/wp-json\/wp\/v2\/posts"}],"about":[{"href":"https:\/\/noticiasnoface.com.br\/index.php\/wp-json\/wp\/v2\/types\/post"}],"author":[{"embeddable":true,"href":"https:\/\/noticiasnoface.com.br\/index.php\/wp-json\/wp\/v2\/users\/1"}],"replies":[{"embeddable":true,"href":"https:\/\/noticiasnoface.com.br\/index.php\/wp-json\/wp\/v2\/comments?post=31628"}],"version-history":[{"count":1,"href":"https:\/\/noticiasnoface.com.br\/index.php\/wp-json\/wp\/v2\/posts\/31628\/revisions"}],"predecessor-version":[{"id":31629,"href":"https:\/\/noticiasnoface.com.br\/index.php\/wp-json\/wp\/v2\/posts\/31628\/revisions\/31629"}],"wp:attachment":[{"href":"https:\/\/noticiasnoface.com.br\/index.php\/wp-json\/wp\/v2\/media?parent=31628"}],"wp:term":[{"taxonomy":"category","embeddable":true,"href":"https:\/\/noticiasnoface.com.br\/index.php\/wp-json\/wp\/v2\/categories?post=31628"},{"taxonomy":"post_tag","embeddable":true,"href":"https:\/\/noticiasnoface.com.br\/index.php\/wp-json\/wp\/v2\/tags?post=31628"}],"curies":[{"name":"wp","href":"https:\/\/api.w.org\/{rel}","templated":true}]}}