{"id":32142,"date":"2026-04-26T19:55:00","date_gmt":"2026-04-26T22:55:00","guid":{"rendered":"https:\/\/noticiasnoface.com.br\/?p=32142"},"modified":"2026-04-26T19:55:00","modified_gmt":"2026-04-26T22:55:00","slug":"joao-fonseca-sofre-quebra-no-terceiro-set-e-destroi-raquete-em-madri","status":"publish","type":"post","link":"https:\/\/noticiasnoface.com.br\/index.php\/2026\/04\/26\/joao-fonseca-sofre-quebra-no-terceiro-set-e-destroi-raquete-em-madri\/","title":{"rendered":"Jo\u00e3o Fonseca sofre quebra no terceiro set e destr\u00f3i raquete em Madri"},"content":{"rendered":"\n<figure class=\"wp-block-image size-large\"><img data-opt-id=495425174  fetchpriority=\"high\" decoding=\"async\" width=\"419\" height=\"249\" src=\"https:\/\/mlbfrsat7ahr.i.optimole.com\/w:auto\/h:auto\/q:mauto\/ig:avif\/https:\/\/noticiasnoface.com.br\/wp-content\/uploads\/2026\/04\/img_0534.jpg\" class=\"wp-image-32141\" srcset=\"https:\/\/mlbfrsat7ahr.i.optimole.com\/w:419\/h:249\/q:mauto\/ig:avif\/https:\/\/noticiasnoface.com.br\/wp-content\/uploads\/2026\/04\/img_0534.jpg 419w, https:\/\/mlbfrsat7ahr.i.optimole.com\/w:300\/h:178\/q:mauto\/ig:avif\/https:\/\/noticiasnoface.com.br\/wp-content\/uploads\/2026\/04\/img_0534.jpg 300w\" sizes=\"(max-width: 419px) 100vw, 419px\" \/><\/figure>\n\n\n\n<h2 class=\"wp-block-heading subhead\">Brasileiro perde controle ap\u00f3s in\u00edcio ruim na parcial decisiva<\/h2>\n\n\n\n<p>26\/04\/26 \u00e0s 19:51&nbsp;|&nbsp;Atualizado&nbsp;26\/04\/26 \u00e0s 19:53<\/p>\n\n\n\n<p>Jo\u00e3o Fonseca teve um in\u00edcio de terceiro set complicado contra Rafael Jodar no Masters 1000 de Madri. O brasileiro sofreu uma quebra logo no primeiro game e viu o advers\u00e1rio abrir vantagem na parcial decisiva.<\/p>\n\n\n\n<p>Ap\u00f3s perder o saque, Fonseca demonstrou frustra\u00e7\u00e3o em quadra e quebrou a pr\u00f3pria raquete. O gesto ocorreu ainda nos primeiros momentos do set, enquanto Jodar ampliava o controle do jogo.<\/p>\n","protected":false},"excerpt":{"rendered":"<p>Brasileiro perde controle ap\u00f3s in\u00edcio ruim na parcial decisiva 26\/04\/26 \u00e0s 19:51&nbsp;|&nbsp;Atualizado&nbsp;26\/04\/26 \u00e0s 19:53 Jo\u00e3o Fonseca teve um in\u00edcio de [&hellip;]<\/p>\n","protected":false},"author":1,"featured_media":0,"comment_status":"closed","ping_status":"","sticky":false,"template":"","format":"image","meta":{"site-sidebar-layout":"default","site-content-layout":"","ast-site-content-layout":"default","site-content-style":"default","site-sidebar-style":"default","ast-global-header-display":"","ast-banner-title-visibility":"","ast-main-header-display":"","ast-hfb-above-header-display":"","ast-hfb-below-header-display":"","ast-hfb-mobile-header-display":"","site-post-title":"","ast-breadcrumbs-content":"","ast-featured-img":"","footer-sml-layout":"","ast-disable-related-posts":"","theme-transparent-header-meta":"","adv-header-id-meta":"","stick-header-meta":"","header-above-stick-meta":"","header-main-stick-meta":"","header-below-stick-meta":"","astra-migrate-meta-layouts":"default","ast-page-background-enabled":"default","ast-page-background-meta":{"desktop":{"background-color":"var(--ast-global-color-4)","background-image":"","background-repeat":"repeat","background-position":"center center","background-size":"auto","background-attachment":"scroll","background-type":"","background-media":"","overlay-type":"","overlay-color":"","overlay-opacity":"","overlay-gradient":""},"tablet":{"background-color":"","background-image":"","background-repeat":"repeat","background-position":"center center","background-size":"auto","background-attachment":"scroll","background-type":"","background-media":"","overlay-type":"","overlay-color":"","overlay-opacity":"","overlay-gradient":""},"mobile":{"background-color":"","background-image":"","background-repeat":"repeat","background-position":"center center","background-size":"auto","background-attachment":"scroll","background-type":"","background-media":"","overlay-type":"","overlay-color":"","overlay-opacity":"","overlay-gradient":""}},"ast-content-background-meta":{"desktop":{"background-color":"var(--ast-global-color-5)","background-image":"","background-repeat":"repeat","background-position":"center center","background-size":"auto","background-attachment":"scroll","background-type":"","background-media":"","overlay-type":"","overlay-color":"","overlay-opacity":"","overlay-gradient":""},"tablet":{"background-color":"var(--ast-global-color-5)","background-image":"","background-repeat":"repeat","background-position":"center center","background-size":"auto","background-attachment":"scroll","background-type":"","background-media":"","overlay-type":"","overlay-color":"","overlay-opacity":"","overlay-gradient":""},"mobile":{"background-color":"var(--ast-global-color-5)","background-image":"","background-repeat":"repeat","background-position":"center center","background-size":"auto","background-attachment":"scroll","background-type":"","background-media":"","overlay-type":"","overlay-color":"","overlay-opacity":"","overlay-gradient":""}},"footnotes":""},"categories":[517],"tags":[],"class_list":["post-32142","post","type-post","status-publish","format-image","hentry","category-aconteceu","post_format-post-format-image"],"_links":{"self":[{"href":"https:\/\/noticiasnoface.com.br\/index.php\/wp-json\/wp\/v2\/posts\/32142","targetHints":{"allow":["GET"]}}],"collection":[{"href":"https:\/\/noticiasnoface.com.br\/index.php\/wp-json\/wp\/v2\/posts"}],"about":[{"href":"https:\/\/noticiasnoface.com.br\/index.php\/wp-json\/wp\/v2\/types\/post"}],"author":[{"embeddable":true,"href":"https:\/\/noticiasnoface.com.br\/index.php\/wp-json\/wp\/v2\/users\/1"}],"replies":[{"embeddable":true,"href":"https:\/\/noticiasnoface.com.br\/index.php\/wp-json\/wp\/v2\/comments?post=32142"}],"version-history":[{"count":1,"href":"https:\/\/noticiasnoface.com.br\/index.php\/wp-json\/wp\/v2\/posts\/32142\/revisions"}],"predecessor-version":[{"id":32143,"href":"https:\/\/noticiasnoface.com.br\/index.php\/wp-json\/wp\/v2\/posts\/32142\/revisions\/32143"}],"wp:attachment":[{"href":"https:\/\/noticiasnoface.com.br\/index.php\/wp-json\/wp\/v2\/media?parent=32142"}],"wp:term":[{"taxonomy":"category","embeddable":true,"href":"https:\/\/noticiasnoface.com.br\/index.php\/wp-json\/wp\/v2\/categories?post=32142"},{"taxonomy":"post_tag","embeddable":true,"href":"https:\/\/noticiasnoface.com.br\/index.php\/wp-json\/wp\/v2\/tags?post=32142"}],"curies":[{"name":"wp","href":"https:\/\/api.w.org\/{rel}","templated":true}]}}