{"id":32152,"date":"2026-04-26T19:57:35","date_gmt":"2026-04-26T22:57:35","guid":{"rendered":"https:\/\/noticiasnoface.com.br\/?p=32152"},"modified":"2026-04-26T19:57:35","modified_gmt":"2026-04-26T22:57:35","slug":"camara-municipal-aprova-politica-de-protecao-de-dados","status":"publish","type":"post","link":"https:\/\/noticiasnoface.com.br\/index.php\/2026\/04\/26\/camara-municipal-aprova-politica-de-protecao-de-dados\/","title":{"rendered":"C\u00e2mara Municipal aprova pol\u00edtica de prote\u00e7\u00e3o de dados"},"content":{"rendered":"\n<figure class=\"wp-block-image\"><img data-opt-id=1239872368  fetchpriority=\"high\" decoding=\"async\" src=\"https:\/\/camaraparnamirim.rn.gov.br\/storage\/media\/article_featured\/2026\/04\/12264\/female-hands-typing-computer-keyboard-(1).jpg\" alt=\"C\u00e2mara Municipal aprova pol\u00edtica de prote\u00e7\u00e3o de dados\"\/><\/figure>\n\n\n\n<p>Com o objetivo de promover a prote\u00e7\u00e3o de dados no \u00e2mbito do Legislativo municipal, a C\u00e2mara de Parnamirim aprovou a Pol\u00edtica de Privacidade e Prote\u00e7\u00e3o de Dados Pessoais, que estabelece diretrizes para o tratamento de dados em todas as atividades institucionais da Casa. O projeto de resolu\u00e7\u00e3o foi uma proposi\u00e7\u00e3o da mesa diretora.<\/p>\n\n\n\n<p>A nova pol\u00edtica determina que o uso de dados pessoais deve seguir princ\u00edpios como legalidade, finalidade, transpar\u00eancia, seguran\u00e7a e responsabiliza\u00e7\u00e3o, al\u00e9m de garantir o respeito aos direitos fundamentais dos cidad\u00e3os. A medida se aplica a todas as etapas do tratamento das informa\u00e7\u00f5es, desde a coleta at\u00e9 o armazenamento e compartilhamento.<\/p>\n\n\n\n<p>\u201cEssa pol\u00edtica representa um avan\u00e7o importante na prote\u00e7\u00e3o dos dados dos cidad\u00e3os e no fortalecimento da transpar\u00eancia institucional\u201d, destaca o presidente da Casa Legislativa, vereador Dr. C\u00e9sar Maia. Com a aprova\u00e7\u00e3o, a C\u00e2mara de Parnamirim se alinha \u00e0s boas pr\u00e1ticas de governan\u00e7a e seguran\u00e7a da informa\u00e7\u00e3o.<\/p>\n\n\n\n<hr class=\"wp-block-separator has-alpha-channel-opacity\"\/>\n\n\n\n<p class=\"text-muted mt-3\">Sophia Ara\u00fajo<\/p>\n","protected":false},"excerpt":{"rendered":"<p>Com o objetivo de promover a prote\u00e7\u00e3o de dados no \u00e2mbito do Legislativo municipal, a C\u00e2mara de Parnamirim aprovou a [&hellip;]<\/p>\n","protected":false},"author":1,"featured_media":0,"comment_status":"closed","ping_status":"","sticky":false,"template":"","format":"image","meta":{"site-sidebar-layout":"default","site-content-layout":"","ast-site-content-layout":"default","site-content-style":"default","site-sidebar-style":"default","ast-global-header-display":"","ast-banner-title-visibility":"","ast-main-header-display":"","ast-hfb-above-header-display":"","ast-hfb-below-header-display":"","ast-hfb-mobile-header-display":"","site-post-title":"","ast-breadcrumbs-content":"","ast-featured-img":"","footer-sml-layout":"","ast-disable-related-posts":"","theme-transparent-header-meta":"","adv-header-id-meta":"","stick-header-meta":"","header-above-stick-meta":"","header-main-stick-meta":"","header-below-stick-meta":"","astra-migrate-meta-layouts":"default","ast-page-background-enabled":"default","ast-page-background-meta":{"desktop":{"background-color":"var(--ast-global-color-4)","background-image":"","background-repeat":"repeat","background-position":"center center","background-size":"auto","background-attachment":"scroll","background-type":"","background-media":"","overlay-type":"","overlay-color":"","overlay-opacity":"","overlay-gradient":""},"tablet":{"background-color":"","background-image":"","background-repeat":"repeat","background-position":"center center","background-size":"auto","background-attachment":"scroll","background-type":"","background-media":"","overlay-type":"","overlay-color":"","overlay-opacity":"","overlay-gradient":""},"mobile":{"background-color":"","background-image":"","background-repeat":"repeat","background-position":"center center","background-size":"auto","background-attachment":"scroll","background-type":"","background-media":"","overlay-type":"","overlay-color":"","overlay-opacity":"","overlay-gradient":""}},"ast-content-background-meta":{"desktop":{"background-color":"var(--ast-global-color-5)","background-image":"","background-repeat":"repeat","background-position":"center center","background-size":"auto","background-attachment":"scroll","background-type":"","background-media":"","overlay-type":"","overlay-color":"","overlay-opacity":"","overlay-gradient":""},"tablet":{"background-color":"var(--ast-global-color-5)","background-image":"","background-repeat":"repeat","background-position":"center center","background-size":"auto","background-attachment":"scroll","background-type":"","background-media":"","overlay-type":"","overlay-color":"","overlay-opacity":"","overlay-gradient":""},"mobile":{"background-color":"var(--ast-global-color-5)","background-image":"","background-repeat":"repeat","background-position":"center center","background-size":"auto","background-attachment":"scroll","background-type":"","background-media":"","overlay-type":"","overlay-color":"","overlay-opacity":"","overlay-gradient":""}},"footnotes":""},"categories":[3817],"tags":[],"class_list":["post-32152","post","type-post","status-publish","format-image","hentry","category-camara-municipal-de-parnamirim","post_format-post-format-image"],"_links":{"self":[{"href":"https:\/\/noticiasnoface.com.br\/index.php\/wp-json\/wp\/v2\/posts\/32152","targetHints":{"allow":["GET"]}}],"collection":[{"href":"https:\/\/noticiasnoface.com.br\/index.php\/wp-json\/wp\/v2\/posts"}],"about":[{"href":"https:\/\/noticiasnoface.com.br\/index.php\/wp-json\/wp\/v2\/types\/post"}],"author":[{"embeddable":true,"href":"https:\/\/noticiasnoface.com.br\/index.php\/wp-json\/wp\/v2\/users\/1"}],"replies":[{"embeddable":true,"href":"https:\/\/noticiasnoface.com.br\/index.php\/wp-json\/wp\/v2\/comments?post=32152"}],"version-history":[{"count":1,"href":"https:\/\/noticiasnoface.com.br\/index.php\/wp-json\/wp\/v2\/posts\/32152\/revisions"}],"predecessor-version":[{"id":32153,"href":"https:\/\/noticiasnoface.com.br\/index.php\/wp-json\/wp\/v2\/posts\/32152\/revisions\/32153"}],"wp:attachment":[{"href":"https:\/\/noticiasnoface.com.br\/index.php\/wp-json\/wp\/v2\/media?parent=32152"}],"wp:term":[{"taxonomy":"category","embeddable":true,"href":"https:\/\/noticiasnoface.com.br\/index.php\/wp-json\/wp\/v2\/categories?post=32152"},{"taxonomy":"post_tag","embeddable":true,"href":"https:\/\/noticiasnoface.com.br\/index.php\/wp-json\/wp\/v2\/tags?post=32152"}],"curies":[{"name":"wp","href":"https:\/\/api.w.org\/{rel}","templated":true}]}}