{"id":32154,"date":"2026-04-26T19:58:28","date_gmt":"2026-04-26T22:58:28","guid":{"rendered":"https:\/\/noticiasnoface.com.br\/?p=32154"},"modified":"2026-04-26T19:58:28","modified_gmt":"2026-04-26T22:58:28","slug":"cmn-entrega-comenda-maurilio-pinto-a-30-profissionais-da-seguranca-publica","status":"publish","type":"post","link":"https:\/\/noticiasnoface.com.br\/index.php\/2026\/04\/26\/cmn-entrega-comenda-maurilio-pinto-a-30-profissionais-da-seguranca-publica\/","title":{"rendered":"CMN entrega Comenda Maur\u00edlio Pinto a 30 profissionais da seguran\u00e7a p\u00fablica&nbsp;"},"content":{"rendered":"\n<figure class=\"wp-block-image foto-noticia\"><img data-opt-id=1354902639  fetchpriority=\"high\" decoding=\"async\" src=\"https:\/\/www.cmnat.rn.gov.br\/_ups\/noticias\/2026\/04\/23\/c625d6f110a4490b3c3716dcbbe5749d.jpg\" alt=\"\"\/><\/figure>\n\n\n\n<p>A C\u00e2mara Municipal de Natal realizou, nesta quarta-feira (22), sess\u00e3o solene para a entrega da Comenda Bacharel Maur\u00edlio Pinto de Medeiros. A proposi\u00e7\u00e3o foi da Mesa Diretora da Casa, e a solenidade homenageou 30 agentes de seguran\u00e7a das Pol\u00edcias Civil, Militar e Rodovi\u00e1ria Federal e do Corpo de Bombeiros, em reconhecimento \u00e0 atua\u00e7\u00e3o na defesa da seguran\u00e7a p\u00fablica e na prote\u00e7\u00e3o da popula\u00e7\u00e3o.<\/p>\n\n\n\n<p>O presidente da Casa, vereador Eriko J\u00e1come, destacou o reconhecimento prestado aos profissionais. \u201cEssa comenda simboliza o reconhecimento do Legislativo Municipal a esses homens e mulheres que se dedicam \u00e0 seguran\u00e7a p\u00fablica da nossa cidade e do estado\u201d, afirmou.<\/p>\n\n\n\n<p>A vereadora Camila Ara\u00fajo ressaltou a import\u00e2ncia da comenda e a continuidade da iniciativa. \u201cEste \u00e9 o sexto ano consecutivo que participo da entrega da comenda Maur\u00edlio Pinto, homenageando operadores da seguran\u00e7a p\u00fablica em alus\u00e3o ao dia 21 de abril, data que celebra Tiradentes, patrono das Pol\u00edcias Militar e Civil\u201d, disse. Segundo ela, a partir deste ano a entrega da honraria passa a ser conduzida pela Mesa Diretora. \u201cIsso fortalece ainda mais o reconhecimento institucional a esses profissionais\u201d, afirmou.<\/p>\n\n\n\n<p>Autor da proposi\u00e7\u00e3o que instituiu a comenda no \u00e2mbito da C\u00e2mara, o vereador Preto Aquino destacou o sentimento de dever cumprido. \u201c\u00c9 gratificante ver a comenda sendo entregue ao longo desses anos a profissionais que prestam relevantes servi\u00e7os \u00e0 sociedade\u201d, afirmou.<\/p>\n\n\n\n<p>O primeiro-secret\u00e1rio da Mesa Diretora, vereador Kleber Fernandes, tamb\u00e9m ressaltou o car\u00e1ter da solenidade. \u201c\u00c9 uma noite de enaltecer e homenagear profissionais que diariamente arriscam suas vidas para garantir a seguran\u00e7a da popula\u00e7\u00e3o. S\u00e3o hist\u00f3rias de dedica\u00e7\u00e3o que merecem esse reconhecimento\u201d, disse.<br \/>Representando o Governo do Estado, o secret\u00e1rio de Seguran\u00e7a P\u00fablica e Defesa Social, coronel Ara\u00fajo, destacou a import\u00e2ncia da homenagem. \u201cA comenda Maur\u00edlio Pinto representa o reconhecimento ao trabalho dos agentes que atuam diariamente em defesa da sociedade\u201d, afirmou.<br \/>A delegada-geral da Pol\u00edcia Civil do Rio Grande do Norte, Ana Cl\u00e1udia Saraiva Gomes, refor\u00e7ou o simbolismo da honraria. \u201cReceber uma comenda que leva o nome de Maur\u00edlio Pinto \u00e9 uma honra para qualquer servidor da seguran\u00e7a p\u00fablica, pela hist\u00f3ria e pelo legado que ele representa\u201d, disse. Ambos agradeceram a iniciativa da C\u00e2mara Municipal de Natal.&nbsp;<\/p>\n\n\n\n<p>Entre os homenageados, o agente da Pol\u00edcia Civil S\u00e1vio Ara\u00fajo destacou a import\u00e2ncia do reconhecimento. \u201cReceber essa homenagem \u00e9 a consagra\u00e7\u00e3o de um trabalho de mais de duas d\u00e9cadas na Pol\u00edcia Civil\u201d, afirmou. Com 23 anos de atua\u00e7\u00e3o, sendo 12 na Denarc de Natal, ele atua diretamente no combate ao tr\u00e1fico de drogas, com participa\u00e7\u00e3o em apreens\u00f5es de grande relev\u00e2ncia no estado.<\/p>\n\n\n\n<p>A chefe de investiga\u00e7\u00e3o da Delegacia Especializada de Combate a Crimes de Racismo, Intoler\u00e2ncia e Discrimina\u00e7\u00e3o (Decrid), Kalyne Fidelis, tamb\u00e9m ressaltou a import\u00e2ncia da homenagem. \u201cMe dedico diariamente para contribuir com a seguran\u00e7a p\u00fablica e com a prote\u00e7\u00e3o das pessoas. Receber essa comenda \u00e9 um reconhecimento importante\u201d, afirmou.<\/p>\n\n\n\n<p>A Comenda Bacharel Maur\u00edlio Pinto de Medeiros homenageia personalidades que se destacam na defesa da seguran\u00e7a p\u00fablica e da ordem social no munic\u00edpio. A honraria foi institu\u00edda em 2018, por proposi\u00e7\u00e3o do vereador Preto Aquino, e leva o nome do delegado Maur\u00edlio Pinto, ex-secret\u00e1rio de Seguran\u00e7a P\u00fablica do Rio Grande do Norte, reconhecido pela atua\u00e7\u00e3o na \u00e1rea.<\/p>\n\n\n\n<p>A solenidade contou com indica\u00e7\u00f5es de homenageados feitas pelos vereadores Camila Ara\u00fajo, Cleiton da Policl\u00ednica, Daniell Rendall, Eriko J\u00e1come, Kleber Fernandes, L\u00e9o Souza, Luciano Nascimento, Preto Aquino, T\u00e9rcio Tinoco, Thabatta Pimenta, Tony Henrique, Nina Souza e Subtenente Eliabe.<\/p>\n\n\n\n<p>Texto: Ilana Albuquerque<br \/>Fotos: Ver\u00f4nica Macedo<\/p>\n","protected":false},"excerpt":{"rendered":"<p>A C\u00e2mara Municipal de Natal realizou, nesta quarta-feira (22), sess\u00e3o solene para a entrega da Comenda Bacharel Maur\u00edlio Pinto de [&hellip;]<\/p>\n","protected":false},"author":1,"featured_media":0,"comment_status":"closed","ping_status":"","sticky":false,"template":"","format":"image","meta":{"site-sidebar-layout":"default","site-content-layout":"","ast-site-content-layout":"default","site-content-style":"default","site-sidebar-style":"default","ast-global-header-display":"","ast-banner-title-visibility":"","ast-main-header-display":"","ast-hfb-above-header-display":"","ast-hfb-below-header-display":"","ast-hfb-mobile-header-display":"","site-post-title":"","ast-breadcrumbs-content":"","ast-featured-img":"","footer-sml-layout":"","ast-disable-related-posts":"","theme-transparent-header-meta":"","adv-header-id-meta":"","stick-header-meta":"","header-above-stick-meta":"","header-main-stick-meta":"","header-below-stick-meta":"","astra-migrate-meta-layouts":"default","ast-page-background-enabled":"default","ast-page-background-meta":{"desktop":{"background-color":"var(--ast-global-color-4)","background-image":"","background-repeat":"repeat","background-position":"center center","background-size":"auto","background-attachment":"scroll","background-type":"","background-media":"","overlay-type":"","overlay-color":"","overlay-opacity":"","overlay-gradient":""},"tablet":{"background-color":"","background-image":"","background-repeat":"repeat","background-position":"center center","background-size":"auto","background-attachment":"scroll","background-type":"","background-media":"","overlay-type":"","overlay-color":"","overlay-opacity":"","overlay-gradient":""},"mobile":{"background-color":"","background-image":"","background-repeat":"repeat","background-position":"center center","background-size":"auto","background-attachment":"scroll","background-type":"","background-media":"","overlay-type":"","overlay-color":"","overlay-opacity":"","overlay-gradient":""}},"ast-content-background-meta":{"desktop":{"background-color":"var(--ast-global-color-5)","background-image":"","background-repeat":"repeat","background-position":"center center","background-size":"auto","background-attachment":"scroll","background-type":"","background-media":"","overlay-type":"","overlay-color":"","overlay-opacity":"","overlay-gradient":""},"tablet":{"background-color":"var(--ast-global-color-5)","background-image":"","background-repeat":"repeat","background-position":"center center","background-size":"auto","background-attachment":"scroll","background-type":"","background-media":"","overlay-type":"","overlay-color":"","overlay-opacity":"","overlay-gradient":""},"mobile":{"background-color":"var(--ast-global-color-5)","background-image":"","background-repeat":"repeat","background-position":"center center","background-size":"auto","background-attachment":"scroll","background-type":"","background-media":"","overlay-type":"","overlay-color":"","overlay-opacity":"","overlay-gradient":""}},"footnotes":""},"categories":[3816],"tags":[],"class_list":["post-32154","post","type-post","status-publish","format-image","hentry","category-camara-municipal-de-natal","post_format-post-format-image"],"_links":{"self":[{"href":"https:\/\/noticiasnoface.com.br\/index.php\/wp-json\/wp\/v2\/posts\/32154","targetHints":{"allow":["GET"]}}],"collection":[{"href":"https:\/\/noticiasnoface.com.br\/index.php\/wp-json\/wp\/v2\/posts"}],"about":[{"href":"https:\/\/noticiasnoface.com.br\/index.php\/wp-json\/wp\/v2\/types\/post"}],"author":[{"embeddable":true,"href":"https:\/\/noticiasnoface.com.br\/index.php\/wp-json\/wp\/v2\/users\/1"}],"replies":[{"embeddable":true,"href":"https:\/\/noticiasnoface.com.br\/index.php\/wp-json\/wp\/v2\/comments?post=32154"}],"version-history":[{"count":1,"href":"https:\/\/noticiasnoface.com.br\/index.php\/wp-json\/wp\/v2\/posts\/32154\/revisions"}],"predecessor-version":[{"id":32155,"href":"https:\/\/noticiasnoface.com.br\/index.php\/wp-json\/wp\/v2\/posts\/32154\/revisions\/32155"}],"wp:attachment":[{"href":"https:\/\/noticiasnoface.com.br\/index.php\/wp-json\/wp\/v2\/media?parent=32154"}],"wp:term":[{"taxonomy":"category","embeddable":true,"href":"https:\/\/noticiasnoface.com.br\/index.php\/wp-json\/wp\/v2\/categories?post=32154"},{"taxonomy":"post_tag","embeddable":true,"href":"https:\/\/noticiasnoface.com.br\/index.php\/wp-json\/wp\/v2\/tags?post=32154"}],"curies":[{"name":"wp","href":"https:\/\/api.w.org\/{rel}","templated":true}]}}