{"id":32157,"date":"2026-04-26T20:00:03","date_gmt":"2026-04-26T23:00:03","guid":{"rendered":"https:\/\/noticiasnoface.com.br\/?p=32157"},"modified":"2026-04-26T20:00:03","modified_gmt":"2026-04-26T23:00:03","slug":"prefeitura-de-extremoz-decreta-alerta-laranja","status":"publish","type":"post","link":"https:\/\/noticiasnoface.com.br\/index.php\/2026\/04\/26\/prefeitura-de-extremoz-decreta-alerta-laranja\/","title":{"rendered":"Prefeitura de Extremoz decreta Alerta Laranja"},"content":{"rendered":"\n<figure class=\"wp-block-image size-large\"><img data-opt-id=615685291  fetchpriority=\"high\" decoding=\"async\" width=\"836\" height=\"1024\" src=\"https:\/\/mlbfrsat7ahr.i.optimole.com\/w:836\/h:1024\/q:mauto\/ig:avif\/https:\/\/noticiasnoface.com.br\/wp-content\/uploads\/2026\/04\/img_0536.jpg\" class=\"wp-image-32156\" srcset=\"https:\/\/mlbfrsat7ahr.i.optimole.com\/w:836\/h:1024\/q:mauto\/ig:avif\/https:\/\/noticiasnoface.com.br\/wp-content\/uploads\/2026\/04\/img_0536.jpg 836w, https:\/\/mlbfrsat7ahr.i.optimole.com\/w:245\/h:300\/q:mauto\/ig:avif\/https:\/\/noticiasnoface.com.br\/wp-content\/uploads\/2026\/04\/img_0536.jpg 245w, https:\/\/mlbfrsat7ahr.i.optimole.com\/w:768\/h:941\/q:mauto\/ig:avif\/https:\/\/noticiasnoface.com.br\/wp-content\/uploads\/2026\/04\/img_0536.jpg 768w, https:\/\/mlbfrsat7ahr.i.optimole.com\/w:881\/h:1080\/q:mauto\/ig:avif\/https:\/\/noticiasnoface.com.br\/wp-content\/uploads\/2026\/04\/img_0536.jpg 1253w, https:\/\/mlbfrsat7ahr.i.optimole.com\/w:881\/h:1080\/q:mauto\/ig:avif\/https:\/\/noticiasnoface.com.br\/wp-content\/uploads\/2026\/04\/img_0536.jpg 1260w\" sizes=\"(max-width: 836px) 100vw, 836px\" \/><figcaption class=\"wp-element-caption\">ATEN\u00c7\u00c3O, EXTREMOZ!<br>Diante das fortes chuvas, nossas equipes seguem atuando nos pontos cr\u00edticos da cidade, realizando a\u00e7\u00f5es de conten\u00e7\u00e3o para garantir mais seguran\u00e7a \u00e0 popula\u00e7\u00e3o.<br>Pedimos a colabora\u00e7\u00e3o de todos:<br>Evite \u00e1reas de risco e alagamentos<br>Fique atento aos comunicados oficiais<br>Em situa\u00e7\u00f5es de perigo, procure um local seguro<br>A Defesa Civil est\u00e1 dispon\u00edvel 24h para atender ocorr\u00eancias. Em caso de emerg\u00eancia, ligue 190.<br>Seguimos trabalhando com responsabilidade e cuidado por voc\u00ea. Compartilhe essa informa\u00e7\u00e3o!<\/figcaption><\/figure>\n","protected":false},"excerpt":{"rendered":"","protected":false},"author":1,"featured_media":0,"comment_status":"closed","ping_status":"","sticky":false,"template":"","format":"image","meta":{"site-sidebar-layout":"default","site-content-layout":"","ast-site-content-layout":"default","site-content-style":"default","site-sidebar-style":"default","ast-global-header-display":"","ast-banner-title-visibility":"","ast-main-header-display":"","ast-hfb-above-header-display":"","ast-hfb-below-header-display":"","ast-hfb-mobile-header-display":"","site-post-title":"","ast-breadcrumbs-content":"","ast-featured-img":"","footer-sml-layout":"","ast-disable-related-posts":"","theme-transparent-header-meta":"","adv-header-id-meta":"","stick-header-meta":"","header-above-stick-meta":"","header-main-stick-meta":"","header-below-stick-meta":"","astra-migrate-meta-layouts":"default","ast-page-background-enabled":"default","ast-page-background-meta":{"desktop":{"background-color":"var(--ast-global-color-4)","background-image":"","background-repeat":"repeat","background-position":"center center","background-size":"auto","background-attachment":"scroll","background-type":"","background-media":"","overlay-type":"","overlay-color":"","overlay-opacity":"","overlay-gradient":""},"tablet":{"background-color":"","background-image":"","background-repeat":"repeat","background-position":"center center","background-size":"auto","background-attachment":"scroll","background-type":"","background-media":"","overlay-type":"","overlay-color":"","overlay-opacity":"","overlay-gradient":""},"mobile":{"background-color":"","background-image":"","background-repeat":"repeat","background-position":"center center","background-size":"auto","background-attachment":"scroll","background-type":"","background-media":"","overlay-type":"","overlay-color":"","overlay-opacity":"","overlay-gradient":""}},"ast-content-background-meta":{"desktop":{"background-color":"var(--ast-global-color-5)","background-image":"","background-repeat":"repeat","background-position":"center center","background-size":"auto","background-attachment":"scroll","background-type":"","background-media":"","overlay-type":"","overlay-color":"","overlay-opacity":"","overlay-gradient":""},"tablet":{"background-color":"var(--ast-global-color-5)","background-image":"","background-repeat":"repeat","background-position":"center center","background-size":"auto","background-attachment":"scroll","background-type":"","background-media":"","overlay-type":"","overlay-color":"","overlay-opacity":"","overlay-gradient":""},"mobile":{"background-color":"var(--ast-global-color-5)","background-image":"","background-repeat":"repeat","background-position":"center center","background-size":"auto","background-attachment":"scroll","background-type":"","background-media":"","overlay-type":"","overlay-color":"","overlay-opacity":"","overlay-gradient":""}},"footnotes":""},"categories":[3841],"tags":[],"class_list":["post-32157","post","type-post","status-publish","format-image","hentry","category-prefeitura-de-extremoz","post_format-post-format-image"],"_links":{"self":[{"href":"https:\/\/noticiasnoface.com.br\/index.php\/wp-json\/wp\/v2\/posts\/32157","targetHints":{"allow":["GET"]}}],"collection":[{"href":"https:\/\/noticiasnoface.com.br\/index.php\/wp-json\/wp\/v2\/posts"}],"about":[{"href":"https:\/\/noticiasnoface.com.br\/index.php\/wp-json\/wp\/v2\/types\/post"}],"author":[{"embeddable":true,"href":"https:\/\/noticiasnoface.com.br\/index.php\/wp-json\/wp\/v2\/users\/1"}],"replies":[{"embeddable":true,"href":"https:\/\/noticiasnoface.com.br\/index.php\/wp-json\/wp\/v2\/comments?post=32157"}],"version-history":[{"count":1,"href":"https:\/\/noticiasnoface.com.br\/index.php\/wp-json\/wp\/v2\/posts\/32157\/revisions"}],"predecessor-version":[{"id":32158,"href":"https:\/\/noticiasnoface.com.br\/index.php\/wp-json\/wp\/v2\/posts\/32157\/revisions\/32158"}],"wp:attachment":[{"href":"https:\/\/noticiasnoface.com.br\/index.php\/wp-json\/wp\/v2\/media?parent=32157"}],"wp:term":[{"taxonomy":"category","embeddable":true,"href":"https:\/\/noticiasnoface.com.br\/index.php\/wp-json\/wp\/v2\/categories?post=32157"},{"taxonomy":"post_tag","embeddable":true,"href":"https:\/\/noticiasnoface.com.br\/index.php\/wp-json\/wp\/v2\/tags?post=32157"}],"curies":[{"name":"wp","href":"https:\/\/api.w.org\/{rel}","templated":true}]}}