{"id":32169,"date":"2026-04-27T21:57:03","date_gmt":"2026-04-28T00:57:03","guid":{"rendered":"https:\/\/noticiasnoface.com.br\/?p=32169"},"modified":"2026-04-27T21:57:03","modified_gmt":"2026-04-28T00:57:03","slug":"comissao-de-saude-define-relatores-para-projetos-em-tramitacao","status":"publish","type":"post","link":"https:\/\/noticiasnoface.com.br\/index.php\/2026\/04\/27\/comissao-de-saude-define-relatores-para-projetos-em-tramitacao\/","title":{"rendered":"Comiss\u00e3o de Sa\u00fade define relatores para projetos em tramita\u00e7\u00e3o&nbsp;"},"content":{"rendered":"\n<figure class=\"wp-block-image foto-noticia\"><img data-opt-id=1082256406  fetchpriority=\"high\" decoding=\"async\" src=\"https:\/\/www.cmnat.rn.gov.br\/_ups\/noticias\/2026\/04\/27\/3a73522922fbff0b7d5831c07a436d61.jpg\" alt=\"\"\/><\/figure>\n\n\n\n<p>A Comiss\u00e3o de Sa\u00fade, Direitos dos Animais, Previd\u00eancia e Assist\u00eancia Social da C\u00e2mara Municipal de Natal realizou, nesta segunda-feira (27), reuni\u00e3o para designa\u00e7\u00e3o de relatores de projetos em tramita\u00e7\u00e3o. Entre as mat\u00e9rias analisadas, o Projeto de Lei n\u00ba 785\/2025, que prop\u00f5e a integra\u00e7\u00e3o de a\u00e7\u00f5es de combate \u00e0 viol\u00eancia dom\u00e9stica \u00e0s estrat\u00e9gias da sa\u00fade da fam\u00edlia, teve a relatoria avocada pelo vereador Luciano Nascimento (PSD), presidente do colegiado.<\/p>\n\n\n\n<p>De autoria do vereador Jo\u00e3o Batista Torres (DC), o projeto institui o programa \u201cMulher Siga em Frente\u201d, com foco na atua\u00e7\u00e3o preventiva de agentes comunit\u00e1rios de sa\u00fade no acolhimento, orienta\u00e7\u00e3o e encaminhamento de mulheres em situa\u00e7\u00e3o de viol\u00eancia. A proposta prev\u00ea capacita\u00e7\u00e3o de profissionais, visitas domiciliares e articula\u00e7\u00e3o com a rede de prote\u00e7\u00e3o. O relator, vereador Luciano Nascimento, destacou a relev\u00e2ncia da iniciativa para integrar pol\u00edticas p\u00fablicas. Segundo ele, a atua\u00e7\u00e3o da aten\u00e7\u00e3o b\u00e1sica permite identificar situa\u00e7\u00f5es de risco com mais rapidez e garantir suporte \u00e0s v\u00edtimas, fortalecendo o enfrentamento \u00e0 viol\u00eancia dom\u00e9stica no munic\u00edpio.<\/p>\n\n\n\n<p>Tamb\u00e9m tiveram relatorias designadas outros tr\u00eas projetos. O PL n\u00ba 367\/2025, de autoria do vereador Daniell Rendall (Republicanos), ser\u00e1 relatado pelo vereador Daniel Santiago (PP). A proposta trata da obrigatoriedade de afixa\u00e7\u00e3o de cartazes educativos em \u00f4nibus e paradas do transporte p\u00fablico com orienta\u00e7\u00f5es sobre como agir diante de crises sensoriais, especialmente em pessoas com transtornos do espectro autista.<\/p>\n\n\n\n<p>O vereador Daniel Santiago destacou a import\u00e2ncia da mat\u00e9ria. \u201c\u00c9 um projeto de fundamental import\u00e2ncia, que busca conscientizar a popula\u00e7\u00e3o, para que as pessoas saibam identificar situa\u00e7\u00f5es, como crises sensoriais em crian\u00e7as com autismo\u201d, afirmou. Segundo ele, a iniciativa contribui para o acolhimento das fam\u00edlias. \u201cAo capacitar esses a todos, garantimos mais respeito e inclus\u00e3o no transporte p\u00fablico\u201d, disse.<\/p>\n\n\n\n<p>J\u00e1 o PL n\u00ba 603\/2025, de autoria da vereadora Samanda (PT), ter\u00e1 relatoria do vereador Cleiton da Policl\u00ednica (PSDB). O projeto disp\u00f5e sobre a investiga\u00e7\u00e3o, diagn\u00f3stico e tratamento da trombofilia na rede p\u00fablica de sa\u00fade, incluindo campanhas educativas e capacita\u00e7\u00e3o de profissionais.<\/p>\n\n\n\n<p>O PL n\u00ba 065\/2025, de autoria do vereador Robson Carvalho (Uni\u00e3o Brasil), ser\u00e1 relatado pelo vereador Preto Aquino (Podemos). A mat\u00e9ria trata da obrigatoriedade de adapta\u00e7\u00e3o de carrinhos de supermercado para transporte de animais dom\u00e9sticos em estabelecimentos comerciais do munic\u00edpio.<\/p>\n\n\n\n<p>A reuni\u00e3o tamb\u00e9m contou com a presen\u00e7a do vereador Cl\u00e1udio Cust\u00f3dio (PP), que ficou respons\u00e1vel pela elabora\u00e7\u00e3o da ata da sess\u00e3o.<\/p>\n\n\n\n<p>Texto: Ilana Albuquerque<br \/>Fotos: Elp\u00eddio J\u00fanior<\/p>\n","protected":false},"excerpt":{"rendered":"<p>A Comiss\u00e3o de Sa\u00fade, Direitos dos Animais, Previd\u00eancia e Assist\u00eancia Social da C\u00e2mara Municipal de Natal realizou, nesta segunda-feira (27), [&hellip;]<\/p>\n","protected":false},"author":1,"featured_media":0,"comment_status":"closed","ping_status":"","sticky":false,"template":"","format":"image","meta":{"site-sidebar-layout":"default","site-content-layout":"","ast-site-content-layout":"default","site-content-style":"default","site-sidebar-style":"default","ast-global-header-display":"","ast-banner-title-visibility":"","ast-main-header-display":"","ast-hfb-above-header-display":"","ast-hfb-below-header-display":"","ast-hfb-mobile-header-display":"","site-post-title":"","ast-breadcrumbs-content":"","ast-featured-img":"","footer-sml-layout":"","ast-disable-related-posts":"","theme-transparent-header-meta":"","adv-header-id-meta":"","stick-header-meta":"","header-above-stick-meta":"","header-main-stick-meta":"","header-below-stick-meta":"","astra-migrate-meta-layouts":"default","ast-page-background-enabled":"default","ast-page-background-meta":{"desktop":{"background-color":"var(--ast-global-color-4)","background-image":"","background-repeat":"repeat","background-position":"center center","background-size":"auto","background-attachment":"scroll","background-type":"","background-media":"","overlay-type":"","overlay-color":"","overlay-opacity":"","overlay-gradient":""},"tablet":{"background-color":"","background-image":"","background-repeat":"repeat","background-position":"center center","background-size":"auto","background-attachment":"scroll","background-type":"","background-media":"","overlay-type":"","overlay-color":"","overlay-opacity":"","overlay-gradient":""},"mobile":{"background-color":"","background-image":"","background-repeat":"repeat","background-position":"center center","background-size":"auto","background-attachment":"scroll","background-type":"","background-media":"","overlay-type":"","overlay-color":"","overlay-opacity":"","overlay-gradient":""}},"ast-content-background-meta":{"desktop":{"background-color":"var(--ast-global-color-5)","background-image":"","background-repeat":"repeat","background-position":"center center","background-size":"auto","background-attachment":"scroll","background-type":"","background-media":"","overlay-type":"","overlay-color":"","overlay-opacity":"","overlay-gradient":""},"tablet":{"background-color":"var(--ast-global-color-5)","background-image":"","background-repeat":"repeat","background-position":"center center","background-size":"auto","background-attachment":"scroll","background-type":"","background-media":"","overlay-type":"","overlay-color":"","overlay-opacity":"","overlay-gradient":""},"mobile":{"background-color":"var(--ast-global-color-5)","background-image":"","background-repeat":"repeat","background-position":"center center","background-size":"auto","background-attachment":"scroll","background-type":"","background-media":"","overlay-type":"","overlay-color":"","overlay-opacity":"","overlay-gradient":""}},"footnotes":""},"categories":[3816],"tags":[],"class_list":["post-32169","post","type-post","status-publish","format-image","hentry","category-camara-municipal-de-natal","post_format-post-format-image"],"_links":{"self":[{"href":"https:\/\/noticiasnoface.com.br\/index.php\/wp-json\/wp\/v2\/posts\/32169","targetHints":{"allow":["GET"]}}],"collection":[{"href":"https:\/\/noticiasnoface.com.br\/index.php\/wp-json\/wp\/v2\/posts"}],"about":[{"href":"https:\/\/noticiasnoface.com.br\/index.php\/wp-json\/wp\/v2\/types\/post"}],"author":[{"embeddable":true,"href":"https:\/\/noticiasnoface.com.br\/index.php\/wp-json\/wp\/v2\/users\/1"}],"replies":[{"embeddable":true,"href":"https:\/\/noticiasnoface.com.br\/index.php\/wp-json\/wp\/v2\/comments?post=32169"}],"version-history":[{"count":1,"href":"https:\/\/noticiasnoface.com.br\/index.php\/wp-json\/wp\/v2\/posts\/32169\/revisions"}],"predecessor-version":[{"id":32170,"href":"https:\/\/noticiasnoface.com.br\/index.php\/wp-json\/wp\/v2\/posts\/32169\/revisions\/32170"}],"wp:attachment":[{"href":"https:\/\/noticiasnoface.com.br\/index.php\/wp-json\/wp\/v2\/media?parent=32169"}],"wp:term":[{"taxonomy":"category","embeddable":true,"href":"https:\/\/noticiasnoface.com.br\/index.php\/wp-json\/wp\/v2\/categories?post=32169"},{"taxonomy":"post_tag","embeddable":true,"href":"https:\/\/noticiasnoface.com.br\/index.php\/wp-json\/wp\/v2\/tags?post=32169"}],"curies":[{"name":"wp","href":"https:\/\/api.w.org\/{rel}","templated":true}]}}