{"id":32172,"date":"2026-04-27T21:57:42","date_gmt":"2026-04-28T00:57:42","guid":{"rendered":"https:\/\/noticiasnoface.com.br\/?p=32172"},"modified":"2026-04-27T21:57:42","modified_gmt":"2026-04-28T00:57:42","slug":"vereadores-de-parnamirim-participam-de-mobilizacao-nacional-em-brasilia-sessoes-ordinarias-seguem-normalmente","status":"publish","type":"post","link":"https:\/\/noticiasnoface.com.br\/index.php\/2026\/04\/27\/vereadores-de-parnamirim-participam-de-mobilizacao-nacional-em-brasilia-sessoes-ordinarias-seguem-normalmente\/","title":{"rendered":"Vereadores de Parnamirim participam de mobiliza\u00e7\u00e3o nacional em Bras\u00edlia; sess\u00f5es ordin\u00e1rias seguem normalmente"},"content":{"rendered":"\n<figure class=\"wp-block-image size-large\"><img data-opt-id=114550468  fetchpriority=\"high\" decoding=\"async\" width=\"1024\" height=\"824\" src=\"https:\/\/mlbfrsat7ahr.i.optimole.com\/w:1024\/h:824\/q:mauto\/ig:avif\/https:\/\/noticiasnoface.com.br\/wp-content\/uploads\/2026\/04\/c0346fa2-52cc-4d5f-9ffd-29cd0b0dcc0b.jpg\" class=\"wp-image-32171\" srcset=\"https:\/\/mlbfrsat7ahr.i.optimole.com\/w:1024\/h:824\/q:mauto\/ig:avif\/https:\/\/noticiasnoface.com.br\/wp-content\/uploads\/2026\/04\/c0346fa2-52cc-4d5f-9ffd-29cd0b0dcc0b.jpg 1024w, https:\/\/mlbfrsat7ahr.i.optimole.com\/w:300\/h:241\/q:mauto\/ig:avif\/https:\/\/noticiasnoface.com.br\/wp-content\/uploads\/2026\/04\/c0346fa2-52cc-4d5f-9ffd-29cd0b0dcc0b.jpg 300w, https:\/\/mlbfrsat7ahr.i.optimole.com\/w:768\/h:618\/q:mauto\/ig:avif\/https:\/\/noticiasnoface.com.br\/wp-content\/uploads\/2026\/04\/c0346fa2-52cc-4d5f-9ffd-29cd0b0dcc0b.jpg 768w, https:\/\/mlbfrsat7ahr.i.optimole.com\/w:1342\/h:1080\/q:mauto\/ig:avif\/https:\/\/noticiasnoface.com.br\/wp-content\/uploads\/2026\/04\/c0346fa2-52cc-4d5f-9ffd-29cd0b0dcc0b.jpg 1536w, https:\/\/mlbfrsat7ahr.i.optimole.com\/w:1342\/h:1080\/q:mauto\/ig:avif\/https:\/\/noticiasnoface.com.br\/wp-content\/uploads\/2026\/04\/c0346fa2-52cc-4d5f-9ffd-29cd0b0dcc0b.jpg 1600w\" sizes=\"(max-width: 1000px) 100vw, 1000px\" \/><\/figure>\n\n\n\n<p>O presidente da C\u00e2mara de Parnamirim, vereador Dr. C\u00e9sar Maia, acompanhado de mais 13 vereadores e vereadoras da Casa, est\u00e3o participando da 25\u00aa Marcha dos Gestores e Legislativos Municipais. O evento acontece de 27 a 30 de abril de 2026, em Bras\u00edlia, reunindo vereadores, vereadoras, gestores p\u00fablicos, lideran\u00e7as pol\u00edticas e representantes do Poder Legislativo Municipal de todo o pa\u00eds.<\/p>\n\n\n\n<p>A programa\u00e7\u00e3o aborda temas fundamentais para o desenvolvimento dos munic\u00edpios, como gest\u00e3o p\u00fablica, legisla\u00e7\u00e3o, pol\u00edticas p\u00fablicas, inova\u00e7\u00e3o, governan\u00e7a e o papel do Legislativo diante dos desafios contempor\u00e2neos das cidades brasileiras.<\/p>\n\n\n\n<p><em>Sess\u00f5es continuam<\/em><\/p>\n\n\n\n<p>A participa\u00e7\u00e3o dos vereadores na mobiliza\u00e7\u00e3o nacional em Bras\u00edlia n\u00e3o vai interromper as atividades legislativas locais. Nesta semana, as sess\u00f5es ordin\u00e1rias continuam a ser realizadas na ter\u00e7a e quarta-feira, a partir das 9h30, no Plen\u00e1rio Dr. M\u00e1rio Medeiros, com o qu\u00f3rum m\u00ednimo de presen\u00e7a, conforme o regimento interno.<\/p>\n","protected":false},"excerpt":{"rendered":"<p>O presidente da C\u00e2mara de Parnamirim, vereador Dr. C\u00e9sar Maia, acompanhado de mais 13 vereadores e vereadoras da Casa, est\u00e3o [&hellip;]<\/p>\n","protected":false},"author":1,"featured_media":0,"comment_status":"closed","ping_status":"","sticky":false,"template":"","format":"image","meta":{"site-sidebar-layout":"default","site-content-layout":"","ast-site-content-layout":"default","site-content-style":"default","site-sidebar-style":"default","ast-global-header-display":"","ast-banner-title-visibility":"","ast-main-header-display":"","ast-hfb-above-header-display":"","ast-hfb-below-header-display":"","ast-hfb-mobile-header-display":"","site-post-title":"","ast-breadcrumbs-content":"","ast-featured-img":"","footer-sml-layout":"","ast-disable-related-posts":"","theme-transparent-header-meta":"","adv-header-id-meta":"","stick-header-meta":"","header-above-stick-meta":"","header-main-stick-meta":"","header-below-stick-meta":"","astra-migrate-meta-layouts":"default","ast-page-background-enabled":"default","ast-page-background-meta":{"desktop":{"background-color":"var(--ast-global-color-4)","background-image":"","background-repeat":"repeat","background-position":"center center","background-size":"auto","background-attachment":"scroll","background-type":"","background-media":"","overlay-type":"","overlay-color":"","overlay-opacity":"","overlay-gradient":""},"tablet":{"background-color":"","background-image":"","background-repeat":"repeat","background-position":"center center","background-size":"auto","background-attachment":"scroll","background-type":"","background-media":"","overlay-type":"","overlay-color":"","overlay-opacity":"","overlay-gradient":""},"mobile":{"background-color":"","background-image":"","background-repeat":"repeat","background-position":"center center","background-size":"auto","background-attachment":"scroll","background-type":"","background-media":"","overlay-type":"","overlay-color":"","overlay-opacity":"","overlay-gradient":""}},"ast-content-background-meta":{"desktop":{"background-color":"var(--ast-global-color-5)","background-image":"","background-repeat":"repeat","background-position":"center center","background-size":"auto","background-attachment":"scroll","background-type":"","background-media":"","overlay-type":"","overlay-color":"","overlay-opacity":"","overlay-gradient":""},"tablet":{"background-color":"var(--ast-global-color-5)","background-image":"","background-repeat":"repeat","background-position":"center center","background-size":"auto","background-attachment":"scroll","background-type":"","background-media":"","overlay-type":"","overlay-color":"","overlay-opacity":"","overlay-gradient":""},"mobile":{"background-color":"var(--ast-global-color-5)","background-image":"","background-repeat":"repeat","background-position":"center center","background-size":"auto","background-attachment":"scroll","background-type":"","background-media":"","overlay-type":"","overlay-color":"","overlay-opacity":"","overlay-gradient":""}},"footnotes":""},"categories":[3817],"tags":[],"class_list":["post-32172","post","type-post","status-publish","format-image","hentry","category-camara-municipal-de-parnamirim","post_format-post-format-image"],"_links":{"self":[{"href":"https:\/\/noticiasnoface.com.br\/index.php\/wp-json\/wp\/v2\/posts\/32172","targetHints":{"allow":["GET"]}}],"collection":[{"href":"https:\/\/noticiasnoface.com.br\/index.php\/wp-json\/wp\/v2\/posts"}],"about":[{"href":"https:\/\/noticiasnoface.com.br\/index.php\/wp-json\/wp\/v2\/types\/post"}],"author":[{"embeddable":true,"href":"https:\/\/noticiasnoface.com.br\/index.php\/wp-json\/wp\/v2\/users\/1"}],"replies":[{"embeddable":true,"href":"https:\/\/noticiasnoface.com.br\/index.php\/wp-json\/wp\/v2\/comments?post=32172"}],"version-history":[{"count":1,"href":"https:\/\/noticiasnoface.com.br\/index.php\/wp-json\/wp\/v2\/posts\/32172\/revisions"}],"predecessor-version":[{"id":32173,"href":"https:\/\/noticiasnoface.com.br\/index.php\/wp-json\/wp\/v2\/posts\/32172\/revisions\/32173"}],"wp:attachment":[{"href":"https:\/\/noticiasnoface.com.br\/index.php\/wp-json\/wp\/v2\/media?parent=32172"}],"wp:term":[{"taxonomy":"category","embeddable":true,"href":"https:\/\/noticiasnoface.com.br\/index.php\/wp-json\/wp\/v2\/categories?post=32172"},{"taxonomy":"post_tag","embeddable":true,"href":"https:\/\/noticiasnoface.com.br\/index.php\/wp-json\/wp\/v2\/tags?post=32172"}],"curies":[{"name":"wp","href":"https:\/\/api.w.org\/{rel}","templated":true}]}}