{"id":32183,"date":"2026-04-28T21:39:23","date_gmt":"2026-04-29T00:39:23","guid":{"rendered":"https:\/\/noticiasnoface.com.br\/?p=32183"},"modified":"2026-04-28T21:39:23","modified_gmt":"2026-04-29T00:39:23","slug":"camara-de-natal-aprova-oito-projetos-em-primeira-discussao","status":"publish","type":"post","link":"https:\/\/noticiasnoface.com.br\/index.php\/2026\/04\/28\/camara-de-natal-aprova-oito-projetos-em-primeira-discussao\/","title":{"rendered":"C\u00e2mara de Natal aprova oito projetos em primeira discuss\u00e3o&nbsp;"},"content":{"rendered":"\n<figure class=\"wp-block-image foto-noticia\"><img data-opt-id=2144188668  fetchpriority=\"high\" decoding=\"async\" src=\"https:\/\/www.cmnat.rn.gov.br\/_ups\/noticias\/2026\/04\/28\/ec56ab3a8c2cbaf4cae8fda71a973a29.jpeg\" alt=\"\"\/><\/figure>\n\n\n\n<p>Os vereadores de Natal aprovaram, na sess\u00e3o ordin\u00e1ria desta ter\u00e7a-feira (28), oito projetos de lei em primeira discuss\u00e3o. As mat\u00e9rias seguem para nova aprecia\u00e7\u00e3o em plen\u00e1rio nas pr\u00f3ximas sess\u00f5es.<\/p>\n\n\n\n<p>Entre os destaques da pauta est\u00e1 o Projeto de Lei n\u00ba 239\/2025, de autoria do vereador Daniell Rendall (Republicanos), que institui o programa \u201cNatal por um tr\u00e2nsito seguro\u201d. A proposta prev\u00ea a participa\u00e7\u00e3o da popula\u00e7\u00e3o na identifica\u00e7\u00e3o de infra\u00e7\u00f5es de tr\u00e2nsito, com foco educativo, estat\u00edstico e de planejamento no munic\u00edpio.<\/p>\n\n\n\n<p>De acordo com o parlamentar, a iniciativa surgiu ap\u00f3s um acidente com v\u00edtima fatal registrado na cidade. \u201cO que a gente quer \u00e9 utilizar ferramentas que permitam identificar problemas no tr\u00e2nsito e, a partir disso, reduzir o n\u00famero de infra\u00e7\u00f5es e tornar a cidade mais segura\u201d, explicou. O projeto tamb\u00e9m prev\u00ea o uso de aplicativos para registro de irregularidades, que poder\u00e3o ser acompanhadas pelos \u00f3rg\u00e3os competentes.<\/p>\n\n\n\n<p>Outro projeto aprovado em primeira discuss\u00e3o foi o PL n\u00ba 35\/2024, de autoria da vereadora Nina Souza (PL), que pro\u00edbe o transporte de menores de 14 anos desacompanhados de pais ou respons\u00e1veis em ve\u00edculos por aplicativo e t\u00e1xis no munic\u00edpio. A proposta busca refor\u00e7ar a seguran\u00e7a de crian\u00e7as e adolescentes durante o uso desse tipo de servi\u00e7o.<\/p>\n\n\n\n<p>Tamb\u00e9m avan\u00e7ou o Projeto de Lei n\u00ba 852\/2023, do vereador \u00c9riko J\u00e1come (PSDB), que trata do desenvolvimento sustent\u00e1vel de Natal. A mat\u00e9ria prop\u00f5e a integra\u00e7\u00e3o dos Objetivos de Desenvolvimento Sustent\u00e1vel (ODS), estabelecidos pelas Na\u00e7\u00f5es Unidas, \u00e0s pol\u00edticas p\u00fablicas e programas municipais.<\/p>\n\n\n\n<p>Texto: Phablo Galv\u00e3o&nbsp;<br \/>Fotos: Francisco de Assis<\/p>\n","protected":false},"excerpt":{"rendered":"<p>Os vereadores de Natal aprovaram, na sess\u00e3o ordin\u00e1ria desta ter\u00e7a-feira (28), oito projetos de lei em primeira discuss\u00e3o. As mat\u00e9rias [&hellip;]<\/p>\n","protected":false},"author":1,"featured_media":0,"comment_status":"closed","ping_status":"","sticky":false,"template":"","format":"image","meta":{"site-sidebar-layout":"default","site-content-layout":"","ast-site-content-layout":"default","site-content-style":"default","site-sidebar-style":"default","ast-global-header-display":"","ast-banner-title-visibility":"","ast-main-header-display":"","ast-hfb-above-header-display":"","ast-hfb-below-header-display":"","ast-hfb-mobile-header-display":"","site-post-title":"","ast-breadcrumbs-content":"","ast-featured-img":"","footer-sml-layout":"","ast-disable-related-posts":"","theme-transparent-header-meta":"","adv-header-id-meta":"","stick-header-meta":"","header-above-stick-meta":"","header-main-stick-meta":"","header-below-stick-meta":"","astra-migrate-meta-layouts":"default","ast-page-background-enabled":"default","ast-page-background-meta":{"desktop":{"background-color":"var(--ast-global-color-4)","background-image":"","background-repeat":"repeat","background-position":"center center","background-size":"auto","background-attachment":"scroll","background-type":"","background-media":"","overlay-type":"","overlay-color":"","overlay-opacity":"","overlay-gradient":""},"tablet":{"background-color":"","background-image":"","background-repeat":"repeat","background-position":"center center","background-size":"auto","background-attachment":"scroll","background-type":"","background-media":"","overlay-type":"","overlay-color":"","overlay-opacity":"","overlay-gradient":""},"mobile":{"background-color":"","background-image":"","background-repeat":"repeat","background-position":"center center","background-size":"auto","background-attachment":"scroll","background-type":"","background-media":"","overlay-type":"","overlay-color":"","overlay-opacity":"","overlay-gradient":""}},"ast-content-background-meta":{"desktop":{"background-color":"var(--ast-global-color-5)","background-image":"","background-repeat":"repeat","background-position":"center center","background-size":"auto","background-attachment":"scroll","background-type":"","background-media":"","overlay-type":"","overlay-color":"","overlay-opacity":"","overlay-gradient":""},"tablet":{"background-color":"var(--ast-global-color-5)","background-image":"","background-repeat":"repeat","background-position":"center center","background-size":"auto","background-attachment":"scroll","background-type":"","background-media":"","overlay-type":"","overlay-color":"","overlay-opacity":"","overlay-gradient":""},"mobile":{"background-color":"var(--ast-global-color-5)","background-image":"","background-repeat":"repeat","background-position":"center center","background-size":"auto","background-attachment":"scroll","background-type":"","background-media":"","overlay-type":"","overlay-color":"","overlay-opacity":"","overlay-gradient":""}},"footnotes":""},"categories":[3816],"tags":[],"class_list":["post-32183","post","type-post","status-publish","format-image","hentry","category-camara-municipal-de-natal","post_format-post-format-image"],"_links":{"self":[{"href":"https:\/\/noticiasnoface.com.br\/index.php\/wp-json\/wp\/v2\/posts\/32183","targetHints":{"allow":["GET"]}}],"collection":[{"href":"https:\/\/noticiasnoface.com.br\/index.php\/wp-json\/wp\/v2\/posts"}],"about":[{"href":"https:\/\/noticiasnoface.com.br\/index.php\/wp-json\/wp\/v2\/types\/post"}],"author":[{"embeddable":true,"href":"https:\/\/noticiasnoface.com.br\/index.php\/wp-json\/wp\/v2\/users\/1"}],"replies":[{"embeddable":true,"href":"https:\/\/noticiasnoface.com.br\/index.php\/wp-json\/wp\/v2\/comments?post=32183"}],"version-history":[{"count":1,"href":"https:\/\/noticiasnoface.com.br\/index.php\/wp-json\/wp\/v2\/posts\/32183\/revisions"}],"predecessor-version":[{"id":32184,"href":"https:\/\/noticiasnoface.com.br\/index.php\/wp-json\/wp\/v2\/posts\/32183\/revisions\/32184"}],"wp:attachment":[{"href":"https:\/\/noticiasnoface.com.br\/index.php\/wp-json\/wp\/v2\/media?parent=32183"}],"wp:term":[{"taxonomy":"category","embeddable":true,"href":"https:\/\/noticiasnoface.com.br\/index.php\/wp-json\/wp\/v2\/categories?post=32183"},{"taxonomy":"post_tag","embeddable":true,"href":"https:\/\/noticiasnoface.com.br\/index.php\/wp-json\/wp\/v2\/tags?post=32183"}],"curies":[{"name":"wp","href":"https:\/\/api.w.org\/{rel}","templated":true}]}}