{"id":32186,"date":"2026-04-28T21:42:27","date_gmt":"2026-04-29T00:42:27","guid":{"rendered":"https:\/\/noticiasnoface.com.br\/?p=32186"},"modified":"2026-04-28T21:42:27","modified_gmt":"2026-04-29T00:42:27","slug":"banda-municipal-de-extremoz-confirma-presenca-no-1oencontro-de-bandas-filarmonicas","status":"publish","type":"post","link":"https:\/\/noticiasnoface.com.br\/index.php\/2026\/04\/28\/banda-municipal-de-extremoz-confirma-presenca-no-1oencontro-de-bandas-filarmonicas\/","title":{"rendered":"Banda Municipal de Extremoz confirma presen\u00e7a no 1\u00baEncontro de Bandas Filarm\u00f4nicas"},"content":{"rendered":"\n<p><\/p>\n\n\n\n<figure class=\"wp-block-image size-large\"><img data-opt-id=390570551  fetchpriority=\"high\" decoding=\"async\" width=\"846\" height=\"1024\" src=\"https:\/\/mlbfrsat7ahr.i.optimole.com\/w:846\/h:1024\/q:mauto\/ig:avif\/https:\/\/noticiasnoface.com.br\/wp-content\/uploads\/2026\/04\/img_0653.jpg\" class=\"wp-image-32185\" srcset=\"https:\/\/mlbfrsat7ahr.i.optimole.com\/w:846\/h:1024\/q:mauto\/ig:avif\/https:\/\/noticiasnoface.com.br\/wp-content\/uploads\/2026\/04\/img_0653.jpg 846w, https:\/\/mlbfrsat7ahr.i.optimole.com\/w:248\/h:300\/q:mauto\/ig:avif\/https:\/\/noticiasnoface.com.br\/wp-content\/uploads\/2026\/04\/img_0653.jpg 248w, https:\/\/mlbfrsat7ahr.i.optimole.com\/w:768\/h:930\/q:mauto\/ig:avif\/https:\/\/noticiasnoface.com.br\/wp-content\/uploads\/2026\/04\/img_0653.jpg 768w, https:\/\/mlbfrsat7ahr.i.optimole.com\/w:891\/h:1080\/q:mauto\/ig:avif\/https:\/\/noticiasnoface.com.br\/wp-content\/uploads\/2026\/04\/img_0653.jpg 1260w\" sizes=\"(max-width: 846px) 100vw, 846px\" \/><figcaption class=\"wp-element-caption\">Prefeitura Municipal de Extremoz, por meio da Secretaria Municipal de Cultura, tem a satisfa\u00e7\u00e3o de anunciar mais uma banda confirmada para o 1\u00ba Encontro de Bandas e Filarm\u00f4nicas de Extremoz.<br>Pyd Banda Municipal de Extremoz<br>@banda_municipal_extremoz<br>Representando com excel\u00eancia o nosso munic\u00edpio, a Banda Municipal abrilhantar\u00e1 o evento com uma apresenta\u00e7\u00e3o que valoriza a cultura local e o talento dos nossos m\u00fasicos.<br>\u0627\u0644\u0627\u0644<br>17 Data: 03 de maio<br>\u2022 Hor\u00e1rio: 18h<br>9 Local: Pra\u00e7a Presidente Caf\u00e9 Filho<br>Em breve, novas bandas ser\u00e3o divulgadas.<br>Contamos com a presen\u00e7a de todos.<\/figcaption><\/figure>\n","protected":false},"excerpt":{"rendered":"","protected":false},"author":1,"featured_media":0,"comment_status":"closed","ping_status":"","sticky":false,"template":"","format":"image","meta":{"site-sidebar-layout":"default","site-content-layout":"","ast-site-content-layout":"default","site-content-style":"default","site-sidebar-style":"default","ast-global-header-display":"","ast-banner-title-visibility":"","ast-main-header-display":"","ast-hfb-above-header-display":"","ast-hfb-below-header-display":"","ast-hfb-mobile-header-display":"","site-post-title":"","ast-breadcrumbs-content":"","ast-featured-img":"","footer-sml-layout":"","ast-disable-related-posts":"","theme-transparent-header-meta":"","adv-header-id-meta":"","stick-header-meta":"","header-above-stick-meta":"","header-main-stick-meta":"","header-below-stick-meta":"","astra-migrate-meta-layouts":"default","ast-page-background-enabled":"default","ast-page-background-meta":{"desktop":{"background-color":"var(--ast-global-color-4)","background-image":"","background-repeat":"repeat","background-position":"center center","background-size":"auto","background-attachment":"scroll","background-type":"","background-media":"","overlay-type":"","overlay-color":"","overlay-opacity":"","overlay-gradient":""},"tablet":{"background-color":"","background-image":"","background-repeat":"repeat","background-position":"center center","background-size":"auto","background-attachment":"scroll","background-type":"","background-media":"","overlay-type":"","overlay-color":"","overlay-opacity":"","overlay-gradient":""},"mobile":{"background-color":"","background-image":"","background-repeat":"repeat","background-position":"center center","background-size":"auto","background-attachment":"scroll","background-type":"","background-media":"","overlay-type":"","overlay-color":"","overlay-opacity":"","overlay-gradient":""}},"ast-content-background-meta":{"desktop":{"background-color":"var(--ast-global-color-5)","background-image":"","background-repeat":"repeat","background-position":"center center","background-size":"auto","background-attachment":"scroll","background-type":"","background-media":"","overlay-type":"","overlay-color":"","overlay-opacity":"","overlay-gradient":""},"tablet":{"background-color":"var(--ast-global-color-5)","background-image":"","background-repeat":"repeat","background-position":"center center","background-size":"auto","background-attachment":"scroll","background-type":"","background-media":"","overlay-type":"","overlay-color":"","overlay-opacity":"","overlay-gradient":""},"mobile":{"background-color":"var(--ast-global-color-5)","background-image":"","background-repeat":"repeat","background-position":"center center","background-size":"auto","background-attachment":"scroll","background-type":"","background-media":"","overlay-type":"","overlay-color":"","overlay-opacity":"","overlay-gradient":""}},"footnotes":""},"categories":[3841],"tags":[],"class_list":["post-32186","post","type-post","status-publish","format-image","hentry","category-prefeitura-de-extremoz","post_format-post-format-image"],"_links":{"self":[{"href":"https:\/\/noticiasnoface.com.br\/index.php\/wp-json\/wp\/v2\/posts\/32186","targetHints":{"allow":["GET"]}}],"collection":[{"href":"https:\/\/noticiasnoface.com.br\/index.php\/wp-json\/wp\/v2\/posts"}],"about":[{"href":"https:\/\/noticiasnoface.com.br\/index.php\/wp-json\/wp\/v2\/types\/post"}],"author":[{"embeddable":true,"href":"https:\/\/noticiasnoface.com.br\/index.php\/wp-json\/wp\/v2\/users\/1"}],"replies":[{"embeddable":true,"href":"https:\/\/noticiasnoface.com.br\/index.php\/wp-json\/wp\/v2\/comments?post=32186"}],"version-history":[{"count":1,"href":"https:\/\/noticiasnoface.com.br\/index.php\/wp-json\/wp\/v2\/posts\/32186\/revisions"}],"predecessor-version":[{"id":32187,"href":"https:\/\/noticiasnoface.com.br\/index.php\/wp-json\/wp\/v2\/posts\/32186\/revisions\/32187"}],"wp:attachment":[{"href":"https:\/\/noticiasnoface.com.br\/index.php\/wp-json\/wp\/v2\/media?parent=32186"}],"wp:term":[{"taxonomy":"category","embeddable":true,"href":"https:\/\/noticiasnoface.com.br\/index.php\/wp-json\/wp\/v2\/categories?post=32186"},{"taxonomy":"post_tag","embeddable":true,"href":"https:\/\/noticiasnoface.com.br\/index.php\/wp-json\/wp\/v2\/tags?post=32186"}],"curies":[{"name":"wp","href":"https:\/\/api.w.org\/{rel}","templated":true}]}}