{"id":32199,"date":"2026-04-29T21:13:43","date_gmt":"2026-04-30T00:13:43","guid":{"rendered":"https:\/\/noticiasnoface.com.br\/?p=32199"},"modified":"2026-04-29T21:13:43","modified_gmt":"2026-04-30T00:13:43","slug":"camara-municipal-aprova-utilizacao-de-areas-publicas-para-eventos-comunitarios","status":"publish","type":"post","link":"https:\/\/noticiasnoface.com.br\/index.php\/2026\/04\/29\/camara-municipal-aprova-utilizacao-de-areas-publicas-para-eventos-comunitarios\/","title":{"rendered":"C\u00e2mara Municipal aprova utiliza\u00e7\u00e3o de \u00e1reas p\u00fablicas para eventos comunit\u00e1rios&nbsp;"},"content":{"rendered":"\n<figure class=\"wp-block-image foto-noticia\"><img data-opt-id=2077788918  fetchpriority=\"high\" decoding=\"async\" src=\"https:\/\/www.cmnat.rn.gov.br\/_ups\/noticias\/2026\/04\/29\/2dde049b61be8896e3e938be7ae22d3f.jpeg\" alt=\"\"\/><\/figure>\n\n\n\n<p>Grupos e organiza\u00e7\u00f5es sociais, em breve, poder\u00e3o utilizar \u00e1reas verdes n\u00e3o urbanizadas dispon\u00edveis nos diversos bairros da Capital Potiguar para a realiza\u00e7\u00e3o de &nbsp;eventos esportivos, culturais e de integra\u00e7\u00e3o comunit\u00e1ria. A proposta, do vereador Kleber Fernandes (Republicanos) por meio do projeto de lei 91\/2024, foi aprovada durante a sess\u00e3o ordin\u00e1ria da C\u00e2mara Municipal de Natal nesta quarta-feira (29), juntamente com outras nove mat\u00e9rias, e agora vai \u00e0 san\u00e7\u00e3o do Prefeito.<\/p>\n\n\n\n<p>De acordo com a mat\u00e9ria, as \u00e1reas destinadas para esses eventos ser\u00e3o catalogadas pela Secretaria Municipal de Meio Ambiente e Urbanismo (Semurb), ao passo que a autoriza\u00e7\u00e3o para as atividades ser\u00e1 de responsabilidade da Secretaria Municipal de Esporte e Lazer. Nesse sentido, os interessados dever\u00e3o enviar seus projetos antecipadamente para a an\u00e1lise dos referidos \u00f3rg\u00e3os municipais.<\/p>\n\n\n\n<p>\u201cExistem muitas \u00e1reas verdes no munic\u00edpio de Natal, espalhadas em diversos bairros da cidade, que n\u00e3o t\u00eam uma destina\u00e7\u00e3o espec\u00edfica. N\u00e3o h\u00e1 pra\u00e7a, n\u00e3o h\u00e1 quadra, n\u00e3o h\u00e1 uma perspectiva de constru\u00e7\u00e3o de escola, de CEMEI, de qualquer equipamento p\u00fablico, e que, consequentemente, com a aprova\u00e7\u00e3o dessa mat\u00e9ria, passa a dar \u00e0 comunidade uma possibilidade de ocupa\u00e7\u00e3o para fins de atividades esportivas, socioculturais, de sa\u00fade, de bem-estar, de qualidade de vida, enfim, de integra\u00e7\u00e3o social da pr\u00f3pria comunidade\u201d, explicou o autor da mat\u00e9ria, vereador Kleber Fernandes.<\/p>\n\n\n\n<p>Entre os demais projetos aprovados em segunda discuss\u00e3o pelo plen\u00e1rio est\u00e1 o PL 47\/2025, de autoria do vereador Jo\u00e3o Batista Torres (DC), o qual inclui no calend\u00e1rio oficial da cidade o \u201cDia Municipal do Detetive, do Agente de Investiga\u00e7\u00e3o e do Perito Particular\u201d, a ser celebrado no dia 11 de abril. Al\u00e9m da destina\u00e7\u00e3o da data para essas categorias profissionais, a mat\u00e9ria prev\u00ea a realiza\u00e7\u00e3o de eventos, palestras e cursos de capacita\u00e7\u00e3o para esse p\u00fablico e para a sociedade.<\/p>\n\n\n\n<p>\u201cN\u00f3s, aqui nessa casa, apresentamos esse projeto de lei para que a gente possa dar uma aten\u00e7\u00e3o a essa classe que, por hora, digamos assim, estava esquecida. Entretanto, por meio deste nosso projeto de lei, agora ter\u00e1 no calend\u00e1rio municipal o dia do detetive e do perito particular\u201d, declarou Jo\u00e3o Batista Torres.<\/p>\n\n\n\n<p>Texto: Cleber Femina<br \/>Fotos: Francisco de Assis<\/p>\n","protected":false},"excerpt":{"rendered":"<p>Grupos e organiza\u00e7\u00f5es sociais, em breve, poder\u00e3o utilizar \u00e1reas verdes n\u00e3o urbanizadas dispon\u00edveis nos diversos bairros da Capital Potiguar para [&hellip;]<\/p>\n","protected":false},"author":1,"featured_media":0,"comment_status":"closed","ping_status":"","sticky":false,"template":"","format":"image","meta":{"site-sidebar-layout":"default","site-content-layout":"","ast-site-content-layout":"default","site-content-style":"default","site-sidebar-style":"default","ast-global-header-display":"","ast-banner-title-visibility":"","ast-main-header-display":"","ast-hfb-above-header-display":"","ast-hfb-below-header-display":"","ast-hfb-mobile-header-display":"","site-post-title":"","ast-breadcrumbs-content":"","ast-featured-img":"","footer-sml-layout":"","ast-disable-related-posts":"","theme-transparent-header-meta":"","adv-header-id-meta":"","stick-header-meta":"","header-above-stick-meta":"","header-main-stick-meta":"","header-below-stick-meta":"","astra-migrate-meta-layouts":"default","ast-page-background-enabled":"default","ast-page-background-meta":{"desktop":{"background-color":"var(--ast-global-color-4)","background-image":"","background-repeat":"repeat","background-position":"center center","background-size":"auto","background-attachment":"scroll","background-type":"","background-media":"","overlay-type":"","overlay-color":"","overlay-opacity":"","overlay-gradient":""},"tablet":{"background-color":"","background-image":"","background-repeat":"repeat","background-position":"center center","background-size":"auto","background-attachment":"scroll","background-type":"","background-media":"","overlay-type":"","overlay-color":"","overlay-opacity":"","overlay-gradient":""},"mobile":{"background-color":"","background-image":"","background-repeat":"repeat","background-position":"center center","background-size":"auto","background-attachment":"scroll","background-type":"","background-media":"","overlay-type":"","overlay-color":"","overlay-opacity":"","overlay-gradient":""}},"ast-content-background-meta":{"desktop":{"background-color":"var(--ast-global-color-5)","background-image":"","background-repeat":"repeat","background-position":"center center","background-size":"auto","background-attachment":"scroll","background-type":"","background-media":"","overlay-type":"","overlay-color":"","overlay-opacity":"","overlay-gradient":""},"tablet":{"background-color":"var(--ast-global-color-5)","background-image":"","background-repeat":"repeat","background-position":"center center","background-size":"auto","background-attachment":"scroll","background-type":"","background-media":"","overlay-type":"","overlay-color":"","overlay-opacity":"","overlay-gradient":""},"mobile":{"background-color":"var(--ast-global-color-5)","background-image":"","background-repeat":"repeat","background-position":"center center","background-size":"auto","background-attachment":"scroll","background-type":"","background-media":"","overlay-type":"","overlay-color":"","overlay-opacity":"","overlay-gradient":""}},"footnotes":""},"categories":[3816],"tags":[],"class_list":["post-32199","post","type-post","status-publish","format-image","hentry","category-camara-municipal-de-natal","post_format-post-format-image"],"_links":{"self":[{"href":"https:\/\/noticiasnoface.com.br\/index.php\/wp-json\/wp\/v2\/posts\/32199","targetHints":{"allow":["GET"]}}],"collection":[{"href":"https:\/\/noticiasnoface.com.br\/index.php\/wp-json\/wp\/v2\/posts"}],"about":[{"href":"https:\/\/noticiasnoface.com.br\/index.php\/wp-json\/wp\/v2\/types\/post"}],"author":[{"embeddable":true,"href":"https:\/\/noticiasnoface.com.br\/index.php\/wp-json\/wp\/v2\/users\/1"}],"replies":[{"embeddable":true,"href":"https:\/\/noticiasnoface.com.br\/index.php\/wp-json\/wp\/v2\/comments?post=32199"}],"version-history":[{"count":1,"href":"https:\/\/noticiasnoface.com.br\/index.php\/wp-json\/wp\/v2\/posts\/32199\/revisions"}],"predecessor-version":[{"id":32200,"href":"https:\/\/noticiasnoface.com.br\/index.php\/wp-json\/wp\/v2\/posts\/32199\/revisions\/32200"}],"wp:attachment":[{"href":"https:\/\/noticiasnoface.com.br\/index.php\/wp-json\/wp\/v2\/media?parent=32199"}],"wp:term":[{"taxonomy":"category","embeddable":true,"href":"https:\/\/noticiasnoface.com.br\/index.php\/wp-json\/wp\/v2\/categories?post=32199"},{"taxonomy":"post_tag","embeddable":true,"href":"https:\/\/noticiasnoface.com.br\/index.php\/wp-json\/wp\/v2\/tags?post=32199"}],"curies":[{"name":"wp","href":"https:\/\/api.w.org\/{rel}","templated":true}]}}