{"id":32202,"date":"2026-04-29T21:14:38","date_gmt":"2026-04-30T00:14:38","guid":{"rendered":"https:\/\/noticiasnoface.com.br\/?p=32202"},"modified":"2026-04-29T21:14:57","modified_gmt":"2026-04-30T00:14:57","slug":"em-brasilia-vereadores-garantem-r-6-milhoes-para-obras-da-via-verde","status":"publish","type":"post","link":"https:\/\/noticiasnoface.com.br\/index.php\/2026\/04\/29\/em-brasilia-vereadores-garantem-r-6-milhoes-para-obras-da-via-verde\/","title":{"rendered":"Em Bras\u00edlia, vereadores garantem R$ 6 milh\u00f5es para obras da Via Verde"},"content":{"rendered":"\n<figure class=\"wp-block-image size-large\"><img data-opt-id=1553710952  fetchpriority=\"high\" decoding=\"async\" width=\"1024\" height=\"649\" src=\"https:\/\/mlbfrsat7ahr.i.optimole.com\/w:1024\/h:649\/q:mauto\/ig:avif\/https:\/\/noticiasnoface.com.br\/wp-content\/uploads\/2026\/04\/2d5eb504-1e81-4b4b-8c25-07b845f417bc.jpg\" class=\"wp-image-32201\" srcset=\"https:\/\/mlbfrsat7ahr.i.optimole.com\/w:1024\/h:649\/q:mauto\/ig:avif\/https:\/\/noticiasnoface.com.br\/wp-content\/uploads\/2026\/04\/2d5eb504-1e81-4b4b-8c25-07b845f417bc.jpg 1024w, https:\/\/mlbfrsat7ahr.i.optimole.com\/w:300\/h:190\/q:mauto\/ig:avif\/https:\/\/noticiasnoface.com.br\/wp-content\/uploads\/2026\/04\/2d5eb504-1e81-4b4b-8c25-07b845f417bc.jpg 300w, https:\/\/mlbfrsat7ahr.i.optimole.com\/w:768\/h:487\/q:mauto\/ig:avif\/https:\/\/noticiasnoface.com.br\/wp-content\/uploads\/2026\/04\/2d5eb504-1e81-4b4b-8c25-07b845f417bc.jpg 768w, https:\/\/mlbfrsat7ahr.i.optimole.com\/w:1536\/h:973\/q:mauto\/ig:avif\/https:\/\/noticiasnoface.com.br\/wp-content\/uploads\/2026\/04\/2d5eb504-1e81-4b4b-8c25-07b845f417bc.jpg 1536w, https:\/\/mlbfrsat7ahr.i.optimole.com\/w:1600\/h:1014\/q:mauto\/ig:avif\/https:\/\/noticiasnoface.com.br\/wp-content\/uploads\/2026\/04\/2d5eb504-1e81-4b4b-8c25-07b845f417bc.jpg 1600w\" sizes=\"(max-width: 1000px) 100vw, 1000px\" \/><\/figure>\n\n\n\n<p>Durante participa\u00e7\u00e3o na 25\u00aa Marcha dos Gestores e Legislativos Municipais, em Bras\u00edlia, um grupo de 14 vereadores da C\u00e2mara de Parnamirim articulou a destina\u00e7\u00e3o de recursos para viabilizar o in\u00edcio das obras da Via Verde, considerada um dos principais projetos de mobilidade urbana do munic\u00edpio.<\/p>\n\n\n\n<p>A comitiva municipal realizou visitas institucionais a parlamentares federais com o objetivo de garantir apoio financeiro \u00e0 iniciativa. Como resultado das articula\u00e7\u00f5es, foram assegurados R$ 6 milh\u00f5es em emendas parlamentares. Desse total, R$ 5 milh\u00f5es foram viabilizados para execu\u00e7\u00e3o ainda neste ano por meio do deputado federal General Gir\u00e3o, al\u00e9m de R$ 1 milh\u00e3o remanejado. Soma-se a esses valores outros R$ 2 milh\u00f5es j\u00e1 previstos no or\u00e7amento da C\u00e2mara Municipal, totalizando R$ 8 milh\u00f5es para in\u00edcio das obras no munic\u00edpio.<\/p>\n\n\n\n<p>Para o presidente Dr. C\u00e9sar Maia, o momento representa avan\u00e7o concreto: \u201cEstamos transformando di\u00e1logo em conquistas reais. A Via Verde n\u00e3o \u00e9 mais promessa, \u00e9 um projeto com recursos assegurados e cada vez mais pr\u00f3ximo de se tornar realidade\u201d. A expectativa agora \u00e9 seguir avan\u00e7ando na capta\u00e7\u00e3o de novos investimentos, garantindo desenvolvimento, mobilidade e mais qualidade de vida para a popula\u00e7\u00e3o.<\/p>\n\n\n\n<p><em>Abaixo-assinado<\/em><br \/>Paralelamente \u00e0s tratativas institucionais, a C\u00e2mara de Parnamirim iniciou uma mobiliza\u00e7\u00e3o popular para fortalecer o projeto. Est\u00e1 em andamento uma campanha de coleta de assinaturas, que j\u00e1 alcan\u00e7ou mais de 5 mil assinaturas, mostrando o apoio da popula\u00e7\u00e3o \u00e0 execu\u00e7\u00e3o da obra. A ades\u00e3o pode ser realizada por meio do site oficial: https:\/\/viaverdeparnamirim.com.br\/.<\/p>\n","protected":false},"excerpt":{"rendered":"<p>Durante participa\u00e7\u00e3o na 25\u00aa Marcha dos Gestores e Legislativos Municipais, em Bras\u00edlia, um grupo de 14 vereadores da C\u00e2mara de [&hellip;]<\/p>\n","protected":false},"author":1,"featured_media":0,"comment_status":"closed","ping_status":"","sticky":false,"template":"","format":"image","meta":{"site-sidebar-layout":"default","site-content-layout":"","ast-site-content-layout":"default","site-content-style":"default","site-sidebar-style":"default","ast-global-header-display":"","ast-banner-title-visibility":"","ast-main-header-display":"","ast-hfb-above-header-display":"","ast-hfb-below-header-display":"","ast-hfb-mobile-header-display":"","site-post-title":"","ast-breadcrumbs-content":"","ast-featured-img":"","footer-sml-layout":"","ast-disable-related-posts":"","theme-transparent-header-meta":"","adv-header-id-meta":"","stick-header-meta":"","header-above-stick-meta":"","header-main-stick-meta":"","header-below-stick-meta":"","astra-migrate-meta-layouts":"default","ast-page-background-enabled":"default","ast-page-background-meta":{"desktop":{"background-color":"var(--ast-global-color-4)","background-image":"","background-repeat":"repeat","background-position":"center center","background-size":"auto","background-attachment":"scroll","background-type":"","background-media":"","overlay-type":"","overlay-color":"","overlay-opacity":"","overlay-gradient":""},"tablet":{"background-color":"","background-image":"","background-repeat":"repeat","background-position":"center center","background-size":"auto","background-attachment":"scroll","background-type":"","background-media":"","overlay-type":"","overlay-color":"","overlay-opacity":"","overlay-gradient":""},"mobile":{"background-color":"","background-image":"","background-repeat":"repeat","background-position":"center center","background-size":"auto","background-attachment":"scroll","background-type":"","background-media":"","overlay-type":"","overlay-color":"","overlay-opacity":"","overlay-gradient":""}},"ast-content-background-meta":{"desktop":{"background-color":"var(--ast-global-color-5)","background-image":"","background-repeat":"repeat","background-position":"center center","background-size":"auto","background-attachment":"scroll","background-type":"","background-media":"","overlay-type":"","overlay-color":"","overlay-opacity":"","overlay-gradient":""},"tablet":{"background-color":"var(--ast-global-color-5)","background-image":"","background-repeat":"repeat","background-position":"center center","background-size":"auto","background-attachment":"scroll","background-type":"","background-media":"","overlay-type":"","overlay-color":"","overlay-opacity":"","overlay-gradient":""},"mobile":{"background-color":"var(--ast-global-color-5)","background-image":"","background-repeat":"repeat","background-position":"center center","background-size":"auto","background-attachment":"scroll","background-type":"","background-media":"","overlay-type":"","overlay-color":"","overlay-opacity":"","overlay-gradient":""}},"footnotes":""},"categories":[3817],"tags":[],"class_list":["post-32202","post","type-post","status-publish","format-image","hentry","category-camara-municipal-de-parnamirim","post_format-post-format-image"],"_links":{"self":[{"href":"https:\/\/noticiasnoface.com.br\/index.php\/wp-json\/wp\/v2\/posts\/32202","targetHints":{"allow":["GET"]}}],"collection":[{"href":"https:\/\/noticiasnoface.com.br\/index.php\/wp-json\/wp\/v2\/posts"}],"about":[{"href":"https:\/\/noticiasnoface.com.br\/index.php\/wp-json\/wp\/v2\/types\/post"}],"author":[{"embeddable":true,"href":"https:\/\/noticiasnoface.com.br\/index.php\/wp-json\/wp\/v2\/users\/1"}],"replies":[{"embeddable":true,"href":"https:\/\/noticiasnoface.com.br\/index.php\/wp-json\/wp\/v2\/comments?post=32202"}],"version-history":[{"count":1,"href":"https:\/\/noticiasnoface.com.br\/index.php\/wp-json\/wp\/v2\/posts\/32202\/revisions"}],"predecessor-version":[{"id":32203,"href":"https:\/\/noticiasnoface.com.br\/index.php\/wp-json\/wp\/v2\/posts\/32202\/revisions\/32203"}],"wp:attachment":[{"href":"https:\/\/noticiasnoface.com.br\/index.php\/wp-json\/wp\/v2\/media?parent=32202"}],"wp:term":[{"taxonomy":"category","embeddable":true,"href":"https:\/\/noticiasnoface.com.br\/index.php\/wp-json\/wp\/v2\/categories?post=32202"},{"taxonomy":"post_tag","embeddable":true,"href":"https:\/\/noticiasnoface.com.br\/index.php\/wp-json\/wp\/v2\/tags?post=32202"}],"curies":[{"name":"wp","href":"https:\/\/api.w.org\/{rel}","templated":true}]}}