{"id":32212,"date":"2026-04-30T22:25:09","date_gmt":"2026-05-01T01:25:09","guid":{"rendered":"https:\/\/noticiasnoface.com.br\/?p=32212"},"modified":"2026-04-30T22:25:09","modified_gmt":"2026-05-01T01:25:09","slug":"parlamentares-de-parnamirim-recebem-destaque-nacional-na-marcha-dos-vereadores-em-brasilia","status":"publish","type":"post","link":"https:\/\/noticiasnoface.com.br\/index.php\/2026\/04\/30\/parlamentares-de-parnamirim-recebem-destaque-nacional-na-marcha-dos-vereadores-em-brasilia\/","title":{"rendered":"Parlamentares de Parnamirim recebem destaque nacional na Marcha dos Vereadores em Bras\u00edlia"},"content":{"rendered":"\n<figure class=\"wp-block-image size-large\"><img data-opt-id=1094908828  fetchpriority=\"high\" decoding=\"async\" width=\"973\" height=\"1024\" src=\"https:\/\/mlbfrsat7ahr.i.optimole.com\/w:973\/h:1024\/q:mauto\/ig:avif\/https:\/\/noticiasnoface.com.br\/wp-content\/uploads\/2026\/04\/f519e4df-a718-47e0-8e72-944c6e9ab29b.jpg\" class=\"wp-image-32211\" srcset=\"https:\/\/mlbfrsat7ahr.i.optimole.com\/w:973\/h:1024\/q:mauto\/ig:avif\/https:\/\/noticiasnoface.com.br\/wp-content\/uploads\/2026\/04\/f519e4df-a718-47e0-8e72-944c6e9ab29b.jpg 973w, https:\/\/mlbfrsat7ahr.i.optimole.com\/w:285\/h:300\/q:mauto\/ig:avif\/https:\/\/noticiasnoface.com.br\/wp-content\/uploads\/2026\/04\/f519e4df-a718-47e0-8e72-944c6e9ab29b.jpg 285w, https:\/\/mlbfrsat7ahr.i.optimole.com\/w:768\/h:808\/q:mauto\/ig:avif\/https:\/\/noticiasnoface.com.br\/wp-content\/uploads\/2026\/04\/f519e4df-a718-47e0-8e72-944c6e9ab29b.jpg 768w, https:\/\/mlbfrsat7ahr.i.optimole.com\/w:1026\/h:1080\/q:mauto\/ig:avif\/https:\/\/noticiasnoface.com.br\/wp-content\/uploads\/2026\/04\/f519e4df-a718-47e0-8e72-944c6e9ab29b.jpg 1320w\" sizes=\"(max-width: 973px) 100vw, 973px\" \/><\/figure>\n\n\n\n<p>Durante a 25\u00aa Marcha dos Vereadores, realizada em Bras\u00edlia, os vereadores Thiago Fernandes, Professor Diego Am\u00e9rico e Rhalessa de Cl\u00eanio conquistaram reconhecimento nacional por iniciativas de impacto social nas \u00e1reas de inclus\u00e3o digital, educa\u00e7\u00e3o e sa\u00fade mental. A premia\u00e7\u00e3o, concedida pela Uni\u00e3o dos Vereadores do Brasil, destacou projetos que v\u00eam transformando realidades e ampliando o acesso a direitos essenciais.<\/p>\n\n\n\n<p>Pelo terceiro ano consecutivo, o vereador Thiago Fernandes foi agraciado com o \u201cTrof\u00e9u Destaque Nacional\u201d. Dessa vez, pelo projeto \u201cVida e Sa\u00fade: Inclus\u00e3o Digital\u201d, iniciativa que promove o acesso de pessoas idosas \u00e0 tecnologia, incentivando autonomia e qualidade de vida, com encontros semanais que atualmente atendem cerca de 40 participantes.<\/p>\n\n\n\n<p>O vereador Diego Am\u00e9rico recebeu premia\u00e7\u00e3o pelo projeto \u201cConectados\u201d, voltado \u00e0 educa\u00e7\u00e3o de jovens da rede p\u00fablica. A iniciativa oferece curso preparat\u00f3rio gratuito com foco no ingresso no Instituto Federal do Rio Grande do Norte, ampliando oportunidades e democratizando o acesso ao ensino de qualidade. A edi\u00e7\u00e3o de 2026 est\u00e1 prevista para iniciar em maio, com aulas todos os s\u00e1bados, na sede da Casa Legislativa.<\/p>\n\n\n\n<p>A vereadora Rhalessa de Cl\u00eanio foi homenageada pelo projeto \u201cMente Ativa\u201d, que atua na promo\u00e7\u00e3o da sa\u00fade mental em Parnamirim. A iniciativa oferece acolhimento, acompanhamento psicol\u00f3gico e a\u00e7\u00f5es voltadas \u00e0 melhoria da qualidade de vida da popula\u00e7\u00e3o. Durante a cerim\u00f4nia, a parlamentar ressaltou a import\u00e2ncia de ampliar pol\u00edticas p\u00fablicas voltadas ao cuidado com a sa\u00fade mental e \u00e0 valoriza\u00e7\u00e3o das pessoas.<\/p>\n","protected":false},"excerpt":{"rendered":"<p>Durante a 25\u00aa Marcha dos Vereadores, realizada em Bras\u00edlia, os vereadores Thiago Fernandes, Professor Diego Am\u00e9rico e Rhalessa de Cl\u00eanio [&hellip;]<\/p>\n","protected":false},"author":1,"featured_media":0,"comment_status":"closed","ping_status":"","sticky":false,"template":"","format":"image","meta":{"site-sidebar-layout":"default","site-content-layout":"","ast-site-content-layout":"default","site-content-style":"default","site-sidebar-style":"default","ast-global-header-display":"","ast-banner-title-visibility":"","ast-main-header-display":"","ast-hfb-above-header-display":"","ast-hfb-below-header-display":"","ast-hfb-mobile-header-display":"","site-post-title":"","ast-breadcrumbs-content":"","ast-featured-img":"","footer-sml-layout":"","ast-disable-related-posts":"","theme-transparent-header-meta":"","adv-header-id-meta":"","stick-header-meta":"","header-above-stick-meta":"","header-main-stick-meta":"","header-below-stick-meta":"","astra-migrate-meta-layouts":"default","ast-page-background-enabled":"default","ast-page-background-meta":{"desktop":{"background-color":"var(--ast-global-color-4)","background-image":"","background-repeat":"repeat","background-position":"center center","background-size":"auto","background-attachment":"scroll","background-type":"","background-media":"","overlay-type":"","overlay-color":"","overlay-opacity":"","overlay-gradient":""},"tablet":{"background-color":"","background-image":"","background-repeat":"repeat","background-position":"center center","background-size":"auto","background-attachment":"scroll","background-type":"","background-media":"","overlay-type":"","overlay-color":"","overlay-opacity":"","overlay-gradient":""},"mobile":{"background-color":"","background-image":"","background-repeat":"repeat","background-position":"center center","background-size":"auto","background-attachment":"scroll","background-type":"","background-media":"","overlay-type":"","overlay-color":"","overlay-opacity":"","overlay-gradient":""}},"ast-content-background-meta":{"desktop":{"background-color":"var(--ast-global-color-5)","background-image":"","background-repeat":"repeat","background-position":"center center","background-size":"auto","background-attachment":"scroll","background-type":"","background-media":"","overlay-type":"","overlay-color":"","overlay-opacity":"","overlay-gradient":""},"tablet":{"background-color":"var(--ast-global-color-5)","background-image":"","background-repeat":"repeat","background-position":"center center","background-size":"auto","background-attachment":"scroll","background-type":"","background-media":"","overlay-type":"","overlay-color":"","overlay-opacity":"","overlay-gradient":""},"mobile":{"background-color":"var(--ast-global-color-5)","background-image":"","background-repeat":"repeat","background-position":"center center","background-size":"auto","background-attachment":"scroll","background-type":"","background-media":"","overlay-type":"","overlay-color":"","overlay-opacity":"","overlay-gradient":""}},"footnotes":""},"categories":[3817],"tags":[],"class_list":["post-32212","post","type-post","status-publish","format-image","hentry","category-camara-municipal-de-parnamirim","post_format-post-format-image"],"_links":{"self":[{"href":"https:\/\/noticiasnoface.com.br\/index.php\/wp-json\/wp\/v2\/posts\/32212","targetHints":{"allow":["GET"]}}],"collection":[{"href":"https:\/\/noticiasnoface.com.br\/index.php\/wp-json\/wp\/v2\/posts"}],"about":[{"href":"https:\/\/noticiasnoface.com.br\/index.php\/wp-json\/wp\/v2\/types\/post"}],"author":[{"embeddable":true,"href":"https:\/\/noticiasnoface.com.br\/index.php\/wp-json\/wp\/v2\/users\/1"}],"replies":[{"embeddable":true,"href":"https:\/\/noticiasnoface.com.br\/index.php\/wp-json\/wp\/v2\/comments?post=32212"}],"version-history":[{"count":1,"href":"https:\/\/noticiasnoface.com.br\/index.php\/wp-json\/wp\/v2\/posts\/32212\/revisions"}],"predecessor-version":[{"id":32213,"href":"https:\/\/noticiasnoface.com.br\/index.php\/wp-json\/wp\/v2\/posts\/32212\/revisions\/32213"}],"wp:attachment":[{"href":"https:\/\/noticiasnoface.com.br\/index.php\/wp-json\/wp\/v2\/media?parent=32212"}],"wp:term":[{"taxonomy":"category","embeddable":true,"href":"https:\/\/noticiasnoface.com.br\/index.php\/wp-json\/wp\/v2\/categories?post=32212"},{"taxonomy":"post_tag","embeddable":true,"href":"https:\/\/noticiasnoface.com.br\/index.php\/wp-json\/wp\/v2\/tags?post=32212"}],"curies":[{"name":"wp","href":"https:\/\/api.w.org\/{rel}","templated":true}]}}