{"id":32214,"date":"2026-04-30T22:26:02","date_gmt":"2026-05-01T01:26:02","guid":{"rendered":"https:\/\/noticiasnoface.com.br\/?p=32214"},"modified":"2026-04-30T22:26:02","modified_gmt":"2026-05-01T01:26:02","slug":"camara-concede-titulo-de-cidadao-natalense-ao-juiz-paulo-lima","status":"publish","type":"post","link":"https:\/\/noticiasnoface.com.br\/index.php\/2026\/04\/30\/camara-concede-titulo-de-cidadao-natalense-ao-juiz-paulo-lima\/","title":{"rendered":"C\u00e2mara concede T\u00edtulo de Cidad\u00e3o Natalense ao juiz Paulo Lima&nbsp;"},"content":{"rendered":"\n<figure class=\"wp-block-image foto-noticia\"><img data-opt-id=2091063133  fetchpriority=\"high\" decoding=\"async\" src=\"https:\/\/www.cmnat.rn.gov.br\/_ups\/noticias\/2026\/04\/30\/a6e9bbc74141a576cfcaa7ae1583e884.jpg\" alt=\"\"\/><\/figure>\n\n\n\n<p>A C\u00e2mara Municipal de Natal realizou sess\u00e3o solene, nesta quarta-feira (22), para a entrega do T\u00edtulo de Cidad\u00e3o Natalense ao juiz Paulo S\u00e9rgio da Silva Lima. A honraria foi proposta pelo vereador Luciano Nascimento e reconhece os relevantes servi\u00e7os prestados pelo magistrado ao munic\u00edpio, tanto na \u00e1rea jur\u00eddica quanto cultural.<\/p>\n\n\n\n<p>O autor da proposi\u00e7\u00e3o destacou crit\u00e9rio na concess\u00e3o da honraria. \u201cEste \u00e9 o meu segundo mandato e apenas o segundo t\u00edtulo de cidad\u00e3o natalense que proponho. Sou muito criterioso na entrega da maior honraria desta Casa\u201d, afirmou. Ele tamb\u00e9m ressaltou a trajet\u00f3ria do homenageado. \u201cPaulo S\u00e9rgio Lima construiu uma hist\u00f3ria de servi\u00e7os prestados em diversos munic\u00edpios da Grande Natal e hoje contribui com a nossa cidade, al\u00e9m de desenvolver talentos na \u00e1rea cultural como escritor, poeta e fot\u00f3grafo\u201d, disse.<\/p>\n\n\n\n<p>Natural da Para\u00edba, o homenageado atua na magistratura potiguar h\u00e1 tr\u00eas d\u00e9cadas. Durante a solenidade, ele destacou o v\u00ednculo constru\u00eddo com a cidade. \u201cNatal sempre significou muito para mim\u201d, afirmou. \u201cEu j\u00e1 me sinto natalense, e esse t\u00edtulo representa a consagra\u00e7\u00e3o desse sentimento\u201d, completou.<\/p>\n\n\n\n<p>O presidente da Associa\u00e7\u00e3o dos Magistrados do Rio Grande do Norte (Amarn), Artur Cortez, destacou a import\u00e2ncia da homenagem para a magistratura potiguar. \u201cRecebemos com muita alegria, porque essa honraria representa o reconhecimento ao trabalho de um magistrado que dedicou grande parte da sua vida ao povo do Rio Grande do Norte\u201d, afirmou. Segundo ele, a atua\u00e7\u00e3o do homenageado refor\u00e7a o papel da Justi\u00e7a na sociedade. \u201c\u00c9 uma miss\u00e3o relevante, de garantir direitos e solucionar conflitos. Ver esse trabalho reconhecido pela C\u00e2mara Municipal de Natal \u00e9 motivo de orgulho para toda a magistratura\u201d, disse.<\/p>\n\n\n\n<p>O ex-vereador e delegado aposentado Her\u00e1clito No\u00e9 tamb\u00e9m destacou a trajet\u00f3ria do magistrado. \u201cSomos conterr\u00e2neos da Para\u00edba e nos conhecemos em encontros liter\u00e1rios.&nbsp;Amigo do homenageado, Her\u00e1clito No\u00e9 comp\u00f4s a mesa dos trabalhos, ao lado do procurador geral adjunto do RN, Jos\u00e9 Duarte Santana; da magistrada do TRT 21\u00aa Regi\u00e3o,&nbsp; Simone Jalil, e do empres\u00e1rio Paulo de Paula, chanceler da Universidade Potiguar (Unp). A solenidade reuniu autoridades, personalidades, familiares e convidados, que prestigiaram a entrega da honraria ao magistrado.<\/p>\n\n\n\n<p>Texto: Ilana Albuquerque<br \/>Fotos: Ver\u00f4nica Macedo<\/p>\n","protected":false},"excerpt":{"rendered":"<p>A C\u00e2mara Municipal de Natal realizou sess\u00e3o solene, nesta quarta-feira (22), para a entrega do T\u00edtulo de Cidad\u00e3o Natalense ao [&hellip;]<\/p>\n","protected":false},"author":1,"featured_media":0,"comment_status":"closed","ping_status":"","sticky":false,"template":"","format":"image","meta":{"site-sidebar-layout":"default","site-content-layout":"","ast-site-content-layout":"default","site-content-style":"default","site-sidebar-style":"default","ast-global-header-display":"","ast-banner-title-visibility":"","ast-main-header-display":"","ast-hfb-above-header-display":"","ast-hfb-below-header-display":"","ast-hfb-mobile-header-display":"","site-post-title":"","ast-breadcrumbs-content":"","ast-featured-img":"","footer-sml-layout":"","ast-disable-related-posts":"","theme-transparent-header-meta":"","adv-header-id-meta":"","stick-header-meta":"","header-above-stick-meta":"","header-main-stick-meta":"","header-below-stick-meta":"","astra-migrate-meta-layouts":"default","ast-page-background-enabled":"default","ast-page-background-meta":{"desktop":{"background-color":"var(--ast-global-color-4)","background-image":"","background-repeat":"repeat","background-position":"center center","background-size":"auto","background-attachment":"scroll","background-type":"","background-media":"","overlay-type":"","overlay-color":"","overlay-opacity":"","overlay-gradient":""},"tablet":{"background-color":"","background-image":"","background-repeat":"repeat","background-position":"center center","background-size":"auto","background-attachment":"scroll","background-type":"","background-media":"","overlay-type":"","overlay-color":"","overlay-opacity":"","overlay-gradient":""},"mobile":{"background-color":"","background-image":"","background-repeat":"repeat","background-position":"center center","background-size":"auto","background-attachment":"scroll","background-type":"","background-media":"","overlay-type":"","overlay-color":"","overlay-opacity":"","overlay-gradient":""}},"ast-content-background-meta":{"desktop":{"background-color":"var(--ast-global-color-5)","background-image":"","background-repeat":"repeat","background-position":"center center","background-size":"auto","background-attachment":"scroll","background-type":"","background-media":"","overlay-type":"","overlay-color":"","overlay-opacity":"","overlay-gradient":""},"tablet":{"background-color":"var(--ast-global-color-5)","background-image":"","background-repeat":"repeat","background-position":"center center","background-size":"auto","background-attachment":"scroll","background-type":"","background-media":"","overlay-type":"","overlay-color":"","overlay-opacity":"","overlay-gradient":""},"mobile":{"background-color":"var(--ast-global-color-5)","background-image":"","background-repeat":"repeat","background-position":"center center","background-size":"auto","background-attachment":"scroll","background-type":"","background-media":"","overlay-type":"","overlay-color":"","overlay-opacity":"","overlay-gradient":""}},"footnotes":""},"categories":[3816],"tags":[],"class_list":["post-32214","post","type-post","status-publish","format-image","hentry","category-camara-municipal-de-natal","post_format-post-format-image"],"_links":{"self":[{"href":"https:\/\/noticiasnoface.com.br\/index.php\/wp-json\/wp\/v2\/posts\/32214","targetHints":{"allow":["GET"]}}],"collection":[{"href":"https:\/\/noticiasnoface.com.br\/index.php\/wp-json\/wp\/v2\/posts"}],"about":[{"href":"https:\/\/noticiasnoface.com.br\/index.php\/wp-json\/wp\/v2\/types\/post"}],"author":[{"embeddable":true,"href":"https:\/\/noticiasnoface.com.br\/index.php\/wp-json\/wp\/v2\/users\/1"}],"replies":[{"embeddable":true,"href":"https:\/\/noticiasnoface.com.br\/index.php\/wp-json\/wp\/v2\/comments?post=32214"}],"version-history":[{"count":1,"href":"https:\/\/noticiasnoface.com.br\/index.php\/wp-json\/wp\/v2\/posts\/32214\/revisions"}],"predecessor-version":[{"id":32215,"href":"https:\/\/noticiasnoface.com.br\/index.php\/wp-json\/wp\/v2\/posts\/32214\/revisions\/32215"}],"wp:attachment":[{"href":"https:\/\/noticiasnoface.com.br\/index.php\/wp-json\/wp\/v2\/media?parent=32214"}],"wp:term":[{"taxonomy":"category","embeddable":true,"href":"https:\/\/noticiasnoface.com.br\/index.php\/wp-json\/wp\/v2\/categories?post=32214"},{"taxonomy":"post_tag","embeddable":true,"href":"https:\/\/noticiasnoface.com.br\/index.php\/wp-json\/wp\/v2\/tags?post=32214"}],"curies":[{"name":"wp","href":"https:\/\/api.w.org\/{rel}","templated":true}]}}