{"id":32217,"date":"2026-04-30T22:28:30","date_gmt":"2026-05-01T01:28:30","guid":{"rendered":"https:\/\/noticiasnoface.com.br\/?p=32217"},"modified":"2026-04-30T22:28:30","modified_gmt":"2026-05-01T01:28:30","slug":"prefeitura-de-extremoz-anuncia-atracao-no-1o-encontros-de-filarmonicas","status":"publish","type":"post","link":"https:\/\/noticiasnoface.com.br\/index.php\/2026\/04\/30\/prefeitura-de-extremoz-anuncia-atracao-no-1o-encontros-de-filarmonicas\/","title":{"rendered":"Prefeitura de Extremoz anuncia atra\u00e7\u00e3o no 1\u00ba encontros de Filarm\u00f4nicas"},"content":{"rendered":"\n<figure class=\"wp-block-image size-large\"><img data-opt-id=2023723790  fetchpriority=\"high\" decoding=\"async\" width=\"833\" height=\"1024\" src=\"https:\/\/mlbfrsat7ahr.i.optimole.com\/w:833\/h:1024\/q:mauto\/ig:avif\/https:\/\/noticiasnoface.com.br\/wp-content\/uploads\/2026\/04\/img_0792.jpg\" class=\"wp-image-32216\" srcset=\"https:\/\/mlbfrsat7ahr.i.optimole.com\/w:833\/h:1024\/q:mauto\/ig:avif\/https:\/\/noticiasnoface.com.br\/wp-content\/uploads\/2026\/04\/img_0792.jpg 833w, https:\/\/mlbfrsat7ahr.i.optimole.com\/w:244\/h:300\/q:mauto\/ig:avif\/https:\/\/noticiasnoface.com.br\/wp-content\/uploads\/2026\/04\/img_0792.jpg 244w, https:\/\/mlbfrsat7ahr.i.optimole.com\/w:768\/h:944\/q:mauto\/ig:avif\/https:\/\/noticiasnoface.com.br\/wp-content\/uploads\/2026\/04\/img_0792.jpg 768w, https:\/\/mlbfrsat7ahr.i.optimole.com\/w:878\/h:1080\/q:mauto\/ig:avif\/https:\/\/noticiasnoface.com.br\/wp-content\/uploads\/2026\/04\/img_0792.jpg 1249w, https:\/\/mlbfrsat7ahr.i.optimole.com\/w:878\/h:1080\/q:mauto\/ig:avif\/https:\/\/noticiasnoface.com.br\/wp-content\/uploads\/2026\/04\/img_0792.jpg 1260w\" sizes=\"(max-width: 833px) 100vw, 833px\" \/><figcaption class=\"wp-element-caption\">A Prefeitura Municipal de Extremoz, por meio da Secretaria Municipal de Cultura, tem a honra de anunciar mais uma banda confirmada para o 1\u00ba Encontro de<br>Bandas e Filarm\u00f4nicas de Extremoz.<br>yo Banda Municipal de S\u00e3o Gon\u00e7alo do Amarante<br>@bamusga<br>Com um repert\u00f3rio marcante e forte presen\u00e7a nas apresenta\u00e7\u00f5es, a banda promete encantar o p\u00fablico e enriquecer ainda mais a programa\u00e7\u00e3o do evento, que celebra a m\u00fasica e a tradi\u00e7\u00e3o das filarm\u00f4nicas.<br>17 Data: 03 de maio<br>\u2022 Hor\u00e1rio: 18h<br>9 Local: Pra\u00e7a Presidente Caf\u00e9 Filho<br>Seguimos em contagem regressiva<\/figcaption><\/figure>\n","protected":false},"excerpt":{"rendered":"","protected":false},"author":1,"featured_media":0,"comment_status":"closed","ping_status":"","sticky":false,"template":"","format":"image","meta":{"site-sidebar-layout":"default","site-content-layout":"","ast-site-content-layout":"default","site-content-style":"default","site-sidebar-style":"default","ast-global-header-display":"","ast-banner-title-visibility":"","ast-main-header-display":"","ast-hfb-above-header-display":"","ast-hfb-below-header-display":"","ast-hfb-mobile-header-display":"","site-post-title":"","ast-breadcrumbs-content":"","ast-featured-img":"","footer-sml-layout":"","ast-disable-related-posts":"","theme-transparent-header-meta":"","adv-header-id-meta":"","stick-header-meta":"","header-above-stick-meta":"","header-main-stick-meta":"","header-below-stick-meta":"","astra-migrate-meta-layouts":"default","ast-page-background-enabled":"default","ast-page-background-meta":{"desktop":{"background-color":"var(--ast-global-color-4)","background-image":"","background-repeat":"repeat","background-position":"center center","background-size":"auto","background-attachment":"scroll","background-type":"","background-media":"","overlay-type":"","overlay-color":"","overlay-opacity":"","overlay-gradient":""},"tablet":{"background-color":"","background-image":"","background-repeat":"repeat","background-position":"center center","background-size":"auto","background-attachment":"scroll","background-type":"","background-media":"","overlay-type":"","overlay-color":"","overlay-opacity":"","overlay-gradient":""},"mobile":{"background-color":"","background-image":"","background-repeat":"repeat","background-position":"center center","background-size":"auto","background-attachment":"scroll","background-type":"","background-media":"","overlay-type":"","overlay-color":"","overlay-opacity":"","overlay-gradient":""}},"ast-content-background-meta":{"desktop":{"background-color":"var(--ast-global-color-5)","background-image":"","background-repeat":"repeat","background-position":"center center","background-size":"auto","background-attachment":"scroll","background-type":"","background-media":"","overlay-type":"","overlay-color":"","overlay-opacity":"","overlay-gradient":""},"tablet":{"background-color":"var(--ast-global-color-5)","background-image":"","background-repeat":"repeat","background-position":"center center","background-size":"auto","background-attachment":"scroll","background-type":"","background-media":"","overlay-type":"","overlay-color":"","overlay-opacity":"","overlay-gradient":""},"mobile":{"background-color":"var(--ast-global-color-5)","background-image":"","background-repeat":"repeat","background-position":"center center","background-size":"auto","background-attachment":"scroll","background-type":"","background-media":"","overlay-type":"","overlay-color":"","overlay-opacity":"","overlay-gradient":""}},"footnotes":""},"categories":[3841],"tags":[],"class_list":["post-32217","post","type-post","status-publish","format-image","hentry","category-prefeitura-de-extremoz","post_format-post-format-image"],"_links":{"self":[{"href":"https:\/\/noticiasnoface.com.br\/index.php\/wp-json\/wp\/v2\/posts\/32217","targetHints":{"allow":["GET"]}}],"collection":[{"href":"https:\/\/noticiasnoface.com.br\/index.php\/wp-json\/wp\/v2\/posts"}],"about":[{"href":"https:\/\/noticiasnoface.com.br\/index.php\/wp-json\/wp\/v2\/types\/post"}],"author":[{"embeddable":true,"href":"https:\/\/noticiasnoface.com.br\/index.php\/wp-json\/wp\/v2\/users\/1"}],"replies":[{"embeddable":true,"href":"https:\/\/noticiasnoface.com.br\/index.php\/wp-json\/wp\/v2\/comments?post=32217"}],"version-history":[{"count":1,"href":"https:\/\/noticiasnoface.com.br\/index.php\/wp-json\/wp\/v2\/posts\/32217\/revisions"}],"predecessor-version":[{"id":32218,"href":"https:\/\/noticiasnoface.com.br\/index.php\/wp-json\/wp\/v2\/posts\/32217\/revisions\/32218"}],"wp:attachment":[{"href":"https:\/\/noticiasnoface.com.br\/index.php\/wp-json\/wp\/v2\/media?parent=32217"}],"wp:term":[{"taxonomy":"category","embeddable":true,"href":"https:\/\/noticiasnoface.com.br\/index.php\/wp-json\/wp\/v2\/categories?post=32217"},{"taxonomy":"post_tag","embeddable":true,"href":"https:\/\/noticiasnoface.com.br\/index.php\/wp-json\/wp\/v2\/tags?post=32217"}],"curies":[{"name":"wp","href":"https:\/\/api.w.org\/{rel}","templated":true}]}}