{"id":33079,"date":"2026-09-03T20:18:55","date_gmt":"2026-09-03T23:18:55","guid":{"rendered":"https:\/\/noticiasnoface.com.br\/?p=33079"},"modified":"2026-09-03T20:18:55","modified_gmt":"2026-09-03T23:18:55","slug":"coronel-azevedo-e-1o-lugar-para-deputado-estadual-em-parnamirim","status":"publish","type":"post","link":"https:\/\/noticiasnoface.com.br\/index.php\/2026\/09\/03\/coronel-azevedo-e-1o-lugar-para-deputado-estadual-em-parnamirim\/","title":{"rendered":"Coronel Azevedo \u00e9 1\u00ba lugar para deputado estadual em Parnamirim"},"content":{"rendered":"\n<figure class=\"wp-block-image size-large\"><img loading=\"lazy\" decoding=\"async\" width=\"682\" height=\"1024\" src=\"https:\/\/noticiasnoface.com.br\/wp-content\/uploads\/2026\/09\/267082db-32fb-4260-95d8-8f6d5b048bb7-682x1024.jpeg\" class=\"wp-image-33078\" srcset=\"https:\/\/noticiasnoface.com.br\/wp-content\/uploads\/2026\/09\/267082db-32fb-4260-95d8-8f6d5b048bb7-682x1024.jpeg 682w, https:\/\/noticiasnoface.com.br\/wp-content\/uploads\/2026\/09\/267082db-32fb-4260-95d8-8f6d5b048bb7-200x300.jpeg 200w, https:\/\/noticiasnoface.com.br\/wp-content\/uploads\/2026\/09\/267082db-32fb-4260-95d8-8f6d5b048bb7-768x1152.jpeg 768w, https:\/\/noticiasnoface.com.br\/wp-content\/uploads\/2026\/09\/267082db-32fb-4260-95d8-8f6d5b048bb7-1024x1536.jpeg 1024w, https:\/\/noticiasnoface.com.br\/wp-content\/uploads\/2026\/09\/267082db-32fb-4260-95d8-8f6d5b048bb7.jpeg 1333w\" sizes=\"auto, (max-width: 682px) 100vw, 682px\" \/><\/figure>\n\n\n\n<p class=\"wp-block-paragraph\">Maior representante do Bolsonarismo na Assembleia Legislativa do RN, o deputado Coronel Azevedo (PL) ficou em 1\u00ba lugar na pesquisa para deputado estadual feita pela r\u00e1dio Difusora de Mossor\u00f3 ouvindo eleitores apenas da cidade de Parnamirim, terceiro maior col\u00e9gio eleitoral do Rio Grande do Norte.<\/p>\n\n\n\n<p class=\"wp-block-paragraph\">A pesquisa foi divulgada na quarta-feira (2), com n\u00fameros do instituto ITEM Pesquisas T\u00e9cnicas.<\/p>\n\n\n\n<p class=\"wp-block-paragraph\">Foram 800 entrevistas, realizadas em 21 bairros e distritos do munic\u00edpio, com margem de erro de \u00b13,46% e n\u00edvel de confian\u00e7a de 95%.<\/p>\n\n\n\n<p class=\"wp-block-paragraph\">Maior representante do Bolsonarismo na Assembleia Legislativa do RN, Coronel Azevedo alcan\u00e7ou 5,5% das inten\u00e7\u00f5es de voto, ocupando sozinho a primeira coloca\u00e7\u00e3o. Em seguida aparecem Kleber Rodrigues, com 5%, e Ezequiel Ferreira, com 4,5%.<\/p>\n\n\n\n<p class=\"wp-block-paragraph\">Faltando praticamente um m\u00eas para as elei\u00e7\u00f5es, o resultado refor\u00e7a a sensa\u00e7\u00e3o de que o Coronel poder\u00e1 ser o candidato mais votado do Partido Liberal do Rio Grande do Norte em 2026.<\/p>\n\n\n\n<p class=\"wp-block-paragraph\">A pesquisa ouviu 800 eleitores de Parnamirim entre os dias 27 e 29 de agosto. A margem de erro \u00e9 de 3,46 pontos percentuais e o n\u00edvel de confian\u00e7a \u00e9 de 95%. O levantamento est\u00e1 registrado sob os n\u00fameros RN-02384\/2026 e BR-04403\/2026.<br \/>O deputado Coronel Azevedo (PL) ficou em 1\u00ba lugar na pesquisa para deputado estadual feita pela r\u00e1dio Difusora de Mossor\u00f3 ouvindo eleitores apenas da cidade de Parnamirim, terceiro maior col\u00e9gio eleitoral do Rio Grande do Norte.<\/p>\n\n\n\n<p class=\"wp-block-paragraph\">A pesquisa foi divulgada na quarta-feira (2), com n\u00fameros do instituto ITEM Pesquisas T\u00e9cnicas.<\/p>\n\n\n\n<p class=\"wp-block-paragraph\">Foram 800 entrevistas, realizadas em 21 bairros e distritos do munic\u00edpio, com margem de erro de \u00b13,46% e n\u00edvel de confian\u00e7a de 95%.<\/p>\n\n\n\n<p class=\"wp-block-paragraph\">Maior representante do Bolsonarismo na Assembleia Legislativa do RN, Coronel Azevedo alcan\u00e7ou 5,5% das inten\u00e7\u00f5es de voto, ocupando sozinho a primeira coloca\u00e7\u00e3o. Em seguida aparecem Kleber Rodrigues, com 5%, e Ezequiel Ferreira, com 4,5%.<\/p>\n\n\n\n<p class=\"wp-block-paragraph\">Faltando praticamente um m\u00eas para as elei\u00e7\u00f5es, o resultado refor\u00e7a a sensa\u00e7\u00e3o de que o Coronel poder\u00e1 ser o candidato mais votado do Partido Liberal do Rio Grande do Norte em 2026.<\/p>\n\n\n\n<p class=\"wp-block-paragraph\">A pesquisa ouviu 800 eleitores de Parnamirim entre os dias 27 e 29 de agosto. A margem de erro \u00e9 de 3,46 pontos percentuais e o n\u00edvel de confian\u00e7a \u00e9 de 95%. O levantamento est\u00e1 registrado sob os n\u00fameros RN-02384\/2026 e BR-04403\/2026.<\/p>\n","protected":false},"excerpt":{"rendered":"<p>Maior representante do Bolsonarismo na Assembleia Legislativa do RN, o deputado Coronel Azevedo (PL) ficou em 1\u00ba lugar na pesquisa [&hellip;]<\/p>\n","protected":false},"author":1,"featured_media":0,"comment_status":"closed","ping_status":"","sticky":false,"template":"","format":"image","meta":{"site-sidebar-layout":"default","site-content-layout":"","ast-site-content-layout":"default","site-content-style":"default","site-sidebar-style":"default","ast-global-header-display":"","ast-banner-title-visibility":"","ast-main-header-display":"","ast-hfb-above-header-display":"","ast-hfb-below-header-display":"","ast-hfb-mobile-header-display":"","site-post-title":"","ast-breadcrumbs-content":"","ast-featured-img":"","footer-sml-layout":"","ast-disable-related-posts":"","theme-transparent-header-meta":"","adv-header-id-meta":"","stick-header-meta":"","header-above-stick-meta":"","header-main-stick-meta":"","header-below-stick-meta":"","astra-migrate-meta-layouts":"default","ast-page-background-enabled":"default","ast-page-background-meta":{"desktop":{"background-color":"var(--ast-global-color-4)","background-image":"","background-repeat":"repeat","background-position":"center center","background-size":"auto","background-attachment":"scroll","background-type":"","background-media":"","overlay-type":"","overlay-color":"","overlay-opacity":"","overlay-gradient":""},"tablet":{"background-color":"","background-image":"","background-repeat":"repeat","background-position":"center center","background-size":"auto","background-attachment":"scroll","background-type":"","background-media":"","overlay-type":"","overlay-color":"","overlay-opacity":"","overlay-gradient":""},"mobile":{"background-color":"","background-image":"","background-repeat":"repeat","background-position":"center center","background-size":"auto","background-attachment":"scroll","background-type":"","background-media":"","overlay-type":"","overlay-color":"","overlay-opacity":"","overlay-gradient":""}},"ast-content-background-meta":{"desktop":{"background-color":"var(--ast-global-color-5)","background-image":"","background-repeat":"repeat","background-position":"center center","background-size":"auto","background-attachment":"scroll","background-type":"","background-media":"","overlay-type":"","overlay-color":"","overlay-opacity":"","overlay-gradient":""},"tablet":{"background-color":"var(--ast-global-color-5)","background-image":"","background-repeat":"repeat","background-position":"center center","background-size":"auto","background-attachment":"scroll","background-type":"","background-media":"","overlay-type":"","overlay-color":"","overlay-opacity":"","overlay-gradient":""},"mobile":{"background-color":"var(--ast-global-color-5)","background-image":"","background-repeat":"repeat","background-position":"center center","background-size":"auto","background-attachment":"scroll","background-type":"","background-media":"","overlay-type":"","overlay-color":"","overlay-opacity":"","overlay-gradient":""}},"footnotes":""},"categories":[517],"tags":[],"class_list":["post-33079","post","type-post","status-publish","format-image","hentry","category-aconteceu","post_format-post-format-image"],"yoast_head":"<!-- This site is optimized with the Yoast SEO plugin v28.3 - https:\/\/yoast.com\/product\/yoast-seo-wordpress\/ -->\n<title>Coronel Azevedo \u00e9 1\u00ba lugar para deputado estadual em Parnamirim - NOTICIAS NO FACE<\/title>\n<meta name=\"robots\" content=\"index, follow, max-snippet:-1, max-image-preview:large, max-video-preview:-1\" \/>\n<link rel=\"canonical\" href=\"https:\/\/noticiasnoface.com.br\/index.php\/2026\/09\/03\/coronel-azevedo-e-1o-lugar-para-deputado-estadual-em-parnamirim\/\" \/>\n<meta property=\"og:locale\" content=\"pt_BR\" \/>\n<meta property=\"og:type\" content=\"article\" \/>\n<meta property=\"og:title\" content=\"Coronel Azevedo \u00e9 1\u00ba lugar para deputado estadual em Parnamirim - NOTICIAS NO FACE\" \/>\n<meta property=\"og:description\" content=\"Maior representante do Bolsonarismo na Assembleia Legislativa do RN, o deputado Coronel Azevedo (PL) ficou em 1\u00ba lugar na pesquisa [&hellip;]\" \/>\n<meta property=\"og:url\" content=\"https:\/\/noticiasnoface.com.br\/index.php\/2026\/09\/03\/coronel-azevedo-e-1o-lugar-para-deputado-estadual-em-parnamirim\/\" \/>\n<meta property=\"og:site_name\" content=\"NOTICIAS NO FACE\" \/>\n<meta property=\"article:publisher\" content=\"https:\/\/www.facebook.com\/profile.php?id=100012908593281\" \/>\n<meta property=\"article:author\" content=\"https:\/\/www.facebook.com\/noticiasnf?mibextid=LQQJ4d\" \/>\n<meta property=\"article:published_time\" content=\"2026-09-03T23:18:55+00:00\" \/>\n<meta property=\"og:image\" content=\"https:\/\/noticiasnoface.com.br\/wp-content\/uploads\/2026\/09\/267082db-32fb-4260-95d8-8f6d5b048bb7.jpeg\" \/>\n\t<meta property=\"og:image:width\" content=\"1333\" \/>\n\t<meta property=\"og:image:height\" content=\"2000\" \/>\n\t<meta property=\"og:image:type\" content=\"image\/jpeg\" \/>\n<meta name=\"author\" content=\"Noticias No Face\" \/>\n<meta name=\"twitter:card\" content=\"summary_large_image\" \/>\n<meta name=\"twitter:label1\" content=\"Escrito por\" \/>\n\t<meta name=\"twitter:data1\" content=\"Noticias No Face\" \/>\n\t<meta name=\"twitter:label2\" content=\"Est. tempo de leitura\" \/>\n\t<meta name=\"twitter:data2\" content=\"2 minutos\" \/>\n<script type=\"application\/ld+json\" class=\"yoast-schema-graph\">{\"@context\":\"https:\\\/\\\/schema.org\",\"@graph\":[{\"@type\":\"Article\",\"@id\":\"https:\\\/\\\/noticiasnoface.com.br\\\/index.php\\\/2026\\\/09\\\/03\\\/coronel-azevedo-e-1o-lugar-para-deputado-estadual-em-parnamirim\\\/#article\",\"isPartOf\":{\"@id\":\"https:\\\/\\\/noticiasnoface.com.br\\\/index.php\\\/2026\\\/09\\\/03\\\/coronel-azevedo-e-1o-lugar-para-deputado-estadual-em-parnamirim\\\/\"},\"author\":{\"name\":\"Noticias No Face\",\"@id\":\"https:\\\/\\\/noticiasnoface.com.br\\\/#\\\/schema\\\/person\\\/6d6bb5e4ecce219cd6ecb0ec9e14d8f7\"},\"headline\":\"Coronel Azevedo \u00e9 1\u00ba lugar para deputado estadual em Parnamirim\",\"datePublished\":\"2026-09-03T23:18:55+00:00\",\"mainEntityOfPage\":{\"@id\":\"https:\\\/\\\/noticiasnoface.com.br\\\/index.php\\\/2026\\\/09\\\/03\\\/coronel-azevedo-e-1o-lugar-para-deputado-estadual-em-parnamirim\\\/\"},\"wordCount\":379,\"publisher\":{\"@id\":\"https:\\\/\\\/noticiasnoface.com.br\\\/#organization\"},\"image\":{\"@id\":\"https:\\\/\\\/noticiasnoface.com.br\\\/index.php\\\/2026\\\/09\\\/03\\\/coronel-azevedo-e-1o-lugar-para-deputado-estadual-em-parnamirim\\\/#primaryimage\"},\"thumbnailUrl\":\"https:\\\/\\\/noticiasnoface.com.br\\\/wp-content\\\/uploads\\\/2026\\\/09\\\/267082db-32fb-4260-95d8-8f6d5b048bb7-682x1024.jpeg\",\"articleSection\":[\"ACONTECEU\"],\"inLanguage\":\"pt-BR\"},{\"@type\":\"WebPage\",\"@id\":\"https:\\\/\\\/noticiasnoface.com.br\\\/index.php\\\/2026\\\/09\\\/03\\\/coronel-azevedo-e-1o-lugar-para-deputado-estadual-em-parnamirim\\\/\",\"url\":\"https:\\\/\\\/noticiasnoface.com.br\\\/index.php\\\/2026\\\/09\\\/03\\\/coronel-azevedo-e-1o-lugar-para-deputado-estadual-em-parnamirim\\\/\",\"name\":\"Coronel Azevedo \u00e9 1\u00ba lugar para deputado estadual em Parnamirim - NOTICIAS NO FACE\",\"isPartOf\":{\"@id\":\"https:\\\/\\\/noticiasnoface.com.br\\\/#website\"},\"primaryImageOfPage\":{\"@id\":\"https:\\\/\\\/noticiasnoface.com.br\\\/index.php\\\/2026\\\/09\\\/03\\\/coronel-azevedo-e-1o-lugar-para-deputado-estadual-em-parnamirim\\\/#primaryimage\"},\"image\":{\"@id\":\"https:\\\/\\\/noticiasnoface.com.br\\\/index.php\\\/2026\\\/09\\\/03\\\/coronel-azevedo-e-1o-lugar-para-deputado-estadual-em-parnamirim\\\/#primaryimage\"},\"thumbnailUrl\":\"https:\\\/\\\/noticiasnoface.com.br\\\/wp-content\\\/uploads\\\/2026\\\/09\\\/267082db-32fb-4260-95d8-8f6d5b048bb7-682x1024.jpeg\",\"datePublished\":\"2026-09-03T23:18:55+00:00\",\"breadcrumb\":{\"@id\":\"https:\\\/\\\/noticiasnoface.com.br\\\/index.php\\\/2026\\\/09\\\/03\\\/coronel-azevedo-e-1o-lugar-para-deputado-estadual-em-parnamirim\\\/#breadcrumb\"},\"inLanguage\":\"pt-BR\",\"potentialAction\":[{\"@type\":\"ReadAction\",\"target\":[\"https:\\\/\\\/noticiasnoface.com.br\\\/index.php\\\/2026\\\/09\\\/03\\\/coronel-azevedo-e-1o-lugar-para-deputado-estadual-em-parnamirim\\\/\"]}]},{\"@type\":\"ImageObject\",\"inLanguage\":\"pt-BR\",\"@id\":\"https:\\\/\\\/noticiasnoface.com.br\\\/index.php\\\/2026\\\/09\\\/03\\\/coronel-azevedo-e-1o-lugar-para-deputado-estadual-em-parnamirim\\\/#primaryimage\",\"url\":\"https:\\\/\\\/noticiasnoface.com.br\\\/wp-content\\\/uploads\\\/2026\\\/09\\\/267082db-32fb-4260-95d8-8f6d5b048bb7.jpeg\",\"contentUrl\":\"https:\\\/\\\/noticiasnoface.com.br\\\/wp-content\\\/uploads\\\/2026\\\/09\\\/267082db-32fb-4260-95d8-8f6d5b048bb7.jpeg\",\"width\":1333,\"height\":2000},{\"@type\":\"BreadcrumbList\",\"@id\":\"https:\\\/\\\/noticiasnoface.com.br\\\/index.php\\\/2026\\\/09\\\/03\\\/coronel-azevedo-e-1o-lugar-para-deputado-estadual-em-parnamirim\\\/#breadcrumb\",\"itemListElement\":[{\"@type\":\"ListItem\",\"position\":1,\"name\":\"In\u00edcio\",\"item\":\"https:\\\/\\\/noticiasnoface.com.br\\\/\"},{\"@type\":\"ListItem\",\"position\":2,\"name\":\"Coronel Azevedo \u00e9 1\u00ba lugar para deputado estadual em Parnamirim\"}]},{\"@type\":\"WebSite\",\"@id\":\"https:\\\/\\\/noticiasnoface.com.br\\\/#website\",\"url\":\"https:\\\/\\\/noticiasnoface.com.br\\\/\",\"name\":\"Noticias No Face\",\"description\":\"NNF\",\"publisher\":{\"@id\":\"https:\\\/\\\/noticiasnoface.com.br\\\/#organization\"},\"potentialAction\":[{\"@type\":\"SearchAction\",\"target\":{\"@type\":\"EntryPoint\",\"urlTemplate\":\"https:\\\/\\\/noticiasnoface.com.br\\\/?s={search_term_string}\"},\"query-input\":{\"@type\":\"PropertyValueSpecification\",\"valueRequired\":true,\"valueName\":\"search_term_string\"}}],\"inLanguage\":\"pt-BR\"},{\"@type\":\"Organization\",\"@id\":\"https:\\\/\\\/noticiasnoface.com.br\\\/#organization\",\"name\":\"Noticias no face\",\"url\":\"https:\\\/\\\/noticiasnoface.com.br\\\/\",\"logo\":{\"@type\":\"ImageObject\",\"inLanguage\":\"pt-BR\",\"@id\":\"https:\\\/\\\/noticiasnoface.com.br\\\/#\\\/schema\\\/logo\\\/image\\\/\",\"url\":\"https:\\\/\\\/noticiasnoface.com.br\\\/wp-content\\\/uploads\\\/2024\\\/03\\\/FB_IMG_1627525396589_Original.jpeg\",\"contentUrl\":\"https:\\\/\\\/noticiasnoface.com.br\\\/wp-content\\\/uploads\\\/2024\\\/03\\\/FB_IMG_1627525396589_Original.jpeg\",\"width\":1304,\"height\":1285,\"caption\":\"Noticias no face\"},\"image\":{\"@id\":\"https:\\\/\\\/noticiasnoface.com.br\\\/#\\\/schema\\\/logo\\\/image\\\/\"},\"sameAs\":[\"https:\\\/\\\/www.facebook.com\\\/profile.php?id=100012908593281\",\"https:\\\/\\\/www.instagram.com\\\/noticianoface?igsh=MWVvMXQ0MjA3cHY1aQ==\",\"https:\\\/\\\/www.threads.net\\\/@noticiasnoface\"]},{\"@type\":\"Person\",\"@id\":\"https:\\\/\\\/noticiasnoface.com.br\\\/#\\\/schema\\\/person\\\/6d6bb5e4ecce219cd6ecb0ec9e14d8f7\",\"name\":\"Noticias No Face\",\"image\":{\"@type\":\"ImageObject\",\"inLanguage\":\"pt-BR\",\"@id\":\"https:\\\/\\\/secure.gravatar.com\\\/avatar\\\/16a373ebacd5b4a7908eb9b55ce0623c12f93b525e8b3e089429e16c67cf2de0?s=96&d=mm&r=g\",\"url\":\"https:\\\/\\\/secure.gravatar.com\\\/avatar\\\/16a373ebacd5b4a7908eb9b55ce0623c12f93b525e8b3e089429e16c67cf2de0?s=96&d=mm&r=g\",\"contentUrl\":\"https:\\\/\\\/secure.gravatar.com\\\/avatar\\\/16a373ebacd5b4a7908eb9b55ce0623c12f93b525e8b3e089429e16c67cf2de0?s=96&d=mm&r=g\",\"caption\":\"Noticias No Face\"},\"sameAs\":[\"http:\\\/\\\/noticiasnoface.com.br\",\"https:\\\/\\\/www.facebook.com\\\/noticiasnf?mibextid=LQQJ4d\",\"https:\\\/\\\/www.instagram.com\\\/noticianoface?igsh=MWVvMXQ0MjA3cHY1aQ==\"],\"url\":\"https:\\\/\\\/noticiasnoface.com.br\\\/author\\\/marcostrigueiro\\\/\"}]}<\/script>\n<!-- \/ Yoast SEO plugin. -->","yoast_head_json":{"title":"Coronel Azevedo \u00e9 1\u00ba lugar para deputado estadual em Parnamirim - NOTICIAS NO FACE","robots":{"index":"index","follow":"follow","max-snippet":"max-snippet:-1","max-image-preview":"max-image-preview:large","max-video-preview":"max-video-preview:-1"},"canonical":"https:\/\/noticiasnoface.com.br\/index.php\/2026\/09\/03\/coronel-azevedo-e-1o-lugar-para-deputado-estadual-em-parnamirim\/","og_locale":"pt_BR","og_type":"article","og_title":"Coronel Azevedo \u00e9 1\u00ba lugar para deputado estadual em Parnamirim - NOTICIAS NO FACE","og_description":"Maior representante do Bolsonarismo na Assembleia Legislativa do RN, o deputado Coronel Azevedo (PL) ficou em 1\u00ba lugar na pesquisa [&hellip;]","og_url":"https:\/\/noticiasnoface.com.br\/index.php\/2026\/09\/03\/coronel-azevedo-e-1o-lugar-para-deputado-estadual-em-parnamirim\/","og_site_name":"NOTICIAS NO FACE","article_publisher":"https:\/\/www.facebook.com\/profile.php?id=100012908593281","article_author":"https:\/\/www.facebook.com\/noticiasnf?mibextid=LQQJ4d","article_published_time":"2026-09-03T23:18:55+00:00","og_image":[{"width":1333,"height":2000,"url":"https:\/\/noticiasnoface.com.br\/wp-content\/uploads\/2026\/09\/267082db-32fb-4260-95d8-8f6d5b048bb7.jpeg","type":"image\/jpeg"}],"author":"Noticias No Face","twitter_card":"summary_large_image","twitter_misc":{"Escrito por":"Noticias No Face","Est. tempo de leitura":"2 minutos"},"schema":{"@context":"https:\/\/schema.org","@graph":[{"@type":"Article","@id":"https:\/\/noticiasnoface.com.br\/index.php\/2026\/09\/03\/coronel-azevedo-e-1o-lugar-para-deputado-estadual-em-parnamirim\/#article","isPartOf":{"@id":"https:\/\/noticiasnoface.com.br\/index.php\/2026\/09\/03\/coronel-azevedo-e-1o-lugar-para-deputado-estadual-em-parnamirim\/"},"author":{"name":"Noticias No Face","@id":"https:\/\/noticiasnoface.com.br\/#\/schema\/person\/6d6bb5e4ecce219cd6ecb0ec9e14d8f7"},"headline":"Coronel Azevedo \u00e9 1\u00ba lugar para deputado estadual em Parnamirim","datePublished":"2026-09-03T23:18:55+00:00","mainEntityOfPage":{"@id":"https:\/\/noticiasnoface.com.br\/index.php\/2026\/09\/03\/coronel-azevedo-e-1o-lugar-para-deputado-estadual-em-parnamirim\/"},"wordCount":379,"publisher":{"@id":"https:\/\/noticiasnoface.com.br\/#organization"},"image":{"@id":"https:\/\/noticiasnoface.com.br\/index.php\/2026\/09\/03\/coronel-azevedo-e-1o-lugar-para-deputado-estadual-em-parnamirim\/#primaryimage"},"thumbnailUrl":"https:\/\/noticiasnoface.com.br\/wp-content\/uploads\/2026\/09\/267082db-32fb-4260-95d8-8f6d5b048bb7-682x1024.jpeg","articleSection":["ACONTECEU"],"inLanguage":"pt-BR"},{"@type":"WebPage","@id":"https:\/\/noticiasnoface.com.br\/index.php\/2026\/09\/03\/coronel-azevedo-e-1o-lugar-para-deputado-estadual-em-parnamirim\/","url":"https:\/\/noticiasnoface.com.br\/index.php\/2026\/09\/03\/coronel-azevedo-e-1o-lugar-para-deputado-estadual-em-parnamirim\/","name":"Coronel Azevedo \u00e9 1\u00ba lugar para deputado estadual em Parnamirim - NOTICIAS NO FACE","isPartOf":{"@id":"https:\/\/noticiasnoface.com.br\/#website"},"primaryImageOfPage":{"@id":"https:\/\/noticiasnoface.com.br\/index.php\/2026\/09\/03\/coronel-azevedo-e-1o-lugar-para-deputado-estadual-em-parnamirim\/#primaryimage"},"image":{"@id":"https:\/\/noticiasnoface.com.br\/index.php\/2026\/09\/03\/coronel-azevedo-e-1o-lugar-para-deputado-estadual-em-parnamirim\/#primaryimage"},"thumbnailUrl":"https:\/\/noticiasnoface.com.br\/wp-content\/uploads\/2026\/09\/267082db-32fb-4260-95d8-8f6d5b048bb7-682x1024.jpeg","datePublished":"2026-09-03T23:18:55+00:00","breadcrumb":{"@id":"https:\/\/noticiasnoface.com.br\/index.php\/2026\/09\/03\/coronel-azevedo-e-1o-lugar-para-deputado-estadual-em-parnamirim\/#breadcrumb"},"inLanguage":"pt-BR","potentialAction":[{"@type":"ReadAction","target":["https:\/\/noticiasnoface.com.br\/index.php\/2026\/09\/03\/coronel-azevedo-e-1o-lugar-para-deputado-estadual-em-parnamirim\/"]}]},{"@type":"ImageObject","inLanguage":"pt-BR","@id":"https:\/\/noticiasnoface.com.br\/index.php\/2026\/09\/03\/coronel-azevedo-e-1o-lugar-para-deputado-estadual-em-parnamirim\/#primaryimage","url":"https:\/\/noticiasnoface.com.br\/wp-content\/uploads\/2026\/09\/267082db-32fb-4260-95d8-8f6d5b048bb7.jpeg","contentUrl":"https:\/\/noticiasnoface.com.br\/wp-content\/uploads\/2026\/09\/267082db-32fb-4260-95d8-8f6d5b048bb7.jpeg","width":1333,"height":2000},{"@type":"BreadcrumbList","@id":"https:\/\/noticiasnoface.com.br\/index.php\/2026\/09\/03\/coronel-azevedo-e-1o-lugar-para-deputado-estadual-em-parnamirim\/#breadcrumb","itemListElement":[{"@type":"ListItem","position":1,"name":"In\u00edcio","item":"https:\/\/noticiasnoface.com.br\/"},{"@type":"ListItem","position":2,"name":"Coronel Azevedo \u00e9 1\u00ba lugar para deputado estadual em Parnamirim"}]},{"@type":"WebSite","@id":"https:\/\/noticiasnoface.com.br\/#website","url":"https:\/\/noticiasnoface.com.br\/","name":"Noticias No Face","description":"NNF","publisher":{"@id":"https:\/\/noticiasnoface.com.br\/#organization"},"potentialAction":[{"@type":"SearchAction","target":{"@type":"EntryPoint","urlTemplate":"https:\/\/noticiasnoface.com.br\/?s={search_term_string}"},"query-input":{"@type":"PropertyValueSpecification","valueRequired":true,"valueName":"search_term_string"}}],"inLanguage":"pt-BR"},{"@type":"Organization","@id":"https:\/\/noticiasnoface.com.br\/#organization","name":"Noticias no face","url":"https:\/\/noticiasnoface.com.br\/","logo":{"@type":"ImageObject","inLanguage":"pt-BR","@id":"https:\/\/noticiasnoface.com.br\/#\/schema\/logo\/image\/","url":"https:\/\/noticiasnoface.com.br\/wp-content\/uploads\/2024\/03\/FB_IMG_1627525396589_Original.jpeg","contentUrl":"https:\/\/noticiasnoface.com.br\/wp-content\/uploads\/2024\/03\/FB_IMG_1627525396589_Original.jpeg","width":1304,"height":1285,"caption":"Noticias no face"},"image":{"@id":"https:\/\/noticiasnoface.com.br\/#\/schema\/logo\/image\/"},"sameAs":["https:\/\/www.facebook.com\/profile.php?id=100012908593281","https:\/\/www.instagram.com\/noticianoface?igsh=MWVvMXQ0MjA3cHY1aQ==","https:\/\/www.threads.net\/@noticiasnoface"]},{"@type":"Person","@id":"https:\/\/noticiasnoface.com.br\/#\/schema\/person\/6d6bb5e4ecce219cd6ecb0ec9e14d8f7","name":"Noticias No Face","image":{"@type":"ImageObject","inLanguage":"pt-BR","@id":"https:\/\/secure.gravatar.com\/avatar\/16a373ebacd5b4a7908eb9b55ce0623c12f93b525e8b3e089429e16c67cf2de0?s=96&d=mm&r=g","url":"https:\/\/secure.gravatar.com\/avatar\/16a373ebacd5b4a7908eb9b55ce0623c12f93b525e8b3e089429e16c67cf2de0?s=96&d=mm&r=g","contentUrl":"https:\/\/secure.gravatar.com\/avatar\/16a373ebacd5b4a7908eb9b55ce0623c12f93b525e8b3e089429e16c67cf2de0?s=96&d=mm&r=g","caption":"Noticias No Face"},"sameAs":["http:\/\/noticiasnoface.com.br","https:\/\/www.facebook.com\/noticiasnf?mibextid=LQQJ4d","https:\/\/www.instagram.com\/noticianoface?igsh=MWVvMXQ0MjA3cHY1aQ=="],"url":"https:\/\/noticiasnoface.com.br\/author\/marcostrigueiro\/"}]}},"_links":{"self":[{"href":"https:\/\/noticiasnoface.com.br\/index.php\/wp-json\/wp\/v2\/posts\/33079","targetHints":{"allow":["GET"]}}],"collection":[{"href":"https:\/\/noticiasnoface.com.br\/index.php\/wp-json\/wp\/v2\/posts"}],"about":[{"href":"https:\/\/noticiasnoface.com.br\/index.php\/wp-json\/wp\/v2\/types\/post"}],"author":[{"embeddable":true,"href":"https:\/\/noticiasnoface.com.br\/index.php\/wp-json\/wp\/v2\/users\/1"}],"replies":[{"embeddable":true,"href":"https:\/\/noticiasnoface.com.br\/index.php\/wp-json\/wp\/v2\/comments?post=33079"}],"version-history":[{"count":1,"href":"https:\/\/noticiasnoface.com.br\/index.php\/wp-json\/wp\/v2\/posts\/33079\/revisions"}],"predecessor-version":[{"id":33080,"href":"https:\/\/noticiasnoface.com.br\/index.php\/wp-json\/wp\/v2\/posts\/33079\/revisions\/33080"}],"wp:attachment":[{"href":"https:\/\/noticiasnoface.com.br\/index.php\/wp-json\/wp\/v2\/media?parent=33079"}],"wp:term":[{"taxonomy":"category","embeddable":true,"href":"https:\/\/noticiasnoface.com.br\/index.php\/wp-json\/wp\/v2\/categories?post=33079"},{"taxonomy":"post_tag","embeddable":true,"href":"https:\/\/noticiasnoface.com.br\/index.php\/wp-json\/wp\/v2\/tags?post=33079"}],"curies":[{"name":"wp","href":"https:\/\/api.w.org\/{rel}","templated":true}]}}