{"id":33082,"date":"2026-09-04T20:10:50","date_gmt":"2026-09-04T23:10:50","guid":{"rendered":"https:\/\/noticiasnoface.com.br\/?p=33082"},"modified":"2026-09-04T20:10:50","modified_gmt":"2026-09-04T23:10:50","slug":"thiago-cartaxo-mostra-forca-politica-e-atrai-multidao-em-reuniao-de-apoio-a-benes-leocadio-e-a-kleber-rodrigues","status":"publish","type":"post","link":"https:\/\/noticiasnoface.com.br\/index.php\/2026\/09\/04\/thiago-cartaxo-mostra-forca-politica-e-atrai-multidao-em-reuniao-de-apoio-a-benes-leocadio-e-a-kleber-rodrigues\/","title":{"rendered":"Thiago Cartaxo mostra for\u00e7a pol\u00edtica e atrai multid\u00e3o em reuni\u00e3o de apoio a Benes Leocadio e a Kleber Rodrigues"},"content":{"rendered":"\n<figure class=\"wp-block-image size-large\"><img loading=\"lazy\" decoding=\"async\" width=\"1024\" height=\"738\" src=\"https:\/\/noticiasnoface.com.br\/wp-content\/uploads\/2026\/09\/img_7628-1024x738.jpeg\" class=\"wp-image-33081\" srcset=\"https:\/\/noticiasnoface.com.br\/wp-content\/uploads\/2026\/09\/img_7628-1024x738.jpeg 1024w, https:\/\/noticiasnoface.com.br\/wp-content\/uploads\/2026\/09\/img_7628-300x216.jpeg 300w, https:\/\/noticiasnoface.com.br\/wp-content\/uploads\/2026\/09\/img_7628-768x553.jpeg 768w, https:\/\/noticiasnoface.com.br\/wp-content\/uploads\/2026\/09\/img_7628.jpeg 1260w\" sizes=\"auto, (max-width: 1024px) 100vw, 1024px\" \/><figcaption class=\"wp-element-caption\">Na noite desta quinta-feira (3), o suplente de vereador e atual secret\u00e1rio de Cultura de Parnamirim, Thiago Cartaxo, realizou uma grande mobiliza\u00e7\u00e3o pol\u00edtica ao lado de Paul\u00e3o Jr., reunindo amigos, familiares e apoiadores em torno das pr\u00e9-candidaturas de Kleber Rodrigues e Benes Leoc\u00e1dio.<br>O encontro foi marcado pela forte presen\u00e7a do grupo pol\u00edtico ligado \u00e0 fam\u00edlia Cartaxo, que mais uma vez declarou apoio aos dois nomes e demonstrou capacidade de articula\u00e7\u00e3o, mobiliza\u00e7\u00e3o e for\u00e7a pol\u00edtica no munic\u00edpio.<br>Os apoios de Thiago Cartaxo tamb\u00e9m carregam o respaldo da prefeita Nilda, principal lideran\u00e7a pol\u00edtica do grupo em Parnamirim e uma refer\u00eancia por quem Thiago mant\u00e9m profundo respeito, confian\u00e7a e lealdade pol\u00edtica. A prefeita j\u00e1 caminha ao lado de Kleber Rodrigues e tamb\u00e9m chancelou a escolha de Thiago Cartaxo e Paul\u00e3o Jr. pelo nome de Benes<br>Leoc\u00e1dio, refor\u00e7ando a unidade e o alinhamento do grupo para o pr\u00f3ximo processo eleitoral.<\/figcaption><\/figure>\n","protected":false},"excerpt":{"rendered":"","protected":false},"author":1,"featured_media":0,"comment_status":"closed","ping_status":"","sticky":false,"template":"","format":"image","meta":{"site-sidebar-layout":"default","site-content-layout":"","ast-site-content-layout":"default","site-content-style":"default","site-sidebar-style":"default","ast-global-header-display":"","ast-banner-title-visibility":"","ast-main-header-display":"","ast-hfb-above-header-display":"","ast-hfb-below-header-display":"","ast-hfb-mobile-header-display":"","site-post-title":"","ast-breadcrumbs-content":"","ast-featured-img":"","footer-sml-layout":"","ast-disable-related-posts":"","theme-transparent-header-meta":"","adv-header-id-meta":"","stick-header-meta":"","header-above-stick-meta":"","header-main-stick-meta":"","header-below-stick-meta":"","astra-migrate-meta-layouts":"default","ast-page-background-enabled":"default","ast-page-background-meta":{"desktop":{"background-color":"var(--ast-global-color-4)","background-image":"","background-repeat":"repeat","background-position":"center center","background-size":"auto","background-attachment":"scroll","background-type":"","background-media":"","overlay-type":"","overlay-color":"","overlay-opacity":"","overlay-gradient":""},"tablet":{"background-color":"","background-image":"","background-repeat":"repeat","background-position":"center center","background-size":"auto","background-attachment":"scroll","background-type":"","background-media":"","overlay-type":"","overlay-color":"","overlay-opacity":"","overlay-gradient":""},"mobile":{"background-color":"","background-image":"","background-repeat":"repeat","background-position":"center center","background-size":"auto","background-attachment":"scroll","background-type":"","background-media":"","overlay-type":"","overlay-color":"","overlay-opacity":"","overlay-gradient":""}},"ast-content-background-meta":{"desktop":{"background-color":"var(--ast-global-color-5)","background-image":"","background-repeat":"repeat","background-position":"center center","background-size":"auto","background-attachment":"scroll","background-type":"","background-media":"","overlay-type":"","overlay-color":"","overlay-opacity":"","overlay-gradient":""},"tablet":{"background-color":"var(--ast-global-color-5)","background-image":"","background-repeat":"repeat","background-position":"center center","background-size":"auto","background-attachment":"scroll","background-type":"","background-media":"","overlay-type":"","overlay-color":"","overlay-opacity":"","overlay-gradient":""},"mobile":{"background-color":"var(--ast-global-color-5)","background-image":"","background-repeat":"repeat","background-position":"center center","background-size":"auto","background-attachment":"scroll","background-type":"","background-media":"","overlay-type":"","overlay-color":"","overlay-opacity":"","overlay-gradient":""}},"footnotes":""},"categories":[517],"tags":[],"class_list":["post-33082","post","type-post","status-publish","format-image","hentry","category-aconteceu","post_format-post-format-image"],"yoast_head":"<!-- This site is optimized with the Yoast SEO plugin v28.3 - https:\/\/yoast.com\/product\/yoast-seo-wordpress\/ -->\n<title>Thiago Cartaxo mostra for\u00e7a pol\u00edtica e atrai multid\u00e3o em reuni\u00e3o de apoio a Benes Leocadio e a Kleber Rodrigues - NOTICIAS NO FACE<\/title>\n<meta name=\"robots\" content=\"index, follow, max-snippet:-1, max-image-preview:large, max-video-preview:-1\" \/>\n<link rel=\"canonical\" href=\"https:\/\/noticiasnoface.com.br\/index.php\/2026\/09\/04\/thiago-cartaxo-mostra-forca-politica-e-atrai-multidao-em-reuniao-de-apoio-a-benes-leocadio-e-a-kleber-rodrigues\/\" \/>\n<meta property=\"og:locale\" content=\"pt_BR\" \/>\n<meta property=\"og:type\" content=\"article\" \/>\n<meta property=\"og:title\" content=\"Thiago Cartaxo mostra for\u00e7a pol\u00edtica e atrai multid\u00e3o em reuni\u00e3o de apoio a Benes Leocadio e a Kleber Rodrigues - NOTICIAS NO FACE\" \/>\n<meta property=\"og:url\" content=\"https:\/\/noticiasnoface.com.br\/index.php\/2026\/09\/04\/thiago-cartaxo-mostra-forca-politica-e-atrai-multidao-em-reuniao-de-apoio-a-benes-leocadio-e-a-kleber-rodrigues\/\" \/>\n<meta property=\"og:site_name\" content=\"NOTICIAS NO FACE\" \/>\n<meta property=\"article:publisher\" content=\"https:\/\/www.facebook.com\/profile.php?id=100012908593281\" \/>\n<meta property=\"article:author\" content=\"https:\/\/www.facebook.com\/noticiasnf?mibextid=LQQJ4d\" \/>\n<meta property=\"article:published_time\" content=\"2026-09-04T23:10:50+00:00\" \/>\n<meta property=\"og:image\" content=\"https:\/\/noticiasnoface.com.br\/wp-content\/uploads\/2026\/09\/img_7628.jpeg\" \/>\n\t<meta property=\"og:image:width\" content=\"1260\" \/>\n\t<meta property=\"og:image:height\" content=\"908\" \/>\n\t<meta property=\"og:image:type\" content=\"image\/jpeg\" \/>\n<meta name=\"author\" content=\"Noticias No Face\" \/>\n<meta name=\"twitter:card\" content=\"summary_large_image\" \/>\n<meta name=\"twitter:label1\" content=\"Escrito por\" \/>\n\t<meta name=\"twitter:data1\" content=\"Noticias No Face\" \/>\n\t<meta name=\"twitter:label2\" content=\"Est. tempo de leitura\" \/>\n\t<meta name=\"twitter:data2\" content=\"1 minuto\" \/>\n<script type=\"application\/ld+json\" class=\"yoast-schema-graph\">{\"@context\":\"https:\\\/\\\/schema.org\",\"@graph\":[{\"@type\":\"Article\",\"@id\":\"https:\\\/\\\/noticiasnoface.com.br\\\/index.php\\\/2026\\\/09\\\/04\\\/thiago-cartaxo-mostra-forca-politica-e-atrai-multidao-em-reuniao-de-apoio-a-benes-leocadio-e-a-kleber-rodrigues\\\/#article\",\"isPartOf\":{\"@id\":\"https:\\\/\\\/noticiasnoface.com.br\\\/index.php\\\/2026\\\/09\\\/04\\\/thiago-cartaxo-mostra-forca-politica-e-atrai-multidao-em-reuniao-de-apoio-a-benes-leocadio-e-a-kleber-rodrigues\\\/\"},\"author\":{\"name\":\"Noticias No Face\",\"@id\":\"https:\\\/\\\/noticiasnoface.com.br\\\/#\\\/schema\\\/person\\\/6d6bb5e4ecce219cd6ecb0ec9e14d8f7\"},\"headline\":\"Thiago Cartaxo mostra for\u00e7a pol\u00edtica e atrai multid\u00e3o em reuni\u00e3o de apoio a Benes Leocadio e a Kleber Rodrigues\",\"datePublished\":\"2026-09-04T23:10:50+00:00\",\"mainEntityOfPage\":{\"@id\":\"https:\\\/\\\/noticiasnoface.com.br\\\/index.php\\\/2026\\\/09\\\/04\\\/thiago-cartaxo-mostra-forca-politica-e-atrai-multidao-em-reuniao-de-apoio-a-benes-leocadio-e-a-kleber-rodrigues\\\/\"},\"wordCount\":193,\"publisher\":{\"@id\":\"https:\\\/\\\/noticiasnoface.com.br\\\/#organization\"},\"image\":{\"@id\":\"https:\\\/\\\/noticiasnoface.com.br\\\/index.php\\\/2026\\\/09\\\/04\\\/thiago-cartaxo-mostra-forca-politica-e-atrai-multidao-em-reuniao-de-apoio-a-benes-leocadio-e-a-kleber-rodrigues\\\/#primaryimage\"},\"thumbnailUrl\":\"https:\\\/\\\/noticiasnoface.com.br\\\/wp-content\\\/uploads\\\/2026\\\/09\\\/img_7628-1024x738.jpeg\",\"articleSection\":[\"ACONTECEU\"],\"inLanguage\":\"pt-BR\"},{\"@type\":\"WebPage\",\"@id\":\"https:\\\/\\\/noticiasnoface.com.br\\\/index.php\\\/2026\\\/09\\\/04\\\/thiago-cartaxo-mostra-forca-politica-e-atrai-multidao-em-reuniao-de-apoio-a-benes-leocadio-e-a-kleber-rodrigues\\\/\",\"url\":\"https:\\\/\\\/noticiasnoface.com.br\\\/index.php\\\/2026\\\/09\\\/04\\\/thiago-cartaxo-mostra-forca-politica-e-atrai-multidao-em-reuniao-de-apoio-a-benes-leocadio-e-a-kleber-rodrigues\\\/\",\"name\":\"Thiago Cartaxo mostra for\u00e7a pol\u00edtica e atrai multid\u00e3o em reuni\u00e3o de apoio a Benes Leocadio e a Kleber Rodrigues - NOTICIAS NO FACE\",\"isPartOf\":{\"@id\":\"https:\\\/\\\/noticiasnoface.com.br\\\/#website\"},\"primaryImageOfPage\":{\"@id\":\"https:\\\/\\\/noticiasnoface.com.br\\\/index.php\\\/2026\\\/09\\\/04\\\/thiago-cartaxo-mostra-forca-politica-e-atrai-multidao-em-reuniao-de-apoio-a-benes-leocadio-e-a-kleber-rodrigues\\\/#primaryimage\"},\"image\":{\"@id\":\"https:\\\/\\\/noticiasnoface.com.br\\\/index.php\\\/2026\\\/09\\\/04\\\/thiago-cartaxo-mostra-forca-politica-e-atrai-multidao-em-reuniao-de-apoio-a-benes-leocadio-e-a-kleber-rodrigues\\\/#primaryimage\"},\"thumbnailUrl\":\"https:\\\/\\\/noticiasnoface.com.br\\\/wp-content\\\/uploads\\\/2026\\\/09\\\/img_7628-1024x738.jpeg\",\"datePublished\":\"2026-09-04T23:10:50+00:00\",\"breadcrumb\":{\"@id\":\"https:\\\/\\\/noticiasnoface.com.br\\\/index.php\\\/2026\\\/09\\\/04\\\/thiago-cartaxo-mostra-forca-politica-e-atrai-multidao-em-reuniao-de-apoio-a-benes-leocadio-e-a-kleber-rodrigues\\\/#breadcrumb\"},\"inLanguage\":\"pt-BR\",\"potentialAction\":[{\"@type\":\"ReadAction\",\"target\":[\"https:\\\/\\\/noticiasnoface.com.br\\\/index.php\\\/2026\\\/09\\\/04\\\/thiago-cartaxo-mostra-forca-politica-e-atrai-multidao-em-reuniao-de-apoio-a-benes-leocadio-e-a-kleber-rodrigues\\\/\"]}]},{\"@type\":\"ImageObject\",\"inLanguage\":\"pt-BR\",\"@id\":\"https:\\\/\\\/noticiasnoface.com.br\\\/index.php\\\/2026\\\/09\\\/04\\\/thiago-cartaxo-mostra-forca-politica-e-atrai-multidao-em-reuniao-de-apoio-a-benes-leocadio-e-a-kleber-rodrigues\\\/#primaryimage\",\"url\":\"https:\\\/\\\/noticiasnoface.com.br\\\/wp-content\\\/uploads\\\/2026\\\/09\\\/img_7628.jpeg\",\"contentUrl\":\"https:\\\/\\\/noticiasnoface.com.br\\\/wp-content\\\/uploads\\\/2026\\\/09\\\/img_7628.jpeg\",\"width\":1260,\"height\":908,\"caption\":\"Screenshot\"},{\"@type\":\"BreadcrumbList\",\"@id\":\"https:\\\/\\\/noticiasnoface.com.br\\\/index.php\\\/2026\\\/09\\\/04\\\/thiago-cartaxo-mostra-forca-politica-e-atrai-multidao-em-reuniao-de-apoio-a-benes-leocadio-e-a-kleber-rodrigues\\\/#breadcrumb\",\"itemListElement\":[{\"@type\":\"ListItem\",\"position\":1,\"name\":\"In\u00edcio\",\"item\":\"https:\\\/\\\/noticiasnoface.com.br\\\/\"},{\"@type\":\"ListItem\",\"position\":2,\"name\":\"Thiago Cartaxo mostra for\u00e7a pol\u00edtica e atrai multid\u00e3o em reuni\u00e3o de apoio a Benes Leocadio e a Kleber Rodrigues\"}]},{\"@type\":\"WebSite\",\"@id\":\"https:\\\/\\\/noticiasnoface.com.br\\\/#website\",\"url\":\"https:\\\/\\\/noticiasnoface.com.br\\\/\",\"name\":\"Noticias No Face\",\"description\":\"NNF\",\"publisher\":{\"@id\":\"https:\\\/\\\/noticiasnoface.com.br\\\/#organization\"},\"potentialAction\":[{\"@type\":\"SearchAction\",\"target\":{\"@type\":\"EntryPoint\",\"urlTemplate\":\"https:\\\/\\\/noticiasnoface.com.br\\\/?s={search_term_string}\"},\"query-input\":{\"@type\":\"PropertyValueSpecification\",\"valueRequired\":true,\"valueName\":\"search_term_string\"}}],\"inLanguage\":\"pt-BR\"},{\"@type\":\"Organization\",\"@id\":\"https:\\\/\\\/noticiasnoface.com.br\\\/#organization\",\"name\":\"Noticias no face\",\"url\":\"https:\\\/\\\/noticiasnoface.com.br\\\/\",\"logo\":{\"@type\":\"ImageObject\",\"inLanguage\":\"pt-BR\",\"@id\":\"https:\\\/\\\/noticiasnoface.com.br\\\/#\\\/schema\\\/logo\\\/image\\\/\",\"url\":\"https:\\\/\\\/noticiasnoface.com.br\\\/wp-content\\\/uploads\\\/2024\\\/03\\\/FB_IMG_1627525396589_Original.jpeg\",\"contentUrl\":\"https:\\\/\\\/noticiasnoface.com.br\\\/wp-content\\\/uploads\\\/2024\\\/03\\\/FB_IMG_1627525396589_Original.jpeg\",\"width\":1304,\"height\":1285,\"caption\":\"Noticias no face\"},\"image\":{\"@id\":\"https:\\\/\\\/noticiasnoface.com.br\\\/#\\\/schema\\\/logo\\\/image\\\/\"},\"sameAs\":[\"https:\\\/\\\/www.facebook.com\\\/profile.php?id=100012908593281\",\"https:\\\/\\\/www.instagram.com\\\/noticianoface?igsh=MWVvMXQ0MjA3cHY1aQ==\",\"https:\\\/\\\/www.threads.net\\\/@noticiasnoface\"]},{\"@type\":\"Person\",\"@id\":\"https:\\\/\\\/noticiasnoface.com.br\\\/#\\\/schema\\\/person\\\/6d6bb5e4ecce219cd6ecb0ec9e14d8f7\",\"name\":\"Noticias No Face\",\"image\":{\"@type\":\"ImageObject\",\"inLanguage\":\"pt-BR\",\"@id\":\"https:\\\/\\\/secure.gravatar.com\\\/avatar\\\/16a373ebacd5b4a7908eb9b55ce0623c12f93b525e8b3e089429e16c67cf2de0?s=96&d=mm&r=g\",\"url\":\"https:\\\/\\\/secure.gravatar.com\\\/avatar\\\/16a373ebacd5b4a7908eb9b55ce0623c12f93b525e8b3e089429e16c67cf2de0?s=96&d=mm&r=g\",\"contentUrl\":\"https:\\\/\\\/secure.gravatar.com\\\/avatar\\\/16a373ebacd5b4a7908eb9b55ce0623c12f93b525e8b3e089429e16c67cf2de0?s=96&d=mm&r=g\",\"caption\":\"Noticias No Face\"},\"sameAs\":[\"http:\\\/\\\/noticiasnoface.com.br\",\"https:\\\/\\\/www.facebook.com\\\/noticiasnf?mibextid=LQQJ4d\",\"https:\\\/\\\/www.instagram.com\\\/noticianoface?igsh=MWVvMXQ0MjA3cHY1aQ==\"],\"url\":\"https:\\\/\\\/noticiasnoface.com.br\\\/author\\\/marcostrigueiro\\\/\"}]}<\/script>\n<!-- \/ Yoast SEO plugin. -->","yoast_head_json":{"title":"Thiago Cartaxo mostra for\u00e7a pol\u00edtica e atrai multid\u00e3o em reuni\u00e3o de apoio a Benes Leocadio e a Kleber Rodrigues - NOTICIAS NO FACE","robots":{"index":"index","follow":"follow","max-snippet":"max-snippet:-1","max-image-preview":"max-image-preview:large","max-video-preview":"max-video-preview:-1"},"canonical":"https:\/\/noticiasnoface.com.br\/index.php\/2026\/09\/04\/thiago-cartaxo-mostra-forca-politica-e-atrai-multidao-em-reuniao-de-apoio-a-benes-leocadio-e-a-kleber-rodrigues\/","og_locale":"pt_BR","og_type":"article","og_title":"Thiago Cartaxo mostra for\u00e7a pol\u00edtica e atrai multid\u00e3o em reuni\u00e3o de apoio a Benes Leocadio e a Kleber Rodrigues - NOTICIAS NO FACE","og_url":"https:\/\/noticiasnoface.com.br\/index.php\/2026\/09\/04\/thiago-cartaxo-mostra-forca-politica-e-atrai-multidao-em-reuniao-de-apoio-a-benes-leocadio-e-a-kleber-rodrigues\/","og_site_name":"NOTICIAS NO FACE","article_publisher":"https:\/\/www.facebook.com\/profile.php?id=100012908593281","article_author":"https:\/\/www.facebook.com\/noticiasnf?mibextid=LQQJ4d","article_published_time":"2026-09-04T23:10:50+00:00","og_image":[{"width":1260,"height":908,"url":"https:\/\/noticiasnoface.com.br\/wp-content\/uploads\/2026\/09\/img_7628.jpeg","type":"image\/jpeg"}],"author":"Noticias No Face","twitter_card":"summary_large_image","twitter_misc":{"Escrito por":"Noticias No Face","Est. tempo de leitura":"1 minuto"},"schema":{"@context":"https:\/\/schema.org","@graph":[{"@type":"Article","@id":"https:\/\/noticiasnoface.com.br\/index.php\/2026\/09\/04\/thiago-cartaxo-mostra-forca-politica-e-atrai-multidao-em-reuniao-de-apoio-a-benes-leocadio-e-a-kleber-rodrigues\/#article","isPartOf":{"@id":"https:\/\/noticiasnoface.com.br\/index.php\/2026\/09\/04\/thiago-cartaxo-mostra-forca-politica-e-atrai-multidao-em-reuniao-de-apoio-a-benes-leocadio-e-a-kleber-rodrigues\/"},"author":{"name":"Noticias No Face","@id":"https:\/\/noticiasnoface.com.br\/#\/schema\/person\/6d6bb5e4ecce219cd6ecb0ec9e14d8f7"},"headline":"Thiago Cartaxo mostra for\u00e7a pol\u00edtica e atrai multid\u00e3o em reuni\u00e3o de apoio a Benes Leocadio e a Kleber Rodrigues","datePublished":"2026-09-04T23:10:50+00:00","mainEntityOfPage":{"@id":"https:\/\/noticiasnoface.com.br\/index.php\/2026\/09\/04\/thiago-cartaxo-mostra-forca-politica-e-atrai-multidao-em-reuniao-de-apoio-a-benes-leocadio-e-a-kleber-rodrigues\/"},"wordCount":193,"publisher":{"@id":"https:\/\/noticiasnoface.com.br\/#organization"},"image":{"@id":"https:\/\/noticiasnoface.com.br\/index.php\/2026\/09\/04\/thiago-cartaxo-mostra-forca-politica-e-atrai-multidao-em-reuniao-de-apoio-a-benes-leocadio-e-a-kleber-rodrigues\/#primaryimage"},"thumbnailUrl":"https:\/\/noticiasnoface.com.br\/wp-content\/uploads\/2026\/09\/img_7628-1024x738.jpeg","articleSection":["ACONTECEU"],"inLanguage":"pt-BR"},{"@type":"WebPage","@id":"https:\/\/noticiasnoface.com.br\/index.php\/2026\/09\/04\/thiago-cartaxo-mostra-forca-politica-e-atrai-multidao-em-reuniao-de-apoio-a-benes-leocadio-e-a-kleber-rodrigues\/","url":"https:\/\/noticiasnoface.com.br\/index.php\/2026\/09\/04\/thiago-cartaxo-mostra-forca-politica-e-atrai-multidao-em-reuniao-de-apoio-a-benes-leocadio-e-a-kleber-rodrigues\/","name":"Thiago Cartaxo mostra for\u00e7a pol\u00edtica e atrai multid\u00e3o em reuni\u00e3o de apoio a Benes Leocadio e a Kleber Rodrigues - NOTICIAS NO FACE","isPartOf":{"@id":"https:\/\/noticiasnoface.com.br\/#website"},"primaryImageOfPage":{"@id":"https:\/\/noticiasnoface.com.br\/index.php\/2026\/09\/04\/thiago-cartaxo-mostra-forca-politica-e-atrai-multidao-em-reuniao-de-apoio-a-benes-leocadio-e-a-kleber-rodrigues\/#primaryimage"},"image":{"@id":"https:\/\/noticiasnoface.com.br\/index.php\/2026\/09\/04\/thiago-cartaxo-mostra-forca-politica-e-atrai-multidao-em-reuniao-de-apoio-a-benes-leocadio-e-a-kleber-rodrigues\/#primaryimage"},"thumbnailUrl":"https:\/\/noticiasnoface.com.br\/wp-content\/uploads\/2026\/09\/img_7628-1024x738.jpeg","datePublished":"2026-09-04T23:10:50+00:00","breadcrumb":{"@id":"https:\/\/noticiasnoface.com.br\/index.php\/2026\/09\/04\/thiago-cartaxo-mostra-forca-politica-e-atrai-multidao-em-reuniao-de-apoio-a-benes-leocadio-e-a-kleber-rodrigues\/#breadcrumb"},"inLanguage":"pt-BR","potentialAction":[{"@type":"ReadAction","target":["https:\/\/noticiasnoface.com.br\/index.php\/2026\/09\/04\/thiago-cartaxo-mostra-forca-politica-e-atrai-multidao-em-reuniao-de-apoio-a-benes-leocadio-e-a-kleber-rodrigues\/"]}]},{"@type":"ImageObject","inLanguage":"pt-BR","@id":"https:\/\/noticiasnoface.com.br\/index.php\/2026\/09\/04\/thiago-cartaxo-mostra-forca-politica-e-atrai-multidao-em-reuniao-de-apoio-a-benes-leocadio-e-a-kleber-rodrigues\/#primaryimage","url":"https:\/\/noticiasnoface.com.br\/wp-content\/uploads\/2026\/09\/img_7628.jpeg","contentUrl":"https:\/\/noticiasnoface.com.br\/wp-content\/uploads\/2026\/09\/img_7628.jpeg","width":1260,"height":908,"caption":"Screenshot"},{"@type":"BreadcrumbList","@id":"https:\/\/noticiasnoface.com.br\/index.php\/2026\/09\/04\/thiago-cartaxo-mostra-forca-politica-e-atrai-multidao-em-reuniao-de-apoio-a-benes-leocadio-e-a-kleber-rodrigues\/#breadcrumb","itemListElement":[{"@type":"ListItem","position":1,"name":"In\u00edcio","item":"https:\/\/noticiasnoface.com.br\/"},{"@type":"ListItem","position":2,"name":"Thiago Cartaxo mostra for\u00e7a pol\u00edtica e atrai multid\u00e3o em reuni\u00e3o de apoio a Benes Leocadio e a Kleber Rodrigues"}]},{"@type":"WebSite","@id":"https:\/\/noticiasnoface.com.br\/#website","url":"https:\/\/noticiasnoface.com.br\/","name":"Noticias No Face","description":"NNF","publisher":{"@id":"https:\/\/noticiasnoface.com.br\/#organization"},"potentialAction":[{"@type":"SearchAction","target":{"@type":"EntryPoint","urlTemplate":"https:\/\/noticiasnoface.com.br\/?s={search_term_string}"},"query-input":{"@type":"PropertyValueSpecification","valueRequired":true,"valueName":"search_term_string"}}],"inLanguage":"pt-BR"},{"@type":"Organization","@id":"https:\/\/noticiasnoface.com.br\/#organization","name":"Noticias no face","url":"https:\/\/noticiasnoface.com.br\/","logo":{"@type":"ImageObject","inLanguage":"pt-BR","@id":"https:\/\/noticiasnoface.com.br\/#\/schema\/logo\/image\/","url":"https:\/\/noticiasnoface.com.br\/wp-content\/uploads\/2024\/03\/FB_IMG_1627525396589_Original.jpeg","contentUrl":"https:\/\/noticiasnoface.com.br\/wp-content\/uploads\/2024\/03\/FB_IMG_1627525396589_Original.jpeg","width":1304,"height":1285,"caption":"Noticias no face"},"image":{"@id":"https:\/\/noticiasnoface.com.br\/#\/schema\/logo\/image\/"},"sameAs":["https:\/\/www.facebook.com\/profile.php?id=100012908593281","https:\/\/www.instagram.com\/noticianoface?igsh=MWVvMXQ0MjA3cHY1aQ==","https:\/\/www.threads.net\/@noticiasnoface"]},{"@type":"Person","@id":"https:\/\/noticiasnoface.com.br\/#\/schema\/person\/6d6bb5e4ecce219cd6ecb0ec9e14d8f7","name":"Noticias No Face","image":{"@type":"ImageObject","inLanguage":"pt-BR","@id":"https:\/\/secure.gravatar.com\/avatar\/16a373ebacd5b4a7908eb9b55ce0623c12f93b525e8b3e089429e16c67cf2de0?s=96&d=mm&r=g","url":"https:\/\/secure.gravatar.com\/avatar\/16a373ebacd5b4a7908eb9b55ce0623c12f93b525e8b3e089429e16c67cf2de0?s=96&d=mm&r=g","contentUrl":"https:\/\/secure.gravatar.com\/avatar\/16a373ebacd5b4a7908eb9b55ce0623c12f93b525e8b3e089429e16c67cf2de0?s=96&d=mm&r=g","caption":"Noticias No Face"},"sameAs":["http:\/\/noticiasnoface.com.br","https:\/\/www.facebook.com\/noticiasnf?mibextid=LQQJ4d","https:\/\/www.instagram.com\/noticianoface?igsh=MWVvMXQ0MjA3cHY1aQ=="],"url":"https:\/\/noticiasnoface.com.br\/author\/marcostrigueiro\/"}]}},"_links":{"self":[{"href":"https:\/\/noticiasnoface.com.br\/index.php\/wp-json\/wp\/v2\/posts\/33082","targetHints":{"allow":["GET"]}}],"collection":[{"href":"https:\/\/noticiasnoface.com.br\/index.php\/wp-json\/wp\/v2\/posts"}],"about":[{"href":"https:\/\/noticiasnoface.com.br\/index.php\/wp-json\/wp\/v2\/types\/post"}],"author":[{"embeddable":true,"href":"https:\/\/noticiasnoface.com.br\/index.php\/wp-json\/wp\/v2\/users\/1"}],"replies":[{"embeddable":true,"href":"https:\/\/noticiasnoface.com.br\/index.php\/wp-json\/wp\/v2\/comments?post=33082"}],"version-history":[{"count":1,"href":"https:\/\/noticiasnoface.com.br\/index.php\/wp-json\/wp\/v2\/posts\/33082\/revisions"}],"predecessor-version":[{"id":33083,"href":"https:\/\/noticiasnoface.com.br\/index.php\/wp-json\/wp\/v2\/posts\/33082\/revisions\/33083"}],"wp:attachment":[{"href":"https:\/\/noticiasnoface.com.br\/index.php\/wp-json\/wp\/v2\/media?parent=33082"}],"wp:term":[{"taxonomy":"category","embeddable":true,"href":"https:\/\/noticiasnoface.com.br\/index.php\/wp-json\/wp\/v2\/categories?post=33082"},{"taxonomy":"post_tag","embeddable":true,"href":"https:\/\/noticiasnoface.com.br\/index.php\/wp-json\/wp\/v2\/tags?post=33082"}],"curies":[{"name":"wp","href":"https:\/\/api.w.org\/{rel}","templated":true}]}}