{"id":3501,"date":"2022-02-27T09:43:47","date_gmt":"2022-02-27T12:43:47","guid":{"rendered":"https:\/\/noticiasnoface.com.br\/?p=3501"},"modified":"2022-02-27T09:43:48","modified_gmt":"2022-02-27T12:43:48","slug":"quem-sera-a-proxima-vitima-de-alexandre-de-moraes","status":"publish","type":"post","link":"https:\/\/noticiasnoface.com.br\/index.php\/2022\/02\/27\/quem-sera-a-proxima-vitima-de-alexandre-de-moraes\/","title":{"rendered":"Quem ser\u00e1 a pr\u00f3xima v\u00edtima de Alexandre de Moraes?"},"content":{"rendered":"\n<figure class=\"wp-block-image size-large\"><img data-opt-id=889391330  fetchpriority=\"high\" decoding=\"async\" width=\"1242\" height=\"863\" src=\"https:\/\/mlbfrsat7ahr.i.optimole.com\/w:auto\/h:auto\/q:mauto\/ig:avif\/https:\/\/noticiasnoface.com.br\/wp-content\/uploads\/2022\/02\/img_7653.jpg\" alt=\"\" class=\"wp-image-3500\" srcset=\"https:\/\/mlbfrsat7ahr.i.optimole.com\/w:1242\/h:863\/q:mauto\/ig:avif\/https:\/\/noticiasnoface.com.br\/wp-content\/uploads\/2022\/02\/img_7653.jpg 1242w, https:\/\/mlbfrsat7ahr.i.optimole.com\/w:300\/h:208\/q:mauto\/ig:avif\/https:\/\/noticiasnoface.com.br\/wp-content\/uploads\/2022\/02\/img_7653.jpg 300w, https:\/\/mlbfrsat7ahr.i.optimole.com\/w:1024\/h:712\/q:mauto\/ig:avif\/https:\/\/noticiasnoface.com.br\/wp-content\/uploads\/2022\/02\/img_7653.jpg 1024w, https:\/\/mlbfrsat7ahr.i.optimole.com\/w:768\/h:534\/q:mauto\/ig:avif\/https:\/\/noticiasnoface.com.br\/wp-content\/uploads\/2022\/02\/img_7653.jpg 768w\" sizes=\"(max-width: 1000px) 100vw, 1000px\" \/><figcaption><br>O Telegram cumpriu a determina\u00e7\u00e3o do ministro do Supremo Tribunal Federal (STF) Alexandre de Moraes e suspendeu, neste s\u00e1bado (26.fev), as tr\u00eas contas ligadas ao blogueiro Allan dos Santos no aplicativo de mensagens. Em nota, o gabinete do ministro informou que a decis\u00e3o determinava o prazo de 24 horas para a retirada dos perfis do ar.<br>Na decis\u00e3o divulgada na sexta-feira (25.fev), Moraes sustentou que o blogueiro tem utilizado o alcance de seu perfil no aplicativo Telegram &#8220;como parte da estrutura destinada \u00e0 propaga\u00e7\u00e3o de ataques ao Estado Democr\u00e1tico de Direito, ao Supremo Tribunal Federal, ao Tribunal Superior Eleitoral e ao Senado Federal, al\u00e9m de autoridades vinculadas a esses \u00f3rg\u00e3os&#8221;.<\/figcaption><\/figure>\n","protected":false},"excerpt":{"rendered":"","protected":false},"author":1,"featured_media":0,"comment_status":"open","ping_status":"open","sticky":false,"template":"","format":"standard","meta":{"site-sidebar-layout":"default","site-content-layout":"","ast-site-content-layout":"default","site-content-style":"default","site-sidebar-style":"default","ast-global-header-display":"","ast-banner-title-visibility":"","ast-main-header-display":"","ast-hfb-above-header-display":"","ast-hfb-below-header-display":"","ast-hfb-mobile-header-display":"","site-post-title":"","ast-breadcrumbs-content":"","ast-featured-img":"","footer-sml-layout":"","ast-disable-related-posts":"","theme-transparent-header-meta":"","adv-header-id-meta":"","stick-header-meta":"","header-above-stick-meta":"","header-main-stick-meta":"","header-below-stick-meta":"","astra-migrate-meta-layouts":"default","ast-page-background-enabled":"default","ast-page-background-meta":{"desktop":{"background-color":"var(--ast-global-color-4)","background-image":"","background-repeat":"repeat","background-position":"center center","background-size":"auto","background-attachment":"scroll","background-type":"","background-media":"","overlay-type":"","overlay-color":"","overlay-opacity":"","overlay-gradient":""},"tablet":{"background-color":"","background-image":"","background-repeat":"repeat","background-position":"center center","background-size":"auto","background-attachment":"scroll","background-type":"","background-media":"","overlay-type":"","overlay-color":"","overlay-opacity":"","overlay-gradient":""},"mobile":{"background-color":"","background-image":"","background-repeat":"repeat","background-position":"center center","background-size":"auto","background-attachment":"scroll","background-type":"","background-media":"","overlay-type":"","overlay-color":"","overlay-opacity":"","overlay-gradient":""}},"ast-content-background-meta":{"desktop":{"background-color":"var(--ast-global-color-5)","background-image":"","background-repeat":"repeat","background-position":"center center","background-size":"auto","background-attachment":"scroll","background-type":"","background-media":"","overlay-type":"","overlay-color":"","overlay-opacity":"","overlay-gradient":""},"tablet":{"background-color":"var(--ast-global-color-5)","background-image":"","background-repeat":"repeat","background-position":"center center","background-size":"auto","background-attachment":"scroll","background-type":"","background-media":"","overlay-type":"","overlay-color":"","overlay-opacity":"","overlay-gradient":""},"mobile":{"background-color":"var(--ast-global-color-5)","background-image":"","background-repeat":"repeat","background-position":"center center","background-size":"auto","background-attachment":"scroll","background-type":"","background-media":"","overlay-type":"","overlay-color":"","overlay-opacity":"","overlay-gradient":""}},"footnotes":""},"categories":[517],"tags":[],"class_list":["post-3501","post","type-post","status-publish","format-standard","hentry","category-aconteceu"],"_links":{"self":[{"href":"https:\/\/noticiasnoface.com.br\/index.php\/wp-json\/wp\/v2\/posts\/3501","targetHints":{"allow":["GET"]}}],"collection":[{"href":"https:\/\/noticiasnoface.com.br\/index.php\/wp-json\/wp\/v2\/posts"}],"about":[{"href":"https:\/\/noticiasnoface.com.br\/index.php\/wp-json\/wp\/v2\/types\/post"}],"author":[{"embeddable":true,"href":"https:\/\/noticiasnoface.com.br\/index.php\/wp-json\/wp\/v2\/users\/1"}],"replies":[{"embeddable":true,"href":"https:\/\/noticiasnoface.com.br\/index.php\/wp-json\/wp\/v2\/comments?post=3501"}],"version-history":[{"count":1,"href":"https:\/\/noticiasnoface.com.br\/index.php\/wp-json\/wp\/v2\/posts\/3501\/revisions"}],"predecessor-version":[{"id":3502,"href":"https:\/\/noticiasnoface.com.br\/index.php\/wp-json\/wp\/v2\/posts\/3501\/revisions\/3502"}],"wp:attachment":[{"href":"https:\/\/noticiasnoface.com.br\/index.php\/wp-json\/wp\/v2\/media?parent=3501"}],"wp:term":[{"taxonomy":"category","embeddable":true,"href":"https:\/\/noticiasnoface.com.br\/index.php\/wp-json\/wp\/v2\/categories?post=3501"},{"taxonomy":"post_tag","embeddable":true,"href":"https:\/\/noticiasnoface.com.br\/index.php\/wp-json\/wp\/v2\/tags?post=3501"}],"curies":[{"name":"wp","href":"https:\/\/api.w.org\/{rel}","templated":true}]}}