{"id":3568,"date":"2022-02-28T13:51:36","date_gmt":"2022-02-28T16:51:36","guid":{"rendered":"https:\/\/noticiasnoface.com.br\/?p=3568"},"modified":"2022-02-28T14:09:48","modified_gmt":"2022-02-28T17:09:48","slug":"video-filho-mata-o-pai-com-golpes-de-facao-e-sai-andando-na-rua","status":"publish","type":"post","link":"https:\/\/noticiasnoface.com.br\/index.php\/2022\/02\/28\/video-filho-mata-o-pai-com-golpes-de-facao-e-sai-andando-na-rua\/","title":{"rendered":"(V\u00eddeo): Filho mata o pai com golpes de fac\u00e3o e sai andando na rua\u2026"},"content":{"rendered":"\n<figure class=\"wp-block-image size-large\"><img data-opt-id=244508178  fetchpriority=\"high\" decoding=\"async\" width=\"1242\" height=\"1941\" src=\"https:\/\/mlbfrsat7ahr.i.optimole.com\/w:auto\/h:auto\/q:mauto\/ig:avif\/https:\/\/noticiasnoface.com.br\/wp-content\/uploads\/2022\/02\/img_7750.jpg\" alt=\"\" class=\"wp-image-3570\" srcset=\"https:\/\/mlbfrsat7ahr.i.optimole.com\/w:691\/h:1080\/q:mauto\/ig:avif\/https:\/\/noticiasnoface.com.br\/wp-content\/uploads\/2022\/02\/img_7750.jpg 1242w, https:\/\/mlbfrsat7ahr.i.optimole.com\/w:192\/h:300\/q:mauto\/ig:avif\/https:\/\/noticiasnoface.com.br\/wp-content\/uploads\/2022\/02\/img_7750.jpg 192w, https:\/\/mlbfrsat7ahr.i.optimole.com\/w:655\/h:1024\/q:mauto\/ig:avif\/https:\/\/noticiasnoface.com.br\/wp-content\/uploads\/2022\/02\/img_7750.jpg 655w, https:\/\/mlbfrsat7ahr.i.optimole.com\/w:691\/h:1080\/q:mauto\/ig:avif\/https:\/\/noticiasnoface.com.br\/wp-content\/uploads\/2022\/02\/img_7750.jpg 768w, https:\/\/mlbfrsat7ahr.i.optimole.com\/w:691\/h:1080\/q:mauto\/ig:avif\/https:\/\/noticiasnoface.com.br\/wp-content\/uploads\/2022\/02\/img_7750.jpg 983w\" sizes=\"(max-width: 1000px) 100vw, 1000px\" \/><\/figure>\n\n\n\n<figure class=\"wp-block-video\"><video height=\"640\" style=\"aspect-ratio: 360 \/ 640;\" width=\"360\" controls src=\"https:\/\/noticiasnoface.com.br\/wp-content\/uploads\/2022\/02\/2022-02-28_134815_video.mp4\"><\/video><figcaption>Um homem de 23 anos foi detido pela Guarda Municipal (GMA) na manh\u00e3 deste domingo (27), em <a href=\"https:\/\/g1.globo.com\/pr\/parana\/cidade\/araucaria\/\" target=\"_blank\" rel=\"noopener\">Arauc\u00e1ria<\/a>, na Regi\u00e3o Metropolitana de Curitiba (RMC), ap\u00f3s matar o pr\u00f3prio pai, um homem de 58 anos, com golpes de fac\u00e3o.<br \/>Segundo informa\u00e7\u00f5es da GM, o crime foi no interior de um mercado, na Avenida Independ\u00eancia. Ambos trabalhavam em um com\u00e9rcio pr\u00f3ximo, que vende carnes assadas.<br \/>Segundo a guarda, a arma branca utilizada no crime era usada pelos dois no corte das carnes.<br \/><br \/><img data-opt-id=700680986  fetchpriority=\"high\" decoding=\"async\" src=\"https:\/\/s2.glbimg.com\/5xGaGj75J5bSrmqAYwVfaaMmNZU=\/0x0:720x960\/600x0\/smart\/filters:gifv():strip_icc()\/i.s3.glbimg.com\/v1\/AUTH_59edd422c0c84a879bd37670ae4f538a\/internal_photos\/bs\/2022\/F\/2\/LZHD3DRWy7KovLVLAiTQ\/filho-mata-pai-araucaria-1.jpeg\" alt=\"Fac\u00e3o foi utilizado no crime \u2014 Foto: Divulga\u00e7\u00e3o\/GMA\" class=\"i-amphtml-fill-content i-amphtml-replaced-content\" \/><br \/>Fac\u00e3o foi utilizado no crime \u2014 Foto: Divulga\u00e7\u00e3o\/GMA <br \/>No momento em que as autoridades chegaram ao local, o suspeito foi encontrado deixando o mercado, com a roupa suja de sangue. Ele assumiu a autoria do crime.<br \/><br \/><br \/>\u201cMatei porque ele estava me tirando\u201d, disse o suspeito a um dos guardas.<br \/><br \/>A v\u00edtima foi identificada como Valter Miranda. Segundo a Guarda Municipal, ele chegou a receber os primeiros atendimentos de emerg\u00eancia, mas n\u00e3o resistiu.<br \/>Os guardas que realizaram o atendimento disseram que Valter tinha cortes na cabe\u00e7a e nas m\u00e3os.<br \/><br \/><img data-opt-id=857845589  decoding=\"async\" src=\"https:\/\/s2.glbimg.com\/VBmR_5_QlAsrfrPo3g2vnwuPRYE=\/0x0:720x960\/600x0\/smart\/filters:gifv():strip_icc()\/i.s3.glbimg.com\/v1\/AUTH_59edd422c0c84a879bd37670ae4f538a\/internal_photos\/bs\/2022\/D\/J\/wHycraQEeweCBdlJpBrA\/filho-mata-pai-araucaria-3.jpeg\" alt=\"Crime foi dentro de mercado \u2014 Foto: Divulga\u00e7\u00e3o\/GMA\" class=\"i-amphtml-fill-content i-amphtml-replaced-content\" \/><\/figcaption><\/figure>\n","protected":false},"excerpt":{"rendered":"","protected":false},"author":1,"featured_media":0,"comment_status":"open","ping_status":"open","sticky":false,"template":"","format":"standard","meta":{"site-sidebar-layout":"default","site-content-layout":"","ast-site-content-layout":"default","site-content-style":"default","site-sidebar-style":"default","ast-global-header-display":"","ast-banner-title-visibility":"","ast-main-header-display":"","ast-hfb-above-header-display":"","ast-hfb-below-header-display":"","ast-hfb-mobile-header-display":"","site-post-title":"","ast-breadcrumbs-content":"","ast-featured-img":"","footer-sml-layout":"","ast-disable-related-posts":"","theme-transparent-header-meta":"","adv-header-id-meta":"","stick-header-meta":"","header-above-stick-meta":"","header-main-stick-meta":"","header-below-stick-meta":"","astra-migrate-meta-layouts":"default","ast-page-background-enabled":"default","ast-page-background-meta":{"desktop":{"background-color":"var(--ast-global-color-4)","background-image":"","background-repeat":"repeat","background-position":"center center","background-size":"auto","background-attachment":"scroll","background-type":"","background-media":"","overlay-type":"","overlay-color":"","overlay-opacity":"","overlay-gradient":""},"tablet":{"background-color":"","background-image":"","background-repeat":"repeat","background-position":"center center","background-size":"auto","background-attachment":"scroll","background-type":"","background-media":"","overlay-type":"","overlay-color":"","overlay-opacity":"","overlay-gradient":""},"mobile":{"background-color":"","background-image":"","background-repeat":"repeat","background-position":"center center","background-size":"auto","background-attachment":"scroll","background-type":"","background-media":"","overlay-type":"","overlay-color":"","overlay-opacity":"","overlay-gradient":""}},"ast-content-background-meta":{"desktop":{"background-color":"var(--ast-global-color-5)","background-image":"","background-repeat":"repeat","background-position":"center center","background-size":"auto","background-attachment":"scroll","background-type":"","background-media":"","overlay-type":"","overlay-color":"","overlay-opacity":"","overlay-gradient":""},"tablet":{"background-color":"var(--ast-global-color-5)","background-image":"","background-repeat":"repeat","background-position":"center center","background-size":"auto","background-attachment":"scroll","background-type":"","background-media":"","overlay-type":"","overlay-color":"","overlay-opacity":"","overlay-gradient":""},"mobile":{"background-color":"var(--ast-global-color-5)","background-image":"","background-repeat":"repeat","background-position":"center center","background-size":"auto","background-attachment":"scroll","background-type":"","background-media":"","overlay-type":"","overlay-color":"","overlay-opacity":"","overlay-gradient":""}},"footnotes":""},"categories":[517],"tags":[],"class_list":["post-3568","post","type-post","status-publish","format-standard","hentry","category-aconteceu"],"_links":{"self":[{"href":"https:\/\/noticiasnoface.com.br\/index.php\/wp-json\/wp\/v2\/posts\/3568","targetHints":{"allow":["GET"]}}],"collection":[{"href":"https:\/\/noticiasnoface.com.br\/index.php\/wp-json\/wp\/v2\/posts"}],"about":[{"href":"https:\/\/noticiasnoface.com.br\/index.php\/wp-json\/wp\/v2\/types\/post"}],"author":[{"embeddable":true,"href":"https:\/\/noticiasnoface.com.br\/index.php\/wp-json\/wp\/v2\/users\/1"}],"replies":[{"embeddable":true,"href":"https:\/\/noticiasnoface.com.br\/index.php\/wp-json\/wp\/v2\/comments?post=3568"}],"version-history":[{"count":3,"href":"https:\/\/noticiasnoface.com.br\/index.php\/wp-json\/wp\/v2\/posts\/3568\/revisions"}],"predecessor-version":[{"id":3572,"href":"https:\/\/noticiasnoface.com.br\/index.php\/wp-json\/wp\/v2\/posts\/3568\/revisions\/3572"}],"wp:attachment":[{"href":"https:\/\/noticiasnoface.com.br\/index.php\/wp-json\/wp\/v2\/media?parent=3568"}],"wp:term":[{"taxonomy":"category","embeddable":true,"href":"https:\/\/noticiasnoface.com.br\/index.php\/wp-json\/wp\/v2\/categories?post=3568"},{"taxonomy":"post_tag","embeddable":true,"href":"https:\/\/noticiasnoface.com.br\/index.php\/wp-json\/wp\/v2\/tags?post=3568"}],"curies":[{"name":"wp","href":"https:\/\/api.w.org\/{rel}","templated":true}]}}