{"id":3688,"date":"2022-03-02T19:51:00","date_gmt":"2022-03-02T22:51:00","guid":{"rendered":"https:\/\/noticiasnoface.com.br\/?p=3688"},"modified":"2022-03-02T19:51:00","modified_gmt":"2022-03-02T22:51:00","slug":"um-cabare-chamado-brasil","status":"publish","type":"post","link":"https:\/\/noticiasnoface.com.br\/index.php\/2022\/03\/02\/um-cabare-chamado-brasil\/","title":{"rendered":"Um cabar\u00e9 chamado Brasil!"},"content":{"rendered":"\n<figure class=\"wp-block-image size-large\"><img data-opt-id=422937541  fetchpriority=\"high\" decoding=\"async\" width=\"588\" height=\"392\" src=\"https:\/\/mlbfrsat7ahr.i.optimole.com\/w:auto\/h:auto\/q:mauto\/ig:avif\/https:\/\/noticiasnoface.com.br\/wp-content\/uploads\/2022\/03\/img_7880.jpg\" alt=\"\" class=\"wp-image-3687\" srcset=\"https:\/\/mlbfrsat7ahr.i.optimole.com\/w:588\/h:392\/q:mauto\/ig:avif\/https:\/\/noticiasnoface.com.br\/wp-content\/uploads\/2022\/03\/img_7880.jpg 588w, https:\/\/mlbfrsat7ahr.i.optimole.com\/w:300\/h:200\/q:mauto\/ig:avif\/https:\/\/noticiasnoface.com.br\/wp-content\/uploads\/2022\/03\/img_7880.jpg 300w\" sizes=\"(max-width: 588px) 100vw, 588px\" \/><figcaption>O ministro <a href=\"https:\/\/www.jota.info\/tudo-sobre\/ricardo-lewandowski\" target=\"_blank\" rel=\"noopener\">Ricardo Lewandowski<\/a>, do Supremo Tribunal Federal (<a href=\"https:\/\/www.jota.info\/tudo-sobre\/stf\" target=\"_blank\" rel=\"noopener\">STF<\/a>), suspendeu liminarmente, nesta quarta-feira (2\/3), a tramita\u00e7\u00e3o na Justi\u00e7a do Distrito Federal da a\u00e7\u00e3o penal contra o ex-presidente <a href=\"https:\/\/www.jota.info\/tudo-sobre\/lula\" target=\"_blank\" rel=\"noopener\">Luiz In\u00e1cio Lula da Silva<\/a> no caso conhecido como \u201cCa\u00e7as Gripen\u201d. <br>.<br>Lula \u00e9 acusado de tr\u00e1fico de influ\u00eancia, lavagem de capitais e organiza\u00e7\u00e3o criminosa em decorr\u00eancia da aquisi\u00e7\u00e3o, pela For\u00e7a A\u00e9rea Brasileira (FAB), de 36 ca\u00e7as suecos Saab-Gripen, em 2013. A den\u00fancia surgiu a partir de um desdobramento da Opera\u00e7\u00e3o Zelotes.<br>De acordo com a defesa de Lula, essa \u00e9 a \u00faltima a\u00e7\u00e3o penal contra o ex-presidente, uma vez que tanto o <a href=\"https:\/\/www.jota.info\/justica\/justica-do-df-arquiva-processo-contra-lula-sobre-triplex-do-guaruja-28012022\" target=\"_blank\" rel=\"noopener\">caso do tr\u00edplex<\/a> quanto o do S\u00edtio de Atibaia foram arquivados pela Justi\u00e7a do DF. A a\u00e7\u00e3o penal 1016027-94.2019.4.01.3400 tramita na 10\u00aa Vara Criminal Federal do Distrito Federal.<br>Lewandowski suspendeu cautelarmente a a\u00e7\u00e3o penal at\u00e9 o julgamento definitivo da suspei\u00e7\u00e3o e incompet\u00eancia dos procuradores da Rep\u00fablica que ofereceram a den\u00fancia contra o ex-presidente. O ministro lembrou que o pr\u00f3prio ju\u00edzo da 10\u00aa Vara Criminal Federal do DF determinou a interrup\u00e7\u00e3o da marcha regular do processo diante do pedido de suspei\u00e7\u00e3o levantado pela defesa de Lula.<\/figcaption><\/figure>\n","protected":false},"excerpt":{"rendered":"","protected":false},"author":1,"featured_media":0,"comment_status":"open","ping_status":"open","sticky":false,"template":"","format":"standard","meta":{"site-sidebar-layout":"default","site-content-layout":"","ast-site-content-layout":"default","site-content-style":"default","site-sidebar-style":"default","ast-global-header-display":"","ast-banner-title-visibility":"","ast-main-header-display":"","ast-hfb-above-header-display":"","ast-hfb-below-header-display":"","ast-hfb-mobile-header-display":"","site-post-title":"","ast-breadcrumbs-content":"","ast-featured-img":"","footer-sml-layout":"","ast-disable-related-posts":"","theme-transparent-header-meta":"","adv-header-id-meta":"","stick-header-meta":"","header-above-stick-meta":"","header-main-stick-meta":"","header-below-stick-meta":"","astra-migrate-meta-layouts":"default","ast-page-background-enabled":"default","ast-page-background-meta":{"desktop":{"background-color":"var(--ast-global-color-4)","background-image":"","background-repeat":"repeat","background-position":"center center","background-size":"auto","background-attachment":"scroll","background-type":"","background-media":"","overlay-type":"","overlay-color":"","overlay-opacity":"","overlay-gradient":""},"tablet":{"background-color":"","background-image":"","background-repeat":"repeat","background-position":"center center","background-size":"auto","background-attachment":"scroll","background-type":"","background-media":"","overlay-type":"","overlay-color":"","overlay-opacity":"","overlay-gradient":""},"mobile":{"background-color":"","background-image":"","background-repeat":"repeat","background-position":"center center","background-size":"auto","background-attachment":"scroll","background-type":"","background-media":"","overlay-type":"","overlay-color":"","overlay-opacity":"","overlay-gradient":""}},"ast-content-background-meta":{"desktop":{"background-color":"var(--ast-global-color-5)","background-image":"","background-repeat":"repeat","background-position":"center center","background-size":"auto","background-attachment":"scroll","background-type":"","background-media":"","overlay-type":"","overlay-color":"","overlay-opacity":"","overlay-gradient":""},"tablet":{"background-color":"var(--ast-global-color-5)","background-image":"","background-repeat":"repeat","background-position":"center center","background-size":"auto","background-attachment":"scroll","background-type":"","background-media":"","overlay-type":"","overlay-color":"","overlay-opacity":"","overlay-gradient":""},"mobile":{"background-color":"var(--ast-global-color-5)","background-image":"","background-repeat":"repeat","background-position":"center center","background-size":"auto","background-attachment":"scroll","background-type":"","background-media":"","overlay-type":"","overlay-color":"","overlay-opacity":"","overlay-gradient":""}},"footnotes":""},"categories":[517],"tags":[],"class_list":["post-3688","post","type-post","status-publish","format-standard","hentry","category-aconteceu"],"_links":{"self":[{"href":"https:\/\/noticiasnoface.com.br\/index.php\/wp-json\/wp\/v2\/posts\/3688","targetHints":{"allow":["GET"]}}],"collection":[{"href":"https:\/\/noticiasnoface.com.br\/index.php\/wp-json\/wp\/v2\/posts"}],"about":[{"href":"https:\/\/noticiasnoface.com.br\/index.php\/wp-json\/wp\/v2\/types\/post"}],"author":[{"embeddable":true,"href":"https:\/\/noticiasnoface.com.br\/index.php\/wp-json\/wp\/v2\/users\/1"}],"replies":[{"embeddable":true,"href":"https:\/\/noticiasnoface.com.br\/index.php\/wp-json\/wp\/v2\/comments?post=3688"}],"version-history":[{"count":1,"href":"https:\/\/noticiasnoface.com.br\/index.php\/wp-json\/wp\/v2\/posts\/3688\/revisions"}],"predecessor-version":[{"id":3689,"href":"https:\/\/noticiasnoface.com.br\/index.php\/wp-json\/wp\/v2\/posts\/3688\/revisions\/3689"}],"wp:attachment":[{"href":"https:\/\/noticiasnoface.com.br\/index.php\/wp-json\/wp\/v2\/media?parent=3688"}],"wp:term":[{"taxonomy":"category","embeddable":true,"href":"https:\/\/noticiasnoface.com.br\/index.php\/wp-json\/wp\/v2\/categories?post=3688"},{"taxonomy":"post_tag","embeddable":true,"href":"https:\/\/noticiasnoface.com.br\/index.php\/wp-json\/wp\/v2\/tags?post=3688"}],"curies":[{"name":"wp","href":"https:\/\/api.w.org\/{rel}","templated":true}]}}