{"id":4555,"date":"2022-03-11T19:23:37","date_gmt":"2022-03-11T22:23:37","guid":{"rendered":"https:\/\/noticiasnoface.com.br\/?p=4555"},"modified":"2022-03-11T19:23:38","modified_gmt":"2022-03-11T22:23:38","slug":"whatsapp-cancela-conta-do-pt-e-de-lula","status":"publish","type":"post","link":"https:\/\/noticiasnoface.com.br\/index.php\/2022\/03\/11\/whatsapp-cancela-conta-do-pt-e-de-lula\/","title":{"rendered":"WhatsApp cancela conta do PT e de LULA"},"content":{"rendered":"\n<figure class=\"wp-block-image size-large\"><img data-opt-id=2127907328  fetchpriority=\"high\" decoding=\"async\" width=\"1637\" height=\"1612\" src=\"https:\/\/mlbfrsat7ahr.i.optimole.com\/w:auto\/h:auto\/q:mauto\/ig:avif\/https:\/\/noticiasnoface.com.br\/wp-content\/uploads\/2022\/03\/image-30.jpg\" alt=\"\" class=\"wp-image-4554\" srcset=\"https:\/\/mlbfrsat7ahr.i.optimole.com\/w:1096\/h:1080\/q:mauto\/ig:avif\/https:\/\/noticiasnoface.com.br\/wp-content\/uploads\/2022\/03\/image-30.jpg 1637w, https:\/\/mlbfrsat7ahr.i.optimole.com\/w:300\/h:295\/q:mauto\/ig:avif\/https:\/\/noticiasnoface.com.br\/wp-content\/uploads\/2022\/03\/image-30.jpg 300w, https:\/\/mlbfrsat7ahr.i.optimole.com\/w:1024\/h:1008\/q:mauto\/ig:avif\/https:\/\/noticiasnoface.com.br\/wp-content\/uploads\/2022\/03\/image-30.jpg 1024w, https:\/\/mlbfrsat7ahr.i.optimole.com\/w:768\/h:756\/q:mauto\/ig:avif\/https:\/\/noticiasnoface.com.br\/wp-content\/uploads\/2022\/03\/image-30.jpg 768w, https:\/\/mlbfrsat7ahr.i.optimole.com\/w:1096\/h:1080\/q:mauto\/ig:avif\/https:\/\/noticiasnoface.com.br\/wp-content\/uploads\/2022\/03\/image-30.jpg 1536w\" sizes=\"(max-width: 1000px) 100vw, 1000px\" \/><figcaption>O <a href=\"https:\/\/www1.folha.uol.com.br\/folha-topicos\/whatsapp\" target=\"_blank\" rel=\"noopener\">WhatsApp<\/a> suspendeu n\u00fameros de telefones de administradores de grupos criados pela comunica\u00e7\u00e3o do <a href=\"https:\/\/www1.folha.uol.com.br\/folha-topicos\/lula\" target=\"_blank\" rel=\"noopener\">ex-presidente Luiz In\u00e1cio Lula da Silva (PT)<\/a>, pr\u00e9-candidato \u00e0 elei\u00e7\u00e3o deste ano.<br>No come\u00e7o da semana, a comunica\u00e7\u00e3o do ex-presidente lan\u00e7ou o portal Lulaverso, que se estende a <a href=\"https:\/\/www1.folha.uol.com.br\/folha-topicos\/whatsapp\" target=\"_blank\" rel=\"noopener\">WhatsApp<\/a>, <a href=\"https:\/\/www1.folha.uol.com.br\/folha-topicos\/telegram\" target=\"_blank\" rel=\"noopener\">Telegram<\/a>, <a href=\"https:\/\/www1.folha.uol.com.br\/folha-topicos\/instagram\" target=\"_blank\" rel=\"noopener\">Instagram<\/a>, <a href=\"https:\/\/www1.folha.uol.com.br\/folha-topicos\/twitter\" target=\"_blank\" rel=\"noopener\">Twitter<\/a> e <a href=\"https:\/\/www1.folha.uol.com.br\/folha-topicos\/tiktok\" target=\"_blank\" rel=\"noopener\">TikTok<\/a>, para impulsionar a figura do petista nas redes sociais.<br>Ao menos quatro dos grupos criados no WhatsApp ficaram inativos nesta semana \u2014a \u00faltima movimenta\u00e7\u00e3o deles foi \u00e0s 19h02 de ter\u00e7a-feira (8). At\u00e9 a tarde desta sexta (11), as contas seguiam suspensas.<br>Segundo a assessoria do petista, a plataforma reagiu, de maneira autom\u00e1tica e preventiva, e suspendeu, de forma tempor\u00e1ria, alguns administradores por causa da movimenta\u00e7\u00e3o intensa dos grupos.<br>A ideia, de acordo com a equipe de imprensa do ex-presidente, \u00e9 reverter a suspens\u00e3o das contas e reativar os grupos. A assessoria diz ainda que os demais est\u00e3o funcionando e que, sempre que o limite de participantes de um \u00e9 alcan\u00e7ado, novos s\u00e3o criados.<br>Sem esclarecer a raz\u00e3o para o banimento tempor\u00e1rio, a assessoria de Lula diz que o WhatsApp &#8220;estranhou&#8221; a grande movimenta\u00e7\u00e3o que o lan\u00e7amento dos grupos gerou \u2014eram 19 at\u00e9 esta quinta-feira (10).<br>&#8220;Se n\u00e3o tivesse muitas inscri\u00e7\u00f5es, isso n\u00e3o aconteceria. Agora, estamos explicando, mandando relat\u00f3rios para eles mostrando que o funcionamento, modera\u00e7\u00e3o, est\u00e1 nas regras. Deve normalizar em breve&#8221;, diz a assessoria.<br>O WhatsApp afirma que n\u00e3o comenta casos espec\u00edficos. H\u00e1 uma s\u00e9rie de regras que, se quebradas, podem levar \u00e0 suspens\u00e3o ou banimento de contas. Entre elas, o usu\u00e1rio n\u00e3o pode usar nenhum servi\u00e7o de automa\u00e7\u00e3o, como por exemplo usar rob\u00f4s para enviar mensagens e fazer disparos em massa.<br>Tamb\u00e9m \u00e9 proibido usar aplicativos n\u00e3o oficiais que emulam o WhatsApp.<br>A assessoria de Lula afirma, por\u00e9m, que nem os administradores nem os grupos violaram qualquer regra do aplicativo. &#8220;N\u00e3o existe disparo em massa em grupo onde as pessoas entraram livremente&#8221;, diz.<br>Al\u00e9m do link para entrada nos grupos em plataformas de troca de mensagens, o Lulaverso re\u00fane memes, gifs e figurinhas estampando o rosto do petista.<br>A iniciativa mira a aten\u00e7\u00e3o do p\u00fablico jovem na corrida do ex-presidente de volta ao Planalto. Os mais numerosos perfis do Lulaverso at\u00e9 ent\u00e3o somam quase 8.000 seguidores.<br>O portal est\u00e1 em busca de influencers e comunicadores para somar ao bra\u00e7o digital numa investida aos territ\u00f3rios digitais captados pelo bolsonarismo nos \u00faltimos anos.<br>Embora n\u00e3o tenha oficializado a pr\u00e9-canditatura, o movimento de Lula se assemelha a de outros poss\u00edveis concorrentes, como o pedetista <a href=\"https:\/\/www1.folha.uol.com.br\/folha-topicos\/ciro-gomes\" target=\"_blank\" rel=\"noopener\">Ciro Gomes<\/a>, e refor\u00e7a a impress\u00e3o de que os postulantes levam as li\u00e7\u00f5es da campanha vitoriosa de <a href=\"https:\/\/www1.folha.uol.com.br\/folha-topicos\/jair-bolsonaro\" target=\"_blank\" rel=\"noopener\">Jair Bolsonaro<\/a> em 2018, focada no uso da internet e nos aplicativos de mensagens.<br>O plano se soma \u00e0 participa\u00e7\u00e3o em programas de podcasts e aos acenos ao p\u00fablico gamer como tend\u00eancias nas campanhas deste ano, segundo especialistas.<br>A assessoria do petista n\u00e3o confirma se essa \u00e9 uma a\u00e7\u00e3o da (prov\u00e1vel) pr\u00e9-campanha e diz apenas se tratar de uma &#8220;iniciativa ligada ao ex-presidente&#8221;.<br>Ainda n\u00e3o houve, ali\u00e1s, men\u00e7\u00e3o ao Lulaverso nos perfis mais antigos de Lula, que acumulam milh\u00f5es de seguidores e adotam um tom mais s\u00f3brio e institucional.<br>Segundo a assessoria, as contas s\u00e3o administradas por equipes diferentes, sendo o Lulaverso por &#8220;uma s\u00e9rie de parceiros&#8221;.<\/figcaption><\/figure>\n\n\n\n<p><\/p>\n","protected":false},"excerpt":{"rendered":"","protected":false},"author":1,"featured_media":0,"comment_status":"open","ping_status":"open","sticky":false,"template":"","format":"standard","meta":{"site-sidebar-layout":"default","site-content-layout":"","ast-site-content-layout":"default","site-content-style":"default","site-sidebar-style":"default","ast-global-header-display":"","ast-banner-title-visibility":"","ast-main-header-display":"","ast-hfb-above-header-display":"","ast-hfb-below-header-display":"","ast-hfb-mobile-header-display":"","site-post-title":"","ast-breadcrumbs-content":"","ast-featured-img":"","footer-sml-layout":"","ast-disable-related-posts":"","theme-transparent-header-meta":"","adv-header-id-meta":"","stick-header-meta":"","header-above-stick-meta":"","header-main-stick-meta":"","header-below-stick-meta":"","astra-migrate-meta-layouts":"default","ast-page-background-enabled":"default","ast-page-background-meta":{"desktop":{"background-color":"var(--ast-global-color-4)","background-image":"","background-repeat":"repeat","background-position":"center center","background-size":"auto","background-attachment":"scroll","background-type":"","background-media":"","overlay-type":"","overlay-color":"","overlay-opacity":"","overlay-gradient":""},"tablet":{"background-color":"","background-image":"","background-repeat":"repeat","background-position":"center center","background-size":"auto","background-attachment":"scroll","background-type":"","background-media":"","overlay-type":"","overlay-color":"","overlay-opacity":"","overlay-gradient":""},"mobile":{"background-color":"","background-image":"","background-repeat":"repeat","background-position":"center center","background-size":"auto","background-attachment":"scroll","background-type":"","background-media":"","overlay-type":"","overlay-color":"","overlay-opacity":"","overlay-gradient":""}},"ast-content-background-meta":{"desktop":{"background-color":"var(--ast-global-color-5)","background-image":"","background-repeat":"repeat","background-position":"center center","background-size":"auto","background-attachment":"scroll","background-type":"","background-media":"","overlay-type":"","overlay-color":"","overlay-opacity":"","overlay-gradient":""},"tablet":{"background-color":"var(--ast-global-color-5)","background-image":"","background-repeat":"repeat","background-position":"center center","background-size":"auto","background-attachment":"scroll","background-type":"","background-media":"","overlay-type":"","overlay-color":"","overlay-opacity":"","overlay-gradient":""},"mobile":{"background-color":"var(--ast-global-color-5)","background-image":"","background-repeat":"repeat","background-position":"center center","background-size":"auto","background-attachment":"scroll","background-type":"","background-media":"","overlay-type":"","overlay-color":"","overlay-opacity":"","overlay-gradient":""}},"footnotes":""},"categories":[517],"tags":[],"class_list":["post-4555","post","type-post","status-publish","format-standard","hentry","category-aconteceu"],"_links":{"self":[{"href":"https:\/\/noticiasnoface.com.br\/index.php\/wp-json\/wp\/v2\/posts\/4555","targetHints":{"allow":["GET"]}}],"collection":[{"href":"https:\/\/noticiasnoface.com.br\/index.php\/wp-json\/wp\/v2\/posts"}],"about":[{"href":"https:\/\/noticiasnoface.com.br\/index.php\/wp-json\/wp\/v2\/types\/post"}],"author":[{"embeddable":true,"href":"https:\/\/noticiasnoface.com.br\/index.php\/wp-json\/wp\/v2\/users\/1"}],"replies":[{"embeddable":true,"href":"https:\/\/noticiasnoface.com.br\/index.php\/wp-json\/wp\/v2\/comments?post=4555"}],"version-history":[{"count":1,"href":"https:\/\/noticiasnoface.com.br\/index.php\/wp-json\/wp\/v2\/posts\/4555\/revisions"}],"predecessor-version":[{"id":4556,"href":"https:\/\/noticiasnoface.com.br\/index.php\/wp-json\/wp\/v2\/posts\/4555\/revisions\/4556"}],"wp:attachment":[{"href":"https:\/\/noticiasnoface.com.br\/index.php\/wp-json\/wp\/v2\/media?parent=4555"}],"wp:term":[{"taxonomy":"category","embeddable":true,"href":"https:\/\/noticiasnoface.com.br\/index.php\/wp-json\/wp\/v2\/categories?post=4555"},{"taxonomy":"post_tag","embeddable":true,"href":"https:\/\/noticiasnoface.com.br\/index.php\/wp-json\/wp\/v2\/tags?post=4555"}],"curies":[{"name":"wp","href":"https:\/\/api.w.org\/{rel}","templated":true}]}}