{"id":4562,"date":"2022-03-11T20:20:08","date_gmt":"2022-03-11T23:20:08","guid":{"rendered":"https:\/\/noticiasnoface.com.br\/?p=4562"},"modified":"2022-03-11T20:20:42","modified_gmt":"2022-03-11T23:20:42","slug":"boric-a-extrema-esquerda-assume-o-chile","status":"publish","type":"post","link":"https:\/\/noticiasnoface.com.br\/index.php\/2022\/03\/11\/boric-a-extrema-esquerda-assume-o-chile\/","title":{"rendered":"Boric, a extrema esquerda assume o Chile!"},"content":{"rendered":"\n<figure class=\"wp-block-image size-large\"><img data-opt-id=1805437054  fetchpriority=\"high\" decoding=\"async\" width=\"556\" height=\"312\" src=\"https:\/\/mlbfrsat7ahr.i.optimole.com\/w:auto\/h:auto\/q:mauto\/ig:avif\/https:\/\/noticiasnoface.com.br\/wp-content\/uploads\/2022\/03\/img_8949.jpg\" alt=\"\" class=\"wp-image-4561\" srcset=\"https:\/\/mlbfrsat7ahr.i.optimole.com\/w:556\/h:312\/q:mauto\/ig:avif\/https:\/\/noticiasnoface.com.br\/wp-content\/uploads\/2022\/03\/img_8949.jpg 556w, https:\/\/mlbfrsat7ahr.i.optimole.com\/w:300\/h:168\/q:mauto\/ig:avif\/https:\/\/noticiasnoface.com.br\/wp-content\/uploads\/2022\/03\/img_8949.jpg 300w\" sizes=\"(max-width: 556px) 100vw, 556px\" \/><figcaption>O pol\u00edtico progressista Gabriel Boric tomou posse nesta sexta-feira como presidente do Chile em uma cerim\u00f4nia solene na cidade costeira de Valpara\u00edso da qual participaram representantes de governos de diversos pa\u00edses.<br>.<br><br>No Sal\u00e3o de Honra do Senado, o socialista \u00c1lvaro Elizalde, novo presidente da casa parlamentar, colocou a faixa presidencial em Boric, que, com apenas 36 anos e um m\u00eas de idade, tornou-se o mais jovem chefe de governo da hist\u00f3ria do Chile.<br>Durante o evento, Boric recebeu um abra\u00e7o de seu antecessor, o conservador Sebasti\u00e1n Pi\u00f1era, cumprimentou os militares e outros representantes presentes e, sem usar gravata, fez o juramento de posse.<br>.<br><br>&#8220;Diante do povo e dos povos do Chile, sim, eu prometo&#8221;, disse Boric, ressaltando a diversidade \u00e9tnica, nacional e ind\u00edgena do pa\u00eds.<br>Posteriormente, ele assinou os diversos atos protocolares e recebeu de Pi\u00f1era o s\u00edmbolo do poder presidencial no Chile, a chamada piocha de O&#8217;Higgins.<br>A faixa foi colocada pelo novo presidente do Senado, \u00c1lvaro Elizalde, que foi eleito apenas uma hora antes da cerim\u00f4nia.<br>.<br><br>Os novos ministros tamb\u00e9m fizeram o juramento de posse no Congresso diante de Boric, entre eles a titular da pasta do Interior, a m\u00e9dica Izkia Siches, de 35 anos, primeira mulher a ocupar o cargo.<br>\u00c0 tarde, Boric, cuja posse foi assistida pelo vice-presidente brasileiro, Hamilton Mour\u00e3o, e por chefes de Estado como o rei da Espanha, Felipe VI, deve retornar a Santiago e fazer seu primeiro pronunciamento \u00e0 na\u00e7\u00e3o como presidente em uma das sacadas do Pal\u00e1cio de la Moneda, a sede do Poder Executivo chileno.<\/figcaption><\/figure>\n","protected":false},"excerpt":{"rendered":"","protected":false},"author":1,"featured_media":0,"comment_status":"open","ping_status":"open","sticky":false,"template":"","format":"standard","meta":{"site-sidebar-layout":"default","site-content-layout":"","ast-site-content-layout":"default","site-content-style":"default","site-sidebar-style":"default","ast-global-header-display":"","ast-banner-title-visibility":"","ast-main-header-display":"","ast-hfb-above-header-display":"","ast-hfb-below-header-display":"","ast-hfb-mobile-header-display":"","site-post-title":"","ast-breadcrumbs-content":"","ast-featured-img":"","footer-sml-layout":"","ast-disable-related-posts":"","theme-transparent-header-meta":"","adv-header-id-meta":"","stick-header-meta":"","header-above-stick-meta":"","header-main-stick-meta":"","header-below-stick-meta":"","astra-migrate-meta-layouts":"default","ast-page-background-enabled":"default","ast-page-background-meta":{"desktop":{"background-color":"var(--ast-global-color-4)","background-image":"","background-repeat":"repeat","background-position":"center center","background-size":"auto","background-attachment":"scroll","background-type":"","background-media":"","overlay-type":"","overlay-color":"","overlay-opacity":"","overlay-gradient":""},"tablet":{"background-color":"","background-image":"","background-repeat":"repeat","background-position":"center center","background-size":"auto","background-attachment":"scroll","background-type":"","background-media":"","overlay-type":"","overlay-color":"","overlay-opacity":"","overlay-gradient":""},"mobile":{"background-color":"","background-image":"","background-repeat":"repeat","background-position":"center center","background-size":"auto","background-attachment":"scroll","background-type":"","background-media":"","overlay-type":"","overlay-color":"","overlay-opacity":"","overlay-gradient":""}},"ast-content-background-meta":{"desktop":{"background-color":"var(--ast-global-color-5)","background-image":"","background-repeat":"repeat","background-position":"center center","background-size":"auto","background-attachment":"scroll","background-type":"","background-media":"","overlay-type":"","overlay-color":"","overlay-opacity":"","overlay-gradient":""},"tablet":{"background-color":"var(--ast-global-color-5)","background-image":"","background-repeat":"repeat","background-position":"center center","background-size":"auto","background-attachment":"scroll","background-type":"","background-media":"","overlay-type":"","overlay-color":"","overlay-opacity":"","overlay-gradient":""},"mobile":{"background-color":"var(--ast-global-color-5)","background-image":"","background-repeat":"repeat","background-position":"center center","background-size":"auto","background-attachment":"scroll","background-type":"","background-media":"","overlay-type":"","overlay-color":"","overlay-opacity":"","overlay-gradient":""}},"footnotes":""},"categories":[517],"tags":[],"class_list":["post-4562","post","type-post","status-publish","format-standard","hentry","category-aconteceu"],"_links":{"self":[{"href":"https:\/\/noticiasnoface.com.br\/index.php\/wp-json\/wp\/v2\/posts\/4562","targetHints":{"allow":["GET"]}}],"collection":[{"href":"https:\/\/noticiasnoface.com.br\/index.php\/wp-json\/wp\/v2\/posts"}],"about":[{"href":"https:\/\/noticiasnoface.com.br\/index.php\/wp-json\/wp\/v2\/types\/post"}],"author":[{"embeddable":true,"href":"https:\/\/noticiasnoface.com.br\/index.php\/wp-json\/wp\/v2\/users\/1"}],"replies":[{"embeddable":true,"href":"https:\/\/noticiasnoface.com.br\/index.php\/wp-json\/wp\/v2\/comments?post=4562"}],"version-history":[{"count":1,"href":"https:\/\/noticiasnoface.com.br\/index.php\/wp-json\/wp\/v2\/posts\/4562\/revisions"}],"predecessor-version":[{"id":4563,"href":"https:\/\/noticiasnoface.com.br\/index.php\/wp-json\/wp\/v2\/posts\/4562\/revisions\/4563"}],"wp:attachment":[{"href":"https:\/\/noticiasnoface.com.br\/index.php\/wp-json\/wp\/v2\/media?parent=4562"}],"wp:term":[{"taxonomy":"category","embeddable":true,"href":"https:\/\/noticiasnoface.com.br\/index.php\/wp-json\/wp\/v2\/categories?post=4562"},{"taxonomy":"post_tag","embeddable":true,"href":"https:\/\/noticiasnoface.com.br\/index.php\/wp-json\/wp\/v2\/tags?post=4562"}],"curies":[{"name":"wp","href":"https:\/\/api.w.org\/{rel}","templated":true}]}}