{"id":4670,"date":"2022-03-13T08:58:40","date_gmt":"2022-03-13T11:58:40","guid":{"rendered":"https:\/\/noticiasnoface.com.br\/?p=4670"},"modified":"2022-03-13T08:58:40","modified_gmt":"2022-03-13T11:58:40","slug":"crescimento-de-bolsonaro-assusta-lula-e-o-pt","status":"publish","type":"post","link":"https:\/\/noticiasnoface.com.br\/index.php\/2022\/03\/13\/crescimento-de-bolsonaro-assusta-lula-e-o-pt\/","title":{"rendered":"Crescimento de Bolsonaro assusta Lula e o PT"},"content":{"rendered":"\n<figure class=\"wp-block-image size-large\"><img data-opt-id=493777858  fetchpriority=\"high\" decoding=\"async\" width=\"450\" height=\"300\" src=\"https:\/\/mlbfrsat7ahr.i.optimole.com\/w:auto\/h:auto\/q:mauto\/ig:avif\/https:\/\/noticiasnoface.com.br\/wp-content\/uploads\/2022\/03\/img_9067.jpg\" alt=\"\" class=\"wp-image-4669\" srcset=\"https:\/\/mlbfrsat7ahr.i.optimole.com\/w:450\/h:300\/q:mauto\/ig:avif\/https:\/\/noticiasnoface.com.br\/wp-content\/uploads\/2022\/03\/img_9067.jpg 450w, https:\/\/mlbfrsat7ahr.i.optimole.com\/w:300\/h:200\/q:mauto\/ig:avif\/https:\/\/noticiasnoface.com.br\/wp-content\/uploads\/2022\/03\/img_9067.jpg 300w\" sizes=\"(max-width: 450px) 100vw, 450px\" \/><figcaption>Crescimento de Bolsonaro assusta, e PT vai antecipar campanha de Lula<br>O presidente pretende lan\u00e7ar a pr\u00e9-candidatura no in\u00edcio de abril, em grande ato em S\u00e3o Paulo, com a presen\u00e7a de Alckmin e aliados<br>A recente melhora no desempenho do presidente <a rel=\"noreferrer noopener\" href=\"https:\/\/www.metropoles.com\/tag\/jair-bolsonaro\" target=\"_blank\">Jair Bolsonaro (PL)<\/a> nas pesquisas de inten\u00e7\u00e3o de voto causou apreens\u00e3o no n\u00facleo de decis\u00f5es do ex-presidente <a rel=\"noreferrer noopener\" href=\"https:\/\/www.metropoles.com\/tag\/lula\" target=\"_blank\">Luiz In\u00e1cio Lula da Silva<\/a>, que dever\u00e1 apressar sua apresenta\u00e7\u00e3o formal como pr\u00e9-candidato petista ao Pal\u00e1cio do Planalto para o in\u00edcio de abril.<br>A data ainda n\u00e3o est\u00e1 marcada, mas o evento ocorrer\u00e1 logo seja fechada a chamada janela partid\u00e1ria, ou seja, no dia 1\u00ba de abril, quando termina o prazo para a mudan\u00e7a de partidos ou filia\u00e7\u00f5es de quem concorrer\u00e1 \u00e0 elei\u00e7\u00e3o neste ano.<br>O PT planeja um grande um grande ato em S\u00e3o Paulo, reunindo aliados e o ex-governador <a rel=\"noreferrer noopener\" href=\"https:\/\/www.metropoles.com\/tag\/geraldo-alckmin\" target=\"_blank\">Geraldo Alckmin<\/a>, escolhido como vice, e que <a rel=\"noreferrer noopener\" href=\"https:\/\/www.metropoles.com\/brasil\/eleicoes-2022\/incomodado-com-o-psb-alckmin-negocia-ida-para-o-pv\" target=\"_blank\">ainda negocia sua filia\u00e7\u00e3o com algum partido da base de Lula, seja o PV, ou PSB<\/a>.<br>Antes do lan\u00e7amento oficial da pr\u00e9-campanha, Lula far\u00e1 duas viagens: Uma delas ser\u00e1 para Curitiba, no dia 18, para participar da filia\u00e7\u00e3o do ex-senador <a rel=\"noreferrer noopener\" href=\"https:\/\/www.metropoles.com\/tag\/roberto-requiao\" target=\"_blank\">Roberto Requi\u00e3o<\/a> ao PT. <a rel=\"noreferrer noopener\" href=\"https:\/\/www.metropoles.com\/brasil\/eleicoes-2022\/com-apoio-de-lula-requiao-se-filiara-ao-pt-e-disputara-governo-do-pr\" target=\"_blank\">Requi\u00e3o ser\u00e1 o nome do partido para disputar o governo do estado<\/a>.<br>A outra viagem ser\u00e1 para o Rio de Janeiro, no dia 30 de abril, para participar do Congresso do PCdoB, partido que se unir\u00e1 ao PT e ao PV em uma federa\u00e7\u00e3o pr\u00f3-Lula.<br>A urg\u00eancia de colocar a campanha na rua foi motivo de conversa de Lula com a presidente nacional do PT, <a rel=\"noreferrer noopener\" href=\"https:\/\/www.metropoles.com\/tag\/gleisi-hoffmann\" target=\"_blank\">Gleisi Hoffmann<\/a>, durante a volta da viagem ao M\u00e9xico no in\u00edcio da semana. Lula disse \u00e0 deputada ter chegado a hora de come\u00e7ar a colocar o p\u00e9 na estrada, j\u00e1 como pr\u00e9-candidato formal.<br>A preocupa\u00e7\u00e3o com o crescimento das inten\u00e7\u00f5es de voto de Bolsonaro \u00e9 o principal motivo. O desejo \u00e9 frear esse avan\u00e7o de Bolsonaro, principalmente na Regi\u00e3o Nordeste. De acordo com petistas do entorno de Lula, ainda n\u00e3o h\u00e1 uma data certa para a ida de Lula ao Nordeste, no entanto, essa deve ser uma das primeiras a\u00e7\u00f5es do pr\u00e9-candidato petista.<br>Bolsonaro \u00e9 considerado um advers\u00e1rio perigoso, por ter nas m\u00e3os a m\u00e1quina p\u00fablica e por j\u00e1 ter conseguido reverter boa parte da diferen\u00e7a com o petista, lan\u00e7ando m\u00e3o de programas sociais como o aux\u00edlio emergencial para enfrentar os problemas causados pela pandemia de coronav\u00edrus e o Aux\u00edlio Brasil \u2013 substituto do Bolsa Fam\u00edlia.<br>Dist\u00e2ncia cada vez menor<br>Al\u00e9m disso, Bolsonaro vem ganhando terreno desde o fim do no passado, ap\u00f3s o lan\u00e7amento do Aux\u00edlio Brasil e com as constantes viagens pelo pa\u00eds, no que vem sendo criticado como campanha antecipada. O que mais assusta os petistas \u00e9 a diminui\u00e7\u00e3o da dist\u00e2ncia entre Lula e o atual presidente. Duas pesquisas divulgadas nesta semana captaram essa tend\u00eancia.<br>Na consulta <a rel=\"noreferrer noopener\" href=\"https:\/\/www.metropoles.com\/brasil\/lula-lidera-intencoes-de-voto-com-349-bolsonaro-tem-292\" target=\"_blank\">do instituto Paran\u00e1 Pesquisas, Lula manteve a lideran\u00e7a tanto na consulta espont\u00e2nea quanto na estimulada<\/a>, mas o jogo apertou. No cen\u00e1rio estimulado, Bolsonaro ficou oito pontos percentuais atr\u00e1s do petista. Lula marcou 38,9% e Bolsonaro 30,9%.<br>Essa dist\u00e2ncia j\u00e1 foi maior. Em fevereiro, era de 11 pontos percentuais, de acordo com o levantamento do mesmo instituto, e refor\u00e7ava o favoritismo de Lula, indicando, inclusive, a possibilidade de vit\u00f3ria do petista no 1\u00ba turno. Lula teve 40,1% dos votos, seguido por Jair Bolsonaro, com 29,1%.<\/figcaption><\/figure>\n","protected":false},"excerpt":{"rendered":"","protected":false},"author":1,"featured_media":0,"comment_status":"open","ping_status":"open","sticky":false,"template":"","format":"standard","meta":{"site-sidebar-layout":"default","site-content-layout":"","ast-site-content-layout":"default","site-content-style":"default","site-sidebar-style":"default","ast-global-header-display":"","ast-banner-title-visibility":"","ast-main-header-display":"","ast-hfb-above-header-display":"","ast-hfb-below-header-display":"","ast-hfb-mobile-header-display":"","site-post-title":"","ast-breadcrumbs-content":"","ast-featured-img":"","footer-sml-layout":"","ast-disable-related-posts":"","theme-transparent-header-meta":"","adv-header-id-meta":"","stick-header-meta":"","header-above-stick-meta":"","header-main-stick-meta":"","header-below-stick-meta":"","astra-migrate-meta-layouts":"default","ast-page-background-enabled":"default","ast-page-background-meta":{"desktop":{"background-color":"var(--ast-global-color-4)","background-image":"","background-repeat":"repeat","background-position":"center center","background-size":"auto","background-attachment":"scroll","background-type":"","background-media":"","overlay-type":"","overlay-color":"","overlay-opacity":"","overlay-gradient":""},"tablet":{"background-color":"","background-image":"","background-repeat":"repeat","background-position":"center center","background-size":"auto","background-attachment":"scroll","background-type":"","background-media":"","overlay-type":"","overlay-color":"","overlay-opacity":"","overlay-gradient":""},"mobile":{"background-color":"","background-image":"","background-repeat":"repeat","background-position":"center center","background-size":"auto","background-attachment":"scroll","background-type":"","background-media":"","overlay-type":"","overlay-color":"","overlay-opacity":"","overlay-gradient":""}},"ast-content-background-meta":{"desktop":{"background-color":"var(--ast-global-color-5)","background-image":"","background-repeat":"repeat","background-position":"center center","background-size":"auto","background-attachment":"scroll","background-type":"","background-media":"","overlay-type":"","overlay-color":"","overlay-opacity":"","overlay-gradient":""},"tablet":{"background-color":"var(--ast-global-color-5)","background-image":"","background-repeat":"repeat","background-position":"center center","background-size":"auto","background-attachment":"scroll","background-type":"","background-media":"","overlay-type":"","overlay-color":"","overlay-opacity":"","overlay-gradient":""},"mobile":{"background-color":"var(--ast-global-color-5)","background-image":"","background-repeat":"repeat","background-position":"center center","background-size":"auto","background-attachment":"scroll","background-type":"","background-media":"","overlay-type":"","overlay-color":"","overlay-opacity":"","overlay-gradient":""}},"footnotes":""},"categories":[517],"tags":[],"class_list":["post-4670","post","type-post","status-publish","format-standard","hentry","category-aconteceu"],"_links":{"self":[{"href":"https:\/\/noticiasnoface.com.br\/index.php\/wp-json\/wp\/v2\/posts\/4670","targetHints":{"allow":["GET"]}}],"collection":[{"href":"https:\/\/noticiasnoface.com.br\/index.php\/wp-json\/wp\/v2\/posts"}],"about":[{"href":"https:\/\/noticiasnoface.com.br\/index.php\/wp-json\/wp\/v2\/types\/post"}],"author":[{"embeddable":true,"href":"https:\/\/noticiasnoface.com.br\/index.php\/wp-json\/wp\/v2\/users\/1"}],"replies":[{"embeddable":true,"href":"https:\/\/noticiasnoface.com.br\/index.php\/wp-json\/wp\/v2\/comments?post=4670"}],"version-history":[{"count":1,"href":"https:\/\/noticiasnoface.com.br\/index.php\/wp-json\/wp\/v2\/posts\/4670\/revisions"}],"predecessor-version":[{"id":4671,"href":"https:\/\/noticiasnoface.com.br\/index.php\/wp-json\/wp\/v2\/posts\/4670\/revisions\/4671"}],"wp:attachment":[{"href":"https:\/\/noticiasnoface.com.br\/index.php\/wp-json\/wp\/v2\/media?parent=4670"}],"wp:term":[{"taxonomy":"category","embeddable":true,"href":"https:\/\/noticiasnoface.com.br\/index.php\/wp-json\/wp\/v2\/categories?post=4670"},{"taxonomy":"post_tag","embeddable":true,"href":"https:\/\/noticiasnoface.com.br\/index.php\/wp-json\/wp\/v2\/tags?post=4670"}],"curies":[{"name":"wp","href":"https:\/\/api.w.org\/{rel}","templated":true}]}}