{"id":4683,"date":"2022-03-13T12:04:57","date_gmt":"2022-03-13T15:04:57","guid":{"rendered":"https:\/\/noticiasnoface.com.br\/?p=4683"},"modified":"2022-03-13T12:04:57","modified_gmt":"2022-03-13T15:04:57","slug":"russia-mata-jornalista-americano-do-new-york-times","status":"publish","type":"post","link":"https:\/\/noticiasnoface.com.br\/index.php\/2022\/03\/13\/russia-mata-jornalista-americano-do-new-york-times\/","title":{"rendered":"R\u00fassia mata jornalista americano do New york Times"},"content":{"rendered":"\n<figure class=\"wp-block-image size-large\"><img data-opt-id=1262732688  fetchpriority=\"high\" decoding=\"async\" width=\"1086\" height=\"652\" src=\"https:\/\/mlbfrsat7ahr.i.optimole.com\/w:auto\/h:auto\/q:mauto\/ig:avif\/https:\/\/noticiasnoface.com.br\/wp-content\/uploads\/2022\/03\/img_9089.jpg\" alt=\"\" class=\"wp-image-4682\" srcset=\"https:\/\/mlbfrsat7ahr.i.optimole.com\/w:1086\/h:652\/q:mauto\/ig:avif\/https:\/\/noticiasnoface.com.br\/wp-content\/uploads\/2022\/03\/img_9089.jpg 1086w, https:\/\/mlbfrsat7ahr.i.optimole.com\/w:300\/h:180\/q:mauto\/ig:avif\/https:\/\/noticiasnoface.com.br\/wp-content\/uploads\/2022\/03\/img_9089.jpg 300w, https:\/\/mlbfrsat7ahr.i.optimole.com\/w:1024\/h:615\/q:mauto\/ig:avif\/https:\/\/noticiasnoface.com.br\/wp-content\/uploads\/2022\/03\/img_9089.jpg 1024w, https:\/\/mlbfrsat7ahr.i.optimole.com\/w:768\/h:461\/q:mauto\/ig:avif\/https:\/\/noticiasnoface.com.br\/wp-content\/uploads\/2022\/03\/img_9089.jpg 768w\" sizes=\"(max-width: 1000px) 100vw, 1000px\" \/><figcaption>Um jornalista norte-americano foi morto em um ataque em Irpin, nos arredores de Kiev, neste domingo, 13. Segundo o chefe de pol\u00edcia da capital ucraniana, Andrey Nebitov, a v\u00edtima \u00e9 o rep\u00f3rter cinematogr\u00e1fico Brent Renaud, de 51 anos, baleado no pesco\u00e7o quando as for\u00e7as russas abriram fogo contra um carro perto de Irpin, segundo informa\u00e7\u00f5es do <strong><em><a href=\"https:\/\/www.theguardian.com\/international\" target=\"_blank\" rel=\"noopener\">The Guardian.<\/a><\/em><\/strong><br>.<br><br>Renaud usava um crach\u00e1 do <em>New York Times<\/em>, jornal para o qual j\u00e1 trabalhou, mas a publica\u00e7\u00e3o americana informou que ele n\u00e3o fazia mais parte do quadro de jornalistas da empresa.<br>Premiado documentarista de guerra, Renaud trabalhava com filmes sobre guerras havia duas d\u00e9cadas e recebeu o DuPont Award e o Peabody Award. Ele tamb\u00e9m participou de projetos para empresas de m\u00eddia como HBO, NBC, Discovery, PBS e Vice News, sobre pa\u00edses como Afeganist\u00e3o, Iraque, Haiti e Estados Unidos.<br>.<br><br>Em nota, o NYT lamentou a morte e esclareceu que a colabora\u00e7\u00e3o mais recente com Renaud ocorreu em 2015.<\/figcaption><\/figure>\n\n\n\n<p><\/p>\n","protected":false},"excerpt":{"rendered":"","protected":false},"author":1,"featured_media":0,"comment_status":"open","ping_status":"open","sticky":false,"template":"","format":"standard","meta":{"site-sidebar-layout":"default","site-content-layout":"","ast-site-content-layout":"default","site-content-style":"default","site-sidebar-style":"default","ast-global-header-display":"","ast-banner-title-visibility":"","ast-main-header-display":"","ast-hfb-above-header-display":"","ast-hfb-below-header-display":"","ast-hfb-mobile-header-display":"","site-post-title":"","ast-breadcrumbs-content":"","ast-featured-img":"","footer-sml-layout":"","ast-disable-related-posts":"","theme-transparent-header-meta":"","adv-header-id-meta":"","stick-header-meta":"","header-above-stick-meta":"","header-main-stick-meta":"","header-below-stick-meta":"","astra-migrate-meta-layouts":"default","ast-page-background-enabled":"default","ast-page-background-meta":{"desktop":{"background-color":"var(--ast-global-color-4)","background-image":"","background-repeat":"repeat","background-position":"center center","background-size":"auto","background-attachment":"scroll","background-type":"","background-media":"","overlay-type":"","overlay-color":"","overlay-opacity":"","overlay-gradient":""},"tablet":{"background-color":"","background-image":"","background-repeat":"repeat","background-position":"center center","background-size":"auto","background-attachment":"scroll","background-type":"","background-media":"","overlay-type":"","overlay-color":"","overlay-opacity":"","overlay-gradient":""},"mobile":{"background-color":"","background-image":"","background-repeat":"repeat","background-position":"center center","background-size":"auto","background-attachment":"scroll","background-type":"","background-media":"","overlay-type":"","overlay-color":"","overlay-opacity":"","overlay-gradient":""}},"ast-content-background-meta":{"desktop":{"background-color":"var(--ast-global-color-5)","background-image":"","background-repeat":"repeat","background-position":"center center","background-size":"auto","background-attachment":"scroll","background-type":"","background-media":"","overlay-type":"","overlay-color":"","overlay-opacity":"","overlay-gradient":""},"tablet":{"background-color":"var(--ast-global-color-5)","background-image":"","background-repeat":"repeat","background-position":"center center","background-size":"auto","background-attachment":"scroll","background-type":"","background-media":"","overlay-type":"","overlay-color":"","overlay-opacity":"","overlay-gradient":""},"mobile":{"background-color":"var(--ast-global-color-5)","background-image":"","background-repeat":"repeat","background-position":"center center","background-size":"auto","background-attachment":"scroll","background-type":"","background-media":"","overlay-type":"","overlay-color":"","overlay-opacity":"","overlay-gradient":""}},"footnotes":""},"categories":[517],"tags":[],"class_list":["post-4683","post","type-post","status-publish","format-standard","hentry","category-aconteceu"],"_links":{"self":[{"href":"https:\/\/noticiasnoface.com.br\/index.php\/wp-json\/wp\/v2\/posts\/4683","targetHints":{"allow":["GET"]}}],"collection":[{"href":"https:\/\/noticiasnoface.com.br\/index.php\/wp-json\/wp\/v2\/posts"}],"about":[{"href":"https:\/\/noticiasnoface.com.br\/index.php\/wp-json\/wp\/v2\/types\/post"}],"author":[{"embeddable":true,"href":"https:\/\/noticiasnoface.com.br\/index.php\/wp-json\/wp\/v2\/users\/1"}],"replies":[{"embeddable":true,"href":"https:\/\/noticiasnoface.com.br\/index.php\/wp-json\/wp\/v2\/comments?post=4683"}],"version-history":[{"count":1,"href":"https:\/\/noticiasnoface.com.br\/index.php\/wp-json\/wp\/v2\/posts\/4683\/revisions"}],"predecessor-version":[{"id":4684,"href":"https:\/\/noticiasnoface.com.br\/index.php\/wp-json\/wp\/v2\/posts\/4683\/revisions\/4684"}],"wp:attachment":[{"href":"https:\/\/noticiasnoface.com.br\/index.php\/wp-json\/wp\/v2\/media?parent=4683"}],"wp:term":[{"taxonomy":"category","embeddable":true,"href":"https:\/\/noticiasnoface.com.br\/index.php\/wp-json\/wp\/v2\/categories?post=4683"},{"taxonomy":"post_tag","embeddable":true,"href":"https:\/\/noticiasnoface.com.br\/index.php\/wp-json\/wp\/v2\/tags?post=4683"}],"curies":[{"name":"wp","href":"https:\/\/api.w.org\/{rel}","templated":true}]}}