{"id":4719,"date":"2022-03-14T09:01:16","date_gmt":"2022-03-14T12:01:16","guid":{"rendered":"https:\/\/noticiasnoface.com.br\/?p=4719"},"modified":"2022-03-14T09:04:35","modified_gmt":"2022-03-14T12:04:35","slug":"bolsonaro-esta-no-2-turno-o-lula-nao-tenho-certeza-diz-joaquim-barbosa","status":"publish","type":"post","link":"https:\/\/noticiasnoface.com.br\/index.php\/2022\/03\/14\/bolsonaro-esta-no-2-turno-o-lula-nao-tenho-certeza-diz-joaquim-barbosa\/","title":{"rendered":"\u201cBolsonaro est\u00e1 no 2 turno, o Lula n\u00e3o tenho certeza\u201d diz Joaquim Barbosa!"},"content":{"rendered":"\n<figure class=\"wp-block-image size-large\"><img data-opt-id=881423695  fetchpriority=\"high\" decoding=\"async\" width=\"670\" height=\"458\" src=\"https:\/\/mlbfrsat7ahr.i.optimole.com\/w:auto\/h:auto\/q:mauto\/ig:avif\/https:\/\/noticiasnoface.com.br\/wp-content\/uploads\/2022\/03\/img_9131.jpg\" alt=\"\" class=\"wp-image-4718\" srcset=\"https:\/\/mlbfrsat7ahr.i.optimole.com\/w:670\/h:458\/q:mauto\/ig:avif\/https:\/\/noticiasnoface.com.br\/wp-content\/uploads\/2022\/03\/img_9131.jpg 670w, https:\/\/mlbfrsat7ahr.i.optimole.com\/w:300\/h:205\/q:mauto\/ig:avif\/https:\/\/noticiasnoface.com.br\/wp-content\/uploads\/2022\/03\/img_9131.jpg 300w\" sizes=\"(max-width: 670px) 100vw, 670px\" \/><figcaption>Entrevista ao jornal o Globo o ex-ministro do STF Joaquim Barbosa n\u00e3o descartou sua candidatura \u00e0 presid\u00eancia da rep\u00fablica, contou que j\u00e1 conversou com Kassab presidente do PSD, por\u00e9m deixou claro que n\u00e3o vai procurar partidos pol\u00edticos e que se eles quiserem ele topa conversar, desde que seja \u201cpartido grande\u201d diz Joaquim Barbosa.<br \/>.<br \/>Se algu\u00e9m quer um candidato que apoiou a lavajato e \u00e9 contra o Bolsonarismo eu sou a melhor op\u00e7\u00e3o.<br \/>.<br \/><br \/>Mesmo se apresentando como uma oposi\u00e7\u00e3o ao presidente Bolsonaro ele falou sobre sua descren\u00e7a em rela\u00e7\u00e3o as pesquisas,  e afirmou que na vis\u00e3o dele Bolsonaro est\u00e1 garantido no segundo turno, Lula j\u00e1 n\u00e3o sei.<\/figcaption><\/figure>\n\n\n\n<p><\/p>\n","protected":false},"excerpt":{"rendered":"","protected":false},"author":1,"featured_media":0,"comment_status":"open","ping_status":"open","sticky":false,"template":"","format":"standard","meta":{"site-sidebar-layout":"default","site-content-layout":"","ast-site-content-layout":"default","site-content-style":"default","site-sidebar-style":"default","ast-global-header-display":"","ast-banner-title-visibility":"","ast-main-header-display":"","ast-hfb-above-header-display":"","ast-hfb-below-header-display":"","ast-hfb-mobile-header-display":"","site-post-title":"","ast-breadcrumbs-content":"","ast-featured-img":"","footer-sml-layout":"","ast-disable-related-posts":"","theme-transparent-header-meta":"","adv-header-id-meta":"","stick-header-meta":"","header-above-stick-meta":"","header-main-stick-meta":"","header-below-stick-meta":"","astra-migrate-meta-layouts":"default","ast-page-background-enabled":"default","ast-page-background-meta":{"desktop":{"background-color":"var(--ast-global-color-4)","background-image":"","background-repeat":"repeat","background-position":"center center","background-size":"auto","background-attachment":"scroll","background-type":"","background-media":"","overlay-type":"","overlay-color":"","overlay-opacity":"","overlay-gradient":""},"tablet":{"background-color":"","background-image":"","background-repeat":"repeat","background-position":"center center","background-size":"auto","background-attachment":"scroll","background-type":"","background-media":"","overlay-type":"","overlay-color":"","overlay-opacity":"","overlay-gradient":""},"mobile":{"background-color":"","background-image":"","background-repeat":"repeat","background-position":"center center","background-size":"auto","background-attachment":"scroll","background-type":"","background-media":"","overlay-type":"","overlay-color":"","overlay-opacity":"","overlay-gradient":""}},"ast-content-background-meta":{"desktop":{"background-color":"var(--ast-global-color-5)","background-image":"","background-repeat":"repeat","background-position":"center center","background-size":"auto","background-attachment":"scroll","background-type":"","background-media":"","overlay-type":"","overlay-color":"","overlay-opacity":"","overlay-gradient":""},"tablet":{"background-color":"var(--ast-global-color-5)","background-image":"","background-repeat":"repeat","background-position":"center center","background-size":"auto","background-attachment":"scroll","background-type":"","background-media":"","overlay-type":"","overlay-color":"","overlay-opacity":"","overlay-gradient":""},"mobile":{"background-color":"var(--ast-global-color-5)","background-image":"","background-repeat":"repeat","background-position":"center center","background-size":"auto","background-attachment":"scroll","background-type":"","background-media":"","overlay-type":"","overlay-color":"","overlay-opacity":"","overlay-gradient":""}},"footnotes":""},"categories":[517],"tags":[],"class_list":["post-4719","post","type-post","status-publish","format-standard","hentry","category-aconteceu"],"_links":{"self":[{"href":"https:\/\/noticiasnoface.com.br\/index.php\/wp-json\/wp\/v2\/posts\/4719","targetHints":{"allow":["GET"]}}],"collection":[{"href":"https:\/\/noticiasnoface.com.br\/index.php\/wp-json\/wp\/v2\/posts"}],"about":[{"href":"https:\/\/noticiasnoface.com.br\/index.php\/wp-json\/wp\/v2\/types\/post"}],"author":[{"embeddable":true,"href":"https:\/\/noticiasnoface.com.br\/index.php\/wp-json\/wp\/v2\/users\/1"}],"replies":[{"embeddable":true,"href":"https:\/\/noticiasnoface.com.br\/index.php\/wp-json\/wp\/v2\/comments?post=4719"}],"version-history":[{"count":5,"href":"https:\/\/noticiasnoface.com.br\/index.php\/wp-json\/wp\/v2\/posts\/4719\/revisions"}],"predecessor-version":[{"id":4724,"href":"https:\/\/noticiasnoface.com.br\/index.php\/wp-json\/wp\/v2\/posts\/4719\/revisions\/4724"}],"wp:attachment":[{"href":"https:\/\/noticiasnoface.com.br\/index.php\/wp-json\/wp\/v2\/media?parent=4719"}],"wp:term":[{"taxonomy":"category","embeddable":true,"href":"https:\/\/noticiasnoface.com.br\/index.php\/wp-json\/wp\/v2\/categories?post=4719"},{"taxonomy":"post_tag","embeddable":true,"href":"https:\/\/noticiasnoface.com.br\/index.php\/wp-json\/wp\/v2\/tags?post=4719"}],"curies":[{"name":"wp","href":"https:\/\/api.w.org\/{rel}","templated":true}]}}