{"id":4744,"date":"2022-03-14T15:09:30","date_gmt":"2022-03-14T18:09:30","guid":{"rendered":"https:\/\/noticiasnoface.com.br\/?p=4744"},"modified":"2022-03-14T15:15:40","modified_gmt":"2022-03-14T18:15:40","slug":"arthur-mamae-falei-e-renan-santos-entra-no-radar-do-mpf-por-evasao-de-divisas","status":"publish","type":"post","link":"https:\/\/noticiasnoface.com.br\/index.php\/2022\/03\/14\/arthur-mamae-falei-e-renan-santos-entra-no-radar-do-mpf-por-evasao-de-divisas\/","title":{"rendered":"Arthur Mam\u00e3e Falei e Renan Santos entra no radar do MPF por evas\u00e3o de divisas!"},"content":{"rendered":"\n<figure class=\"wp-block-image size-large\"><img data-opt-id=1200530226  fetchpriority=\"high\" decoding=\"async\" width=\"1000\" height=\"563\" src=\"https:\/\/mlbfrsat7ahr.i.optimole.com\/w:auto\/h:auto\/q:mauto\/ig:avif\/https:\/\/noticiasnoface.com.br\/wp-content\/uploads\/2022\/03\/img_9162.jpg\" alt=\"\" class=\"wp-image-4743\" srcset=\"https:\/\/mlbfrsat7ahr.i.optimole.com\/w:1000\/h:563\/q:mauto\/ig:avif\/https:\/\/noticiasnoface.com.br\/wp-content\/uploads\/2022\/03\/img_9162.jpg 1000w, https:\/\/mlbfrsat7ahr.i.optimole.com\/w:300\/h:169\/q:mauto\/ig:avif\/https:\/\/noticiasnoface.com.br\/wp-content\/uploads\/2022\/03\/img_9162.jpg 300w, https:\/\/mlbfrsat7ahr.i.optimole.com\/w:768\/h:432\/q:mauto\/ig:avif\/https:\/\/noticiasnoface.com.br\/wp-content\/uploads\/2022\/03\/img_9162.jpg 768w\" sizes=\"(max-width: 1000px) 100vw, 1000px\" \/><figcaption>MPF analisa pedido de investiga\u00e7\u00e3o contra Arthur do Val e Renan dos Santos, do MBL, por suspeita de evas\u00e3o de divisas<br \/>Os dois s\u00e3o suspeitos de transferir de forma irregular cerca de R$ 275 mil de recursos doados para a miss\u00e3o do MBL \u00e0 Ucr\u00e2nia para a Eslov\u00eania sem cumprir as normas determinadas pelo Banco Central.O Minist\u00e9rio P\u00fablico Federal (MPF) em <a href=\"https:\/\/g1.globo.com\/sp\/sao-paulo\/cidade\/sao-paulo\/\" target=\"_blank\" rel=\"noopener\">S\u00e3o Paulo<\/a> afirmou nesta segunda-feira (14) que est\u00e1 analisando um pedido de investiga\u00e7\u00e3o que chegou ao \u00f3rg\u00e3o contra o deputado estadual <a href=\"https:\/\/noticiasnoface.com.br\/index.php\/2022\/03\/08\/bomba-mbl-apresenta-notas-frias-e-policia-federal-entra-no-caso\/\" target=\"_blank\" rel=\"noreferrer noopener\">Arthur do Val <\/a>(sem partido) e o coordenador do Movimento Brasil Livre (MBL), Renan dos Santos. <br \/>.<br \/><br \/>Os dois s\u00e3o suspeitos do crime de evas\u00e3o de divisas do dinheiro doado por brasileiros \u00e0 miss\u00e3o humanit\u00e1ria de tr\u00eas dias do grupo na Ucr\u00e2nia. <br \/>De acordo com o MPF, o caso ser\u00e1 distribu\u00eddo a um procurador da Rep\u00fablica, que far\u00e1 a an\u00e1lise preliminar dos fatos relatados para, ent\u00e3o, determinar os passos seguintes. N\u00e3o h\u00e1 um prazo definido para que essas etapas sejam conclu\u00eddas. <br \/><img data-opt-id=367070374  fetchpriority=\"high\" decoding=\"async\" src=\"https:\/\/s02.video.glbimg.com\/x240\/10387465.jpg\" alt=\"MPF apura den\u00fancia contra Arthur do Val e coordenador do MBL\" class=\"extendsBeyondTextColumn\" \/><br \/><br \/>A suspeita de evas\u00e3o de divisas foi levantada nas redes sociais por especialistas, acad\u00eamicos e pol\u00edticos. Eles apontaram que o dinheiro da doa\u00e7\u00e3o n\u00e3o podia ter sido repassado via pix para a Eslov\u00e1quia, como disse os representantes do MBL em v\u00eddeos, sem o devido registro pelas autoridades brasileiras da sa\u00edda dos recursos para outro pa\u00eds. <br \/>.<br \/><br \/>Em live transmitida da Eslov\u00e1quia em 1\u00ba de mar\u00e7o, <a href=\"https:\/\/g1.globo.com\/politica\/politico\/arthur-do-val\/\" target=\"_blank\" rel=\"noopener\">Arthur do Val<\/a> e Renan dos Santos, integrantes do MBL que estavam no grupo, pediram doa\u00e7\u00f5es para seus seguidores no Brasil. No v\u00eddeo, Renan Santos afirma que o dinheiro recebido pelo MBL via Pix seria transferido para a conta de um brasileiro chamado Bruno que mora na Eslov\u00e1quia. Esse Bruno, segundo ele, faria as compras de suprimentos no local para posterior entrega aos ucranianos. <br \/>\u201cO Pix para mandar ajuda \u00e9 suporte@mbl.org.br\u201d, diz Renan no v\u00eddeo. <br \/>.<br \/>\u201cO dinheiro que voc\u00eas mandarem pelo Pix, esse dinheiro a gente vai retirar com o Bruno, que ele \u00e9 brasileiro e ele mora na Eslov\u00e1quia. Entendeu? Ele vai receber na conta dele e esse dinheiro a gente vai mandar para ele l\u00e1 [no Brasil] e a\u00ed a gente faz a troca com ele aqui na Eslovaquia\u201d, afirmou Renan. <br \/><img data-opt-id=1731953029  data-opt-src=\"https:\/\/s04.video.glbimg.com\/x240\/10364959.jpg\"  decoding=\"async\" src=\"data:image/svg+xml,%3Csvg%20viewBox%3D%220%200%20100%%20100%%22%20width%3D%22100%%22%20height%3D%22100%%22%20xmlns%3D%22http%3A%2F%2Fwww.w3.org%2F2000%2Fsvg%22%3E%3Crect%20width%3D%22100%%22%20height%3D%22100%%22%20fill%3D%22transparent%22%2F%3E%3C%2Fsvg%3E\" alt=\"Arthur do Val: o que o deputado disse sobre ucranianas e o que aconteceu depois; entenda\" class=\"extendsBeyondTextColumn\" \/><br \/>Arthur do Val: o que o deputado disse sobre ucranianas e o que aconteceu depois; entenda <br \/>De acordo com o professor de economia da FAAP, Johnny Silva Mendes, a forma correta de transferir os recursos para o exterior \u00e9 contatar uma institui\u00e7\u00e3o financeira que esteja autorizada pelo Banco Central a fazer esse tipo de transfer\u00eancia internacional. <br \/>\u201cN\u00f3s temos a\u00ed grandes bancos, temos outras fintechs que est\u00e3o aptas a fazer, est\u00e3o autorizadas. <br \/>.<br \/>Caso esses procedimentos n\u00e3o tenham sido feitos, ent\u00e3o a\u00ed pode ser classificado como uma evas\u00e3o de divisa. Esse controle ele \u00e9 devido, ele \u00e9 justo, exatamente pra que o Banco Central se mantenha no controle da pol\u00edtica cambial adequada. Ent\u00e3o, esses valores precisam ser declarados, eles precisam ser sabidos, ent\u00e3o essa quantidade de valores entrando, essa quantidade de valores saindo, n\u00e9, faz parte do controle de pol\u00edtica cambial, de pol\u00edtica monet\u00e1ria que o Banco Central faz\u201d, disse Silva Mendes.<\/figcaption><\/figure>\n","protected":false},"excerpt":{"rendered":"","protected":false},"author":1,"featured_media":0,"comment_status":"open","ping_status":"open","sticky":false,"template":"","format":"standard","meta":{"site-sidebar-layout":"default","site-content-layout":"","ast-site-content-layout":"default","site-content-style":"default","site-sidebar-style":"default","ast-global-header-display":"","ast-banner-title-visibility":"","ast-main-header-display":"","ast-hfb-above-header-display":"","ast-hfb-below-header-display":"","ast-hfb-mobile-header-display":"","site-post-title":"","ast-breadcrumbs-content":"","ast-featured-img":"","footer-sml-layout":"","ast-disable-related-posts":"","theme-transparent-header-meta":"","adv-header-id-meta":"","stick-header-meta":"","header-above-stick-meta":"","header-main-stick-meta":"","header-below-stick-meta":"","astra-migrate-meta-layouts":"default","ast-page-background-enabled":"default","ast-page-background-meta":{"desktop":{"background-color":"var(--ast-global-color-4)","background-image":"","background-repeat":"repeat","background-position":"center center","background-size":"auto","background-attachment":"scroll","background-type":"","background-media":"","overlay-type":"","overlay-color":"","overlay-opacity":"","overlay-gradient":""},"tablet":{"background-color":"","background-image":"","background-repeat":"repeat","background-position":"center center","background-size":"auto","background-attachment":"scroll","background-type":"","background-media":"","overlay-type":"","overlay-color":"","overlay-opacity":"","overlay-gradient":""},"mobile":{"background-color":"","background-image":"","background-repeat":"repeat","background-position":"center center","background-size":"auto","background-attachment":"scroll","background-type":"","background-media":"","overlay-type":"","overlay-color":"","overlay-opacity":"","overlay-gradient":""}},"ast-content-background-meta":{"desktop":{"background-color":"var(--ast-global-color-5)","background-image":"","background-repeat":"repeat","background-position":"center center","background-size":"auto","background-attachment":"scroll","background-type":"","background-media":"","overlay-type":"","overlay-color":"","overlay-opacity":"","overlay-gradient":""},"tablet":{"background-color":"var(--ast-global-color-5)","background-image":"","background-repeat":"repeat","background-position":"center center","background-size":"auto","background-attachment":"scroll","background-type":"","background-media":"","overlay-type":"","overlay-color":"","overlay-opacity":"","overlay-gradient":""},"mobile":{"background-color":"var(--ast-global-color-5)","background-image":"","background-repeat":"repeat","background-position":"center center","background-size":"auto","background-attachment":"scroll","background-type":"","background-media":"","overlay-type":"","overlay-color":"","overlay-opacity":"","overlay-gradient":""}},"footnotes":""},"categories":[517],"tags":[],"class_list":["post-4744","post","type-post","status-publish","format-standard","hentry","category-aconteceu"],"_links":{"self":[{"href":"https:\/\/noticiasnoface.com.br\/index.php\/wp-json\/wp\/v2\/posts\/4744","targetHints":{"allow":["GET"]}}],"collection":[{"href":"https:\/\/noticiasnoface.com.br\/index.php\/wp-json\/wp\/v2\/posts"}],"about":[{"href":"https:\/\/noticiasnoface.com.br\/index.php\/wp-json\/wp\/v2\/types\/post"}],"author":[{"embeddable":true,"href":"https:\/\/noticiasnoface.com.br\/index.php\/wp-json\/wp\/v2\/users\/1"}],"replies":[{"embeddable":true,"href":"https:\/\/noticiasnoface.com.br\/index.php\/wp-json\/wp\/v2\/comments?post=4744"}],"version-history":[{"count":3,"href":"https:\/\/noticiasnoface.com.br\/index.php\/wp-json\/wp\/v2\/posts\/4744\/revisions"}],"predecessor-version":[{"id":4747,"href":"https:\/\/noticiasnoface.com.br\/index.php\/wp-json\/wp\/v2\/posts\/4744\/revisions\/4747"}],"wp:attachment":[{"href":"https:\/\/noticiasnoface.com.br\/index.php\/wp-json\/wp\/v2\/media?parent=4744"}],"wp:term":[{"taxonomy":"category","embeddable":true,"href":"https:\/\/noticiasnoface.com.br\/index.php\/wp-json\/wp\/v2\/categories?post=4744"},{"taxonomy":"post_tag","embeddable":true,"href":"https:\/\/noticiasnoface.com.br\/index.php\/wp-json\/wp\/v2\/tags?post=4744"}],"curies":[{"name":"wp","href":"https:\/\/api.w.org\/{rel}","templated":true}]}}