{"id":4773,"date":"2022-03-14T22:59:45","date_gmt":"2022-03-15T01:59:45","guid":{"rendered":"https:\/\/noticiasnoface.com.br\/?p=4773"},"modified":"2022-03-14T22:59:46","modified_gmt":"2022-03-15T01:59:46","slug":"fim-do-misterio-datena-e-candidato-sim","status":"publish","type":"post","link":"https:\/\/noticiasnoface.com.br\/index.php\/2022\/03\/14\/fim-do-misterio-datena-e-candidato-sim\/","title":{"rendered":"Fim do mist\u00e9rio, Datena \u00e9 candidato sim!"},"content":{"rendered":"\n<figure class=\"wp-block-image size-large\"><img data-opt-id=1938409920  fetchpriority=\"high\" decoding=\"async\" width=\"718\" height=\"427\" src=\"https:\/\/mlbfrsat7ahr.i.optimole.com\/w:auto\/h:auto\/q:mauto\/ig:avif\/https:\/\/noticiasnoface.com.br\/wp-content\/uploads\/2022\/03\/img_9191.jpg\" alt=\"\" class=\"wp-image-4772\" srcset=\"https:\/\/mlbfrsat7ahr.i.optimole.com\/w:718\/h:427\/q:mauto\/ig:avif\/https:\/\/noticiasnoface.com.br\/wp-content\/uploads\/2022\/03\/img_9191.jpg 718w, https:\/\/mlbfrsat7ahr.i.optimole.com\/w:300\/h:178\/q:mauto\/ig:avif\/https:\/\/noticiasnoface.com.br\/wp-content\/uploads\/2022\/03\/img_9191.jpg 300w\" sizes=\"(max-width: 718px) 100vw, 718px\" \/><figcaption>O apresentador Jos\u00e9 Luiz Datena decidiu que ir\u00e1 se candidatar ao Senado Federal na chapa de Rodrigo Garcia (PSDB) \u2013 decis\u00e3o esta que acaba de vez com a pouca chance que havia dele sair para vice-governador de S\u00e3o Paulo.<br>.<br>.<br><br><br>Segundo o jornalista, ele recusou as investidas do presidente Jair Bolsonaro (PL), do ministro Tarc\u00edsio Gomes (Infraestrutura), do presidente do PSD, Gilberto Kassab, e de Ciro Gomes (PDT). <br>.<br>.<br>O apresentador deve concorrer ao cargo pelo Uni\u00e3o Brasil.Recebi v\u00e1rios convites, fiquei lisonjeado com todos eles. Sou um cr\u00edtico do governo Bolsonaro, e o Tarc\u00edsio me convidou para ser senador. Sou cr\u00edtico do governo Doria, e o Rodrigo me convidou tamb\u00e9m. <br>.<br>.<br><br>Se as pessoas que eu critico me convidaram, \u00e9 porque estou fazendo algo certo, estou do lado do povo \u2013 disse Datena \u00e0 coluna Painel, da Folha de S.Paulo.<br>Datena deve continuar como titular do Brasil Urgente, da Band, at\u00e9 o prazo m\u00e1ximo imposto pela lei eleitora, que \u00e9 30 de junho. <br>.<br>.<br>.<br><br>No entanto, ele j\u00e1 adianta que deixar\u00e1 de fazer coment\u00e1rios sobre temas nacionais que possam envolver os candidatos concorrentes ao Senado.<br>Garcia elogiou a postura do agora pr\u00e9-candidato.<br>\u2013 Datena entende e tem a sensibilidade necess\u00e1ria para lutar pelos interesses da popula\u00e7\u00e3o de S\u00e3o Paulo no Senado. Sua vida e atua\u00e7\u00e3o profissional sempre foram pautadas pela indigna\u00e7\u00e3o e disposi\u00e7\u00e3o de combater injusti\u00e7as. T\u00ea-lo ao meu lado, s\u00f3 engrandece nossa coliga\u00e7\u00e3o \u2013 disse Garcia.<\/figcaption><\/figure>\n","protected":false},"excerpt":{"rendered":"","protected":false},"author":1,"featured_media":0,"comment_status":"open","ping_status":"open","sticky":false,"template":"","format":"standard","meta":{"site-sidebar-layout":"default","site-content-layout":"","ast-site-content-layout":"default","site-content-style":"default","site-sidebar-style":"default","ast-global-header-display":"","ast-banner-title-visibility":"","ast-main-header-display":"","ast-hfb-above-header-display":"","ast-hfb-below-header-display":"","ast-hfb-mobile-header-display":"","site-post-title":"","ast-breadcrumbs-content":"","ast-featured-img":"","footer-sml-layout":"","ast-disable-related-posts":"","theme-transparent-header-meta":"","adv-header-id-meta":"","stick-header-meta":"","header-above-stick-meta":"","header-main-stick-meta":"","header-below-stick-meta":"","astra-migrate-meta-layouts":"default","ast-page-background-enabled":"default","ast-page-background-meta":{"desktop":{"background-color":"var(--ast-global-color-4)","background-image":"","background-repeat":"repeat","background-position":"center center","background-size":"auto","background-attachment":"scroll","background-type":"","background-media":"","overlay-type":"","overlay-color":"","overlay-opacity":"","overlay-gradient":""},"tablet":{"background-color":"","background-image":"","background-repeat":"repeat","background-position":"center center","background-size":"auto","background-attachment":"scroll","background-type":"","background-media":"","overlay-type":"","overlay-color":"","overlay-opacity":"","overlay-gradient":""},"mobile":{"background-color":"","background-image":"","background-repeat":"repeat","background-position":"center center","background-size":"auto","background-attachment":"scroll","background-type":"","background-media":"","overlay-type":"","overlay-color":"","overlay-opacity":"","overlay-gradient":""}},"ast-content-background-meta":{"desktop":{"background-color":"var(--ast-global-color-5)","background-image":"","background-repeat":"repeat","background-position":"center center","background-size":"auto","background-attachment":"scroll","background-type":"","background-media":"","overlay-type":"","overlay-color":"","overlay-opacity":"","overlay-gradient":""},"tablet":{"background-color":"var(--ast-global-color-5)","background-image":"","background-repeat":"repeat","background-position":"center center","background-size":"auto","background-attachment":"scroll","background-type":"","background-media":"","overlay-type":"","overlay-color":"","overlay-opacity":"","overlay-gradient":""},"mobile":{"background-color":"var(--ast-global-color-5)","background-image":"","background-repeat":"repeat","background-position":"center center","background-size":"auto","background-attachment":"scroll","background-type":"","background-media":"","overlay-type":"","overlay-color":"","overlay-opacity":"","overlay-gradient":""}},"footnotes":""},"categories":[517],"tags":[],"class_list":["post-4773","post","type-post","status-publish","format-standard","hentry","category-aconteceu"],"_links":{"self":[{"href":"https:\/\/noticiasnoface.com.br\/index.php\/wp-json\/wp\/v2\/posts\/4773","targetHints":{"allow":["GET"]}}],"collection":[{"href":"https:\/\/noticiasnoface.com.br\/index.php\/wp-json\/wp\/v2\/posts"}],"about":[{"href":"https:\/\/noticiasnoface.com.br\/index.php\/wp-json\/wp\/v2\/types\/post"}],"author":[{"embeddable":true,"href":"https:\/\/noticiasnoface.com.br\/index.php\/wp-json\/wp\/v2\/users\/1"}],"replies":[{"embeddable":true,"href":"https:\/\/noticiasnoface.com.br\/index.php\/wp-json\/wp\/v2\/comments?post=4773"}],"version-history":[{"count":1,"href":"https:\/\/noticiasnoface.com.br\/index.php\/wp-json\/wp\/v2\/posts\/4773\/revisions"}],"predecessor-version":[{"id":4774,"href":"https:\/\/noticiasnoface.com.br\/index.php\/wp-json\/wp\/v2\/posts\/4773\/revisions\/4774"}],"wp:attachment":[{"href":"https:\/\/noticiasnoface.com.br\/index.php\/wp-json\/wp\/v2\/media?parent=4773"}],"wp:term":[{"taxonomy":"category","embeddable":true,"href":"https:\/\/noticiasnoface.com.br\/index.php\/wp-json\/wp\/v2\/categories?post=4773"},{"taxonomy":"post_tag","embeddable":true,"href":"https:\/\/noticiasnoface.com.br\/index.php\/wp-json\/wp\/v2\/tags?post=4773"}],"curies":[{"name":"wp","href":"https:\/\/api.w.org\/{rel}","templated":true}]}}