{"id":4783,"date":"2022-03-15T08:31:36","date_gmt":"2022-03-15T11:31:36","guid":{"rendered":"https:\/\/noticiasnoface.com.br\/?p=4783"},"modified":"2022-03-15T08:31:36","modified_gmt":"2022-03-15T11:31:36","slug":"carteira-de-estudante-em-caruaru-revolta-alunos-com-imagem-de-fora-bolsonaro","status":"publish","type":"post","link":"https:\/\/noticiasnoface.com.br\/index.php\/2022\/03\/15\/carteira-de-estudante-em-caruaru-revolta-alunos-com-imagem-de-fora-bolsonaro\/","title":{"rendered":"Carteira de estudante em Caruaru revolta alunos com imagem de \u201cFora Bolsonaro\u201d"},"content":{"rendered":"\n<figure class=\"wp-block-image size-large\"><img data-opt-id=633276261  fetchpriority=\"high\" decoding=\"async\" width=\"600\" height=\"398\" src=\"https:\/\/mlbfrsat7ahr.i.optimole.com\/w:auto\/h:auto\/q:mauto\/ig:avif\/https:\/\/noticiasnoface.com.br\/wp-content\/uploads\/2022\/03\/img_9197.jpg\" alt=\"\" class=\"wp-image-4782\" srcset=\"https:\/\/mlbfrsat7ahr.i.optimole.com\/w:600\/h:398\/q:mauto\/ig:avif\/https:\/\/noticiasnoface.com.br\/wp-content\/uploads\/2022\/03\/img_9197.jpg 600w, https:\/\/mlbfrsat7ahr.i.optimole.com\/w:300\/h:199\/q:mauto\/ig:avif\/https:\/\/noticiasnoface.com.br\/wp-content\/uploads\/2022\/03\/img_9197.jpg 300w\" sizes=\"(max-width: 600px) 100vw, 600px\" \/><figcaption>A imagem de uma manifesta\u00e7\u00e3o contr\u00e1ria ao governo federal foi colocada na carteira de estudante de Pernambuco neste ano. <br>.<br>A foto causou uma &#8220;desagrad\u00e1vel surpresa&#8221; e uma &#8220;repercuss\u00e3o negativa&#8221;, de acordo com Andr\u00e9 Martins, que \u00e9 pai de um aluno de uma escola particular de <a href=\"https:\/\/g1.globo.com\/pe\/caruaru-regiao\/cidade\/caruaru\/\" target=\"_blank\" rel=\"noopener\">Caruaru<\/a>, no Agreste de Pernambuco. &#8220;Independentemente da op\u00e7\u00e3o pol\u00edtica, entendo que a finalidade da carteira estudantil n\u00e3o \u00e9 essa&#8221;, disse.<br>.<br>. <br>Ao <strong>g1<\/strong>, a Uni\u00e3o dos Estudantes Secundaristas de <a href=\"https:\/\/g1.globo.com\/pe\/caruaru-regiao\/cidade\/caruaru\/\" target=\"_blank\" rel=\"noopener\">Caruaru<\/a> (UESC) informou que n\u00e3o recebeu nenhuma den\u00fancia sobre a imagem que est\u00e1 no documento. &#8220;Todo ano priorizamos fotos de mobiliza\u00e7\u00f5es estudantis ou alguma data comemoraria, a exemplo do centen\u00e1rio de Paulo Freire ano passado. A entidade \u00e9 estadual e a escolha \u00e9 feita na reuni\u00e3o de diretoria&#8221;.<br>.<br><br>&#8220;Gostamos de frisar que somos uma entidade estudantil e ao longo da hist\u00f3ria o Movimento Estudantil foi linha de frente na luta em defesa da democracia, hoje n\u00e3o \u00e9 diferente&#8221;, destacou a UESC por meio de nota.<br>.<br><br>O <strong>g1 <\/strong>procurou a advogada e mestre em direito constitucional Eva Gomes, que explicou que n\u00e3o encontrou nada, nenhuma decis\u00e3o espec\u00edfica que demonstre que a foto escolhida pela UESC represente algo ilegal. &#8220;Mas, uma vez que, a carteira estudantil \u00e9 considerado documento oficial, entendo que n\u00e3o deve ter imagens tendenciosas ou pol\u00edticas&#8221;, pontuou.<\/figcaption><\/figure>\n","protected":false},"excerpt":{"rendered":"","protected":false},"author":1,"featured_media":0,"comment_status":"open","ping_status":"open","sticky":false,"template":"","format":"standard","meta":{"site-sidebar-layout":"default","site-content-layout":"","ast-site-content-layout":"default","site-content-style":"default","site-sidebar-style":"default","ast-global-header-display":"","ast-banner-title-visibility":"","ast-main-header-display":"","ast-hfb-above-header-display":"","ast-hfb-below-header-display":"","ast-hfb-mobile-header-display":"","site-post-title":"","ast-breadcrumbs-content":"","ast-featured-img":"","footer-sml-layout":"","ast-disable-related-posts":"","theme-transparent-header-meta":"","adv-header-id-meta":"","stick-header-meta":"","header-above-stick-meta":"","header-main-stick-meta":"","header-below-stick-meta":"","astra-migrate-meta-layouts":"default","ast-page-background-enabled":"default","ast-page-background-meta":{"desktop":{"background-color":"var(--ast-global-color-4)","background-image":"","background-repeat":"repeat","background-position":"center center","background-size":"auto","background-attachment":"scroll","background-type":"","background-media":"","overlay-type":"","overlay-color":"","overlay-opacity":"","overlay-gradient":""},"tablet":{"background-color":"","background-image":"","background-repeat":"repeat","background-position":"center center","background-size":"auto","background-attachment":"scroll","background-type":"","background-media":"","overlay-type":"","overlay-color":"","overlay-opacity":"","overlay-gradient":""},"mobile":{"background-color":"","background-image":"","background-repeat":"repeat","background-position":"center center","background-size":"auto","background-attachment":"scroll","background-type":"","background-media":"","overlay-type":"","overlay-color":"","overlay-opacity":"","overlay-gradient":""}},"ast-content-background-meta":{"desktop":{"background-color":"var(--ast-global-color-5)","background-image":"","background-repeat":"repeat","background-position":"center center","background-size":"auto","background-attachment":"scroll","background-type":"","background-media":"","overlay-type":"","overlay-color":"","overlay-opacity":"","overlay-gradient":""},"tablet":{"background-color":"var(--ast-global-color-5)","background-image":"","background-repeat":"repeat","background-position":"center center","background-size":"auto","background-attachment":"scroll","background-type":"","background-media":"","overlay-type":"","overlay-color":"","overlay-opacity":"","overlay-gradient":""},"mobile":{"background-color":"var(--ast-global-color-5)","background-image":"","background-repeat":"repeat","background-position":"center center","background-size":"auto","background-attachment":"scroll","background-type":"","background-media":"","overlay-type":"","overlay-color":"","overlay-opacity":"","overlay-gradient":""}},"footnotes":""},"categories":[158],"tags":[],"class_list":["post-4783","post","type-post","status-publish","format-standard","hentry","category-educacao"],"_links":{"self":[{"href":"https:\/\/noticiasnoface.com.br\/index.php\/wp-json\/wp\/v2\/posts\/4783","targetHints":{"allow":["GET"]}}],"collection":[{"href":"https:\/\/noticiasnoface.com.br\/index.php\/wp-json\/wp\/v2\/posts"}],"about":[{"href":"https:\/\/noticiasnoface.com.br\/index.php\/wp-json\/wp\/v2\/types\/post"}],"author":[{"embeddable":true,"href":"https:\/\/noticiasnoface.com.br\/index.php\/wp-json\/wp\/v2\/users\/1"}],"replies":[{"embeddable":true,"href":"https:\/\/noticiasnoface.com.br\/index.php\/wp-json\/wp\/v2\/comments?post=4783"}],"version-history":[{"count":1,"href":"https:\/\/noticiasnoface.com.br\/index.php\/wp-json\/wp\/v2\/posts\/4783\/revisions"}],"predecessor-version":[{"id":4784,"href":"https:\/\/noticiasnoface.com.br\/index.php\/wp-json\/wp\/v2\/posts\/4783\/revisions\/4784"}],"wp:attachment":[{"href":"https:\/\/noticiasnoface.com.br\/index.php\/wp-json\/wp\/v2\/media?parent=4783"}],"wp:term":[{"taxonomy":"category","embeddable":true,"href":"https:\/\/noticiasnoface.com.br\/index.php\/wp-json\/wp\/v2\/categories?post=4783"},{"taxonomy":"post_tag","embeddable":true,"href":"https:\/\/noticiasnoface.com.br\/index.php\/wp-json\/wp\/v2\/tags?post=4783"}],"curies":[{"name":"wp","href":"https:\/\/api.w.org\/{rel}","templated":true}]}}