{"id":4856,"date":"2022-03-15T22:06:13","date_gmt":"2022-03-16T01:06:13","guid":{"rendered":"https:\/\/noticiasnoface.com.br\/?p=4856"},"modified":"2022-03-15T22:06:13","modified_gmt":"2022-03-16T01:06:13","slug":"robinson-faria-ganha-no-tse-e-se-torna-elegivel","status":"publish","type":"post","link":"https:\/\/noticiasnoface.com.br\/index.php\/2022\/03\/15\/robinson-faria-ganha-no-tse-e-se-torna-elegivel\/","title":{"rendered":"Robinson Faria ganha no TSE e se torna ELEG\u00cdVEL"},"content":{"rendered":"\n<figure class=\"wp-block-image size-large\"><img data-opt-id=1125993546  fetchpriority=\"high\" decoding=\"async\" width=\"1242\" height=\"1072\" src=\"https:\/\/mlbfrsat7ahr.i.optimole.com\/w:auto\/h:auto\/q:mauto\/ig:avif\/https:\/\/noticiasnoface.com.br\/wp-content\/uploads\/2022\/03\/img_9278.jpg\" alt=\"\" class=\"wp-image-4855\" srcset=\"https:\/\/mlbfrsat7ahr.i.optimole.com\/w:1242\/h:1072\/q:mauto\/ig:avif\/https:\/\/noticiasnoface.com.br\/wp-content\/uploads\/2022\/03\/img_9278.jpg 1242w, https:\/\/mlbfrsat7ahr.i.optimole.com\/w:300\/h:259\/q:mauto\/ig:avif\/https:\/\/noticiasnoface.com.br\/wp-content\/uploads\/2022\/03\/img_9278.jpg 300w, https:\/\/mlbfrsat7ahr.i.optimole.com\/w:1024\/h:884\/q:mauto\/ig:avif\/https:\/\/noticiasnoface.com.br\/wp-content\/uploads\/2022\/03\/img_9278.jpg 1024w, https:\/\/mlbfrsat7ahr.i.optimole.com\/w:768\/h:663\/q:mauto\/ig:avif\/https:\/\/noticiasnoface.com.br\/wp-content\/uploads\/2022\/03\/img_9278.jpg 768w\" sizes=\"(max-width: 1000px) 100vw, 1000px\" \/><figcaption>Decis\u00e3o do Tribunal Superior Eleitoral da noite desta ter\u00e7a-feira (15) garantiu a manuten\u00e7\u00e3o dos direitos pol\u00edticos de Robinson Faria, acatando recurso do ex-governador<br>Assim, Robinson fica eleg\u00edvel para o pleito de 2022. O relator, ministro Benedito Gon\u00e7alves, foi favor\u00e1vel ao pedido dos r\u00e9us, extensivo ao ex-governador do RN. A decis\u00e3o foi un\u00e2nime, todos os demais magistrados acompanharam o voto do relator.<br>Ao declarar seu voto favor\u00e1vel aos r\u00e9us e ao ex-governador Robinson Faria, o ministro Alexandre de Moraes, afirmou que a decis\u00e3o do TRE-RN havia sido pol\u00edtica.<br>A defesa do ex-governador Robinson Faria foi feita pelo advogado Gustavo Badar\u00f3. Os demais r\u00e9us foram defendidos pelo advogado Felipe Cortez.<br>Em julgamento do Pleno do Tribunal Regional Eleitoral (TRE-RN) no m\u00eas de fevereiro, o ex-governador Robinson Faria havia sido condenado, por 4 votos a 3, a inelegibidade pelo per\u00edodo de 8 anos por abuso de poder econ\u00f4mico nas elei\u00e7\u00f5es de 2018, decis\u00e3o revertida nesta ter\u00e7a pelo TSE. Via BG<\/figcaption><\/figure>\n","protected":false},"excerpt":{"rendered":"","protected":false},"author":1,"featured_media":0,"comment_status":"open","ping_status":"open","sticky":false,"template":"","format":"standard","meta":{"site-sidebar-layout":"default","site-content-layout":"","ast-site-content-layout":"default","site-content-style":"default","site-sidebar-style":"default","ast-global-header-display":"","ast-banner-title-visibility":"","ast-main-header-display":"","ast-hfb-above-header-display":"","ast-hfb-below-header-display":"","ast-hfb-mobile-header-display":"","site-post-title":"","ast-breadcrumbs-content":"","ast-featured-img":"","footer-sml-layout":"","ast-disable-related-posts":"","theme-transparent-header-meta":"","adv-header-id-meta":"","stick-header-meta":"","header-above-stick-meta":"","header-main-stick-meta":"","header-below-stick-meta":"","astra-migrate-meta-layouts":"default","ast-page-background-enabled":"default","ast-page-background-meta":{"desktop":{"background-color":"var(--ast-global-color-4)","background-image":"","background-repeat":"repeat","background-position":"center center","background-size":"auto","background-attachment":"scroll","background-type":"","background-media":"","overlay-type":"","overlay-color":"","overlay-opacity":"","overlay-gradient":""},"tablet":{"background-color":"","background-image":"","background-repeat":"repeat","background-position":"center center","background-size":"auto","background-attachment":"scroll","background-type":"","background-media":"","overlay-type":"","overlay-color":"","overlay-opacity":"","overlay-gradient":""},"mobile":{"background-color":"","background-image":"","background-repeat":"repeat","background-position":"center center","background-size":"auto","background-attachment":"scroll","background-type":"","background-media":"","overlay-type":"","overlay-color":"","overlay-opacity":"","overlay-gradient":""}},"ast-content-background-meta":{"desktop":{"background-color":"var(--ast-global-color-5)","background-image":"","background-repeat":"repeat","background-position":"center center","background-size":"auto","background-attachment":"scroll","background-type":"","background-media":"","overlay-type":"","overlay-color":"","overlay-opacity":"","overlay-gradient":""},"tablet":{"background-color":"var(--ast-global-color-5)","background-image":"","background-repeat":"repeat","background-position":"center center","background-size":"auto","background-attachment":"scroll","background-type":"","background-media":"","overlay-type":"","overlay-color":"","overlay-opacity":"","overlay-gradient":""},"mobile":{"background-color":"var(--ast-global-color-5)","background-image":"","background-repeat":"repeat","background-position":"center center","background-size":"auto","background-attachment":"scroll","background-type":"","background-media":"","overlay-type":"","overlay-color":"","overlay-opacity":"","overlay-gradient":""}},"footnotes":""},"categories":[517],"tags":[],"class_list":["post-4856","post","type-post","status-publish","format-standard","hentry","category-aconteceu"],"_links":{"self":[{"href":"https:\/\/noticiasnoface.com.br\/index.php\/wp-json\/wp\/v2\/posts\/4856","targetHints":{"allow":["GET"]}}],"collection":[{"href":"https:\/\/noticiasnoface.com.br\/index.php\/wp-json\/wp\/v2\/posts"}],"about":[{"href":"https:\/\/noticiasnoface.com.br\/index.php\/wp-json\/wp\/v2\/types\/post"}],"author":[{"embeddable":true,"href":"https:\/\/noticiasnoface.com.br\/index.php\/wp-json\/wp\/v2\/users\/1"}],"replies":[{"embeddable":true,"href":"https:\/\/noticiasnoface.com.br\/index.php\/wp-json\/wp\/v2\/comments?post=4856"}],"version-history":[{"count":1,"href":"https:\/\/noticiasnoface.com.br\/index.php\/wp-json\/wp\/v2\/posts\/4856\/revisions"}],"predecessor-version":[{"id":4857,"href":"https:\/\/noticiasnoface.com.br\/index.php\/wp-json\/wp\/v2\/posts\/4856\/revisions\/4857"}],"wp:attachment":[{"href":"https:\/\/noticiasnoface.com.br\/index.php\/wp-json\/wp\/v2\/media?parent=4856"}],"wp:term":[{"taxonomy":"category","embeddable":true,"href":"https:\/\/noticiasnoface.com.br\/index.php\/wp-json\/wp\/v2\/categories?post=4856"},{"taxonomy":"post_tag","embeddable":true,"href":"https:\/\/noticiasnoface.com.br\/index.php\/wp-json\/wp\/v2\/tags?post=4856"}],"curies":[{"name":"wp","href":"https:\/\/api.w.org\/{rel}","templated":true}]}}