{"id":5368,"date":"2022-03-22T04:33:26","date_gmt":"2022-03-22T07:33:26","guid":{"rendered":"https:\/\/noticiasnoface.com.br\/?p=5368"},"modified":"2022-03-22T04:33:27","modified_gmt":"2022-03-22T07:33:27","slug":"rede-globo-e-multada-em-10-milhoes-por-propaganda-enganosa","status":"publish","type":"post","link":"https:\/\/noticiasnoface.com.br\/index.php\/2022\/03\/22\/rede-globo-e-multada-em-10-milhoes-por-propaganda-enganosa\/","title":{"rendered":"Rede Globo \u00e9 multada em 10 milh\u00f5es por propaganda enganosa!"},"content":{"rendered":"\n<figure class=\"wp-block-image size-large\"><img data-opt-id=565349832  fetchpriority=\"high\" decoding=\"async\" width=\"750\" height=\"375\" src=\"https:\/\/mlbfrsat7ahr.i.optimole.com\/w:auto\/h:auto\/q:mauto\/ig:avif\/https:\/\/noticiasnoface.com.br\/wp-content\/uploads\/2022\/03\/img_9834.jpg\" alt=\"\" class=\"wp-image-5367\" srcset=\"https:\/\/mlbfrsat7ahr.i.optimole.com\/w:750\/h:375\/q:mauto\/ig:avif\/https:\/\/noticiasnoface.com.br\/wp-content\/uploads\/2022\/03\/img_9834.jpg 750w, https:\/\/mlbfrsat7ahr.i.optimole.com\/w:300\/h:150\/q:mauto\/ig:avif\/https:\/\/noticiasnoface.com.br\/wp-content\/uploads\/2022\/03\/img_9834.jpg 300w\" sizes=\"(max-width: 750px) 100vw, 750px\" \/><figcaption>3\u00aa Turma do Tribunal de Justi\u00e7a de S\u00e3o Paulo manteve a multa de R$ 10 milh\u00f5es ao Procon por propaganda enganosa no Premiere contra a TV Globo. A decis\u00e3o foi publicado em 16 de mar\u00e7o. O caso cabe recurso.<br>.<br>.<br><br>O clube de futebol Palmeiras foi o piv\u00f4 da multa aplicada pelo Procon \u00e0 emissora carioca.  Aos assinantes do Premi\u00e8re, a Globo havia anunciado que transmitiria todos os jogos do campeonato brasileiro de 2019, mas n\u00e3o o fez. <br>.<br>.<br><br>O Procon alegou que a empresa de comunica\u00e7\u00e3o enganou assinantes ao dizer que exibiria todos os jogos do Campeonato Brasileiro de 2019, o que n\u00e3o aconteceu. <br>.<br>.<br><br>O an\u00fancio foi feito antes que fechasse acordo de direitos de imagem com Palmeiras e Athletico-PR.<br>Os advogados da Globo afirmam que o \u00f3rg\u00e3o usou documentos de 2018 como se fossem de 2019.<br>No entanto, conforme a decis\u00e3o d desembargador Oswaldo Luiz Palu, a pr\u00e1tica da TV Globo analisada no processo \u201cmalferiu o direito pertencente ao consumidor de obter informa\u00e7\u00e3o pr\u00e9via, clara e adequada sobre o servi\u00e7o e a altera\u00e7\u00e3o que diminuiu a quantidade de jogos a serem transmitidos\u201d. <br>.<br><br>\u201cN\u00e3o deixam d\u00favidas\u201d sobre a configura\u00e7\u00e3o de veicula\u00e7\u00e3o de publicidade enganosa, \u201ccom conte\u00fado parcialmente falso, capaz de induzir em erro o consumidor sobre as caracter\u00edsticas e dados outros sobre o servi\u00e7o ofertado\u201d, afirma a decis\u00e3o.<\/figcaption><\/figure>\n","protected":false},"excerpt":{"rendered":"","protected":false},"author":1,"featured_media":0,"comment_status":"open","ping_status":"open","sticky":false,"template":"","format":"standard","meta":{"site-sidebar-layout":"default","site-content-layout":"","ast-site-content-layout":"default","site-content-style":"default","site-sidebar-style":"default","ast-global-header-display":"","ast-banner-title-visibility":"","ast-main-header-display":"","ast-hfb-above-header-display":"","ast-hfb-below-header-display":"","ast-hfb-mobile-header-display":"","site-post-title":"","ast-breadcrumbs-content":"","ast-featured-img":"","footer-sml-layout":"","ast-disable-related-posts":"","theme-transparent-header-meta":"","adv-header-id-meta":"","stick-header-meta":"","header-above-stick-meta":"","header-main-stick-meta":"","header-below-stick-meta":"","astra-migrate-meta-layouts":"default","ast-page-background-enabled":"default","ast-page-background-meta":{"desktop":{"background-color":"var(--ast-global-color-4)","background-image":"","background-repeat":"repeat","background-position":"center center","background-size":"auto","background-attachment":"scroll","background-type":"","background-media":"","overlay-type":"","overlay-color":"","overlay-opacity":"","overlay-gradient":""},"tablet":{"background-color":"","background-image":"","background-repeat":"repeat","background-position":"center center","background-size":"auto","background-attachment":"scroll","background-type":"","background-media":"","overlay-type":"","overlay-color":"","overlay-opacity":"","overlay-gradient":""},"mobile":{"background-color":"","background-image":"","background-repeat":"repeat","background-position":"center center","background-size":"auto","background-attachment":"scroll","background-type":"","background-media":"","overlay-type":"","overlay-color":"","overlay-opacity":"","overlay-gradient":""}},"ast-content-background-meta":{"desktop":{"background-color":"var(--ast-global-color-5)","background-image":"","background-repeat":"repeat","background-position":"center center","background-size":"auto","background-attachment":"scroll","background-type":"","background-media":"","overlay-type":"","overlay-color":"","overlay-opacity":"","overlay-gradient":""},"tablet":{"background-color":"var(--ast-global-color-5)","background-image":"","background-repeat":"repeat","background-position":"center center","background-size":"auto","background-attachment":"scroll","background-type":"","background-media":"","overlay-type":"","overlay-color":"","overlay-opacity":"","overlay-gradient":""},"mobile":{"background-color":"var(--ast-global-color-5)","background-image":"","background-repeat":"repeat","background-position":"center center","background-size":"auto","background-attachment":"scroll","background-type":"","background-media":"","overlay-type":"","overlay-color":"","overlay-opacity":"","overlay-gradient":""}},"footnotes":""},"categories":[517],"tags":[50,91],"class_list":["post-5368","post","type-post","status-publish","format-standard","hentry","category-aconteceu","tag-noticias-do-face","tag-rede-globo"],"_links":{"self":[{"href":"https:\/\/noticiasnoface.com.br\/index.php\/wp-json\/wp\/v2\/posts\/5368","targetHints":{"allow":["GET"]}}],"collection":[{"href":"https:\/\/noticiasnoface.com.br\/index.php\/wp-json\/wp\/v2\/posts"}],"about":[{"href":"https:\/\/noticiasnoface.com.br\/index.php\/wp-json\/wp\/v2\/types\/post"}],"author":[{"embeddable":true,"href":"https:\/\/noticiasnoface.com.br\/index.php\/wp-json\/wp\/v2\/users\/1"}],"replies":[{"embeddable":true,"href":"https:\/\/noticiasnoface.com.br\/index.php\/wp-json\/wp\/v2\/comments?post=5368"}],"version-history":[{"count":1,"href":"https:\/\/noticiasnoface.com.br\/index.php\/wp-json\/wp\/v2\/posts\/5368\/revisions"}],"predecessor-version":[{"id":5369,"href":"https:\/\/noticiasnoface.com.br\/index.php\/wp-json\/wp\/v2\/posts\/5368\/revisions\/5369"}],"wp:attachment":[{"href":"https:\/\/noticiasnoface.com.br\/index.php\/wp-json\/wp\/v2\/media?parent=5368"}],"wp:term":[{"taxonomy":"category","embeddable":true,"href":"https:\/\/noticiasnoface.com.br\/index.php\/wp-json\/wp\/v2\/categories?post=5368"},{"taxonomy":"post_tag","embeddable":true,"href":"https:\/\/noticiasnoface.com.br\/index.php\/wp-json\/wp\/v2\/tags?post=5368"}],"curies":[{"name":"wp","href":"https:\/\/api.w.org\/{rel}","templated":true}]}}