{"id":5374,"date":"2022-03-22T08:05:23","date_gmt":"2022-03-22T11:05:23","guid":{"rendered":"https:\/\/noticiasnoface.com.br\/?p=5374"},"modified":"2022-03-22T08:05:24","modified_gmt":"2022-03-22T11:05:24","slug":"tcu-decide-aumentar-as-investigacoes-sobre-atuacao-de-sergio-moro","status":"publish","type":"post","link":"https:\/\/noticiasnoface.com.br\/index.php\/2022\/03\/22\/tcu-decide-aumentar-as-investigacoes-sobre-atuacao-de-sergio-moro\/","title":{"rendered":"TCU decide aumentar as investiga\u00e7\u00f5es sobre atua\u00e7\u00e3o de S\u00e9rgio Moro"},"content":{"rendered":"\n<figure class=\"wp-block-image size-large\"><img data-opt-id=1276654421  fetchpriority=\"high\" decoding=\"async\" width=\"497\" height=\"617\" src=\"https:\/\/mlbfrsat7ahr.i.optimole.com\/w:auto\/h:auto\/q:mauto\/ig:avif\/https:\/\/noticiasnoface.com.br\/wp-content\/uploads\/2022\/03\/img_9838.jpg\" alt=\"\" class=\"wp-image-5373\" srcset=\"https:\/\/mlbfrsat7ahr.i.optimole.com\/w:497\/h:617\/q:mauto\/ig:avif\/https:\/\/noticiasnoface.com.br\/wp-content\/uploads\/2022\/03\/img_9838.jpg 497w, https:\/\/mlbfrsat7ahr.i.optimole.com\/w:242\/h:300\/q:mauto\/ig:avif\/https:\/\/noticiasnoface.com.br\/wp-content\/uploads\/2022\/03\/img_9838.jpg 242w\" sizes=\"(max-width: 497px) 100vw, 497px\" \/><figcaption>O plen\u00e1rio do <strong>TCU<\/strong> decidiu, por unanimidade, reunir duas <strong>apura\u00e7\u00f5es<\/strong> referentes \u00e0 atua\u00e7\u00e3o do ex-juiz e ex-ministro <strong><a href=\"https:\/\/veja.abril.com.br\/noticias-sobre\/sergio-moro\/\" target=\"_blank\" rel=\"noopener\">Sergio Moro<\/a>,<\/strong>ampliando a press\u00e3o do tribunal sobre o pr\u00e9-candidato do Podemos \u00e0 Presid\u00eancia. Os dois processos ser\u00e3o relatados pelo ministro Bruno Dantas.<br>.<br>.<br><br>Os ministros analisaram representa\u00e7\u00e3o do subprocurador-geral do Minist\u00e9rio P\u00fablico junto ao TCU sobre poss\u00edveis pr\u00e1ticas ileg\u00edtimas de procuradores da Rep\u00fablica que integraram a for\u00e7a-tarefa da Opera\u00e7\u00e3o Lava Jato e a de Moro, juiz respons\u00e1vel pelos processos.<br>.<br><br>\u201cAs alegadas pr\u00e1ticas ileg\u00edtimas seriam <em>revolving door<\/em> \u2013 movimento de agentes p\u00fablicos de alto escal\u00e3o para empregos na iniciativa privada e vice-versa \u2013 e <em>lawfare<\/em> \u2013 instrumentaliza\u00e7\u00e3o do Direito para prejudicar pessoa f\u00edsica ou jur\u00eddica\u201d, diz o relat\u00f3rio.<br>Bruno Dantas pediu vista em novembro do ano passado e, na semana passada, prop\u00f4s que o processo n\u00e3o fosse arquivado e, sim, apensado a outro, de sua relatoria, que apura a passagem de Moro, depois de deixar o governo Bolsonaro, pela empresa de consultoria Alvarez &amp; Marsal,<br>.<br><br>administradora judicial da empresa Odebrecht S.A..<br>O relator, Aroldo Cedraz, considerou a proposta adequada e foi seguido por todos os colegas.<\/figcaption><\/figure>\n","protected":false},"excerpt":{"rendered":"","protected":false},"author":1,"featured_media":0,"comment_status":"open","ping_status":"open","sticky":false,"template":"","format":"standard","meta":{"site-sidebar-layout":"default","site-content-layout":"","ast-site-content-layout":"default","site-content-style":"default","site-sidebar-style":"default","ast-global-header-display":"","ast-banner-title-visibility":"","ast-main-header-display":"","ast-hfb-above-header-display":"","ast-hfb-below-header-display":"","ast-hfb-mobile-header-display":"","site-post-title":"","ast-breadcrumbs-content":"","ast-featured-img":"","footer-sml-layout":"","ast-disable-related-posts":"","theme-transparent-header-meta":"","adv-header-id-meta":"","stick-header-meta":"","header-above-stick-meta":"","header-main-stick-meta":"","header-below-stick-meta":"","astra-migrate-meta-layouts":"default","ast-page-background-enabled":"default","ast-page-background-meta":{"desktop":{"background-color":"var(--ast-global-color-4)","background-image":"","background-repeat":"repeat","background-position":"center center","background-size":"auto","background-attachment":"scroll","background-type":"","background-media":"","overlay-type":"","overlay-color":"","overlay-opacity":"","overlay-gradient":""},"tablet":{"background-color":"","background-image":"","background-repeat":"repeat","background-position":"center center","background-size":"auto","background-attachment":"scroll","background-type":"","background-media":"","overlay-type":"","overlay-color":"","overlay-opacity":"","overlay-gradient":""},"mobile":{"background-color":"","background-image":"","background-repeat":"repeat","background-position":"center center","background-size":"auto","background-attachment":"scroll","background-type":"","background-media":"","overlay-type":"","overlay-color":"","overlay-opacity":"","overlay-gradient":""}},"ast-content-background-meta":{"desktop":{"background-color":"var(--ast-global-color-5)","background-image":"","background-repeat":"repeat","background-position":"center center","background-size":"auto","background-attachment":"scroll","background-type":"","background-media":"","overlay-type":"","overlay-color":"","overlay-opacity":"","overlay-gradient":""},"tablet":{"background-color":"var(--ast-global-color-5)","background-image":"","background-repeat":"repeat","background-position":"center center","background-size":"auto","background-attachment":"scroll","background-type":"","background-media":"","overlay-type":"","overlay-color":"","overlay-opacity":"","overlay-gradient":""},"mobile":{"background-color":"var(--ast-global-color-5)","background-image":"","background-repeat":"repeat","background-position":"center center","background-size":"auto","background-attachment":"scroll","background-type":"","background-media":"","overlay-type":"","overlay-color":"","overlay-opacity":"","overlay-gradient":""}},"footnotes":""},"categories":[517],"tags":[],"class_list":["post-5374","post","type-post","status-publish","format-standard","hentry","category-aconteceu"],"_links":{"self":[{"href":"https:\/\/noticiasnoface.com.br\/index.php\/wp-json\/wp\/v2\/posts\/5374","targetHints":{"allow":["GET"]}}],"collection":[{"href":"https:\/\/noticiasnoface.com.br\/index.php\/wp-json\/wp\/v2\/posts"}],"about":[{"href":"https:\/\/noticiasnoface.com.br\/index.php\/wp-json\/wp\/v2\/types\/post"}],"author":[{"embeddable":true,"href":"https:\/\/noticiasnoface.com.br\/index.php\/wp-json\/wp\/v2\/users\/1"}],"replies":[{"embeddable":true,"href":"https:\/\/noticiasnoface.com.br\/index.php\/wp-json\/wp\/v2\/comments?post=5374"}],"version-history":[{"count":1,"href":"https:\/\/noticiasnoface.com.br\/index.php\/wp-json\/wp\/v2\/posts\/5374\/revisions"}],"predecessor-version":[{"id":5375,"href":"https:\/\/noticiasnoface.com.br\/index.php\/wp-json\/wp\/v2\/posts\/5374\/revisions\/5375"}],"wp:attachment":[{"href":"https:\/\/noticiasnoface.com.br\/index.php\/wp-json\/wp\/v2\/media?parent=5374"}],"wp:term":[{"taxonomy":"category","embeddable":true,"href":"https:\/\/noticiasnoface.com.br\/index.php\/wp-json\/wp\/v2\/categories?post=5374"},{"taxonomy":"post_tag","embeddable":true,"href":"https:\/\/noticiasnoface.com.br\/index.php\/wp-json\/wp\/v2\/tags?post=5374"}],"curies":[{"name":"wp","href":"https:\/\/api.w.org\/{rel}","templated":true}]}}