{"id":5402,"date":"2022-03-22T11:38:06","date_gmt":"2022-03-22T14:38:06","guid":{"rendered":"https:\/\/noticiasnoface.com.br\/?p=5402"},"modified":"2022-03-22T11:38:07","modified_gmt":"2022-03-22T14:38:07","slug":"bolsonaro-ganha-150-mil-seguidores-gracas-a-alexandre-de-moraes","status":"publish","type":"post","link":"https:\/\/noticiasnoface.com.br\/index.php\/2022\/03\/22\/bolsonaro-ganha-150-mil-seguidores-gracas-a-alexandre-de-moraes\/","title":{"rendered":"Bolsonaro ganha 150 mil seguidores gra\u00e7as a Alexandre de Moraes"},"content":{"rendered":"\n<figure class=\"wp-block-image size-large\"><img data-opt-id=1366947037  fetchpriority=\"high\" decoding=\"async\" width=\"800\" height=\"465\" src=\"https:\/\/mlbfrsat7ahr.i.optimole.com\/w:auto\/h:auto\/q:mauto\/ig:avif\/https:\/\/noticiasnoface.com.br\/wp-content\/uploads\/2022\/03\/img_9867.jpg\" alt=\"\" class=\"wp-image-5401\" srcset=\"https:\/\/mlbfrsat7ahr.i.optimole.com\/w:800\/h:465\/q:mauto\/ig:avif\/https:\/\/noticiasnoface.com.br\/wp-content\/uploads\/2022\/03\/img_9867.jpg 800w, https:\/\/mlbfrsat7ahr.i.optimole.com\/w:300\/h:174\/q:mauto\/ig:avif\/https:\/\/noticiasnoface.com.br\/wp-content\/uploads\/2022\/03\/img_9867.jpg 300w, https:\/\/mlbfrsat7ahr.i.optimole.com\/w:768\/h:446\/q:mauto\/ig:avif\/https:\/\/noticiasnoface.com.br\/wp-content\/uploads\/2022\/03\/img_9867.jpg 768w\" sizes=\"(max-width: 800px) 100vw, 800px\" \/><figcaption>O presidente Jair Bolsonaro ganhou 150 mil  novos seguidores em seu canal do Telegram ap\u00f3s a decis\u00e3o do ministro Alexandre de Moraes de suspender o aplicativo no Brasil. A decis\u00e3o do magistrado foi revogada pelo pr\u00f3prio ministros ap\u00f3s o aplicativo cumprir algumas condi\u00e7\u00f5es impostas. <br>.<br>Antes da determina\u00e7\u00e3o, que ocorreu na sexta-feira (18), Bolsonaro tinha 1.085.114 inscritos no canal. No in\u00edcio da tarde deste domingo (20), o n\u00famero de seguidores chegou a 1.232.900. Na plataforma, o atual chefe do Executivo tem influ\u00eancia muito superior \u00e0 dos prov\u00e1veis concorrentes dele na corrida para presidente nas elei\u00e7\u00f5es deste ano.<br>.<br><br><a href=\"https:\/\/noticias.r7.com\/brasilia\/telegram-bolsonaro-tem-13-vezes-mais-inscritos-do-que-todos-os-outros-pre-candidatos-somados-18032022\" target=\"_blank\" rel=\"noopener\">O total de seguidores de Bolsonaro<\/a> \u00e9 maior que o de outros candidatos somados. O ex-presidente Luiz In\u00e1cio Lula da Silva (PT), por exemplo, tem 51,8 mil inscritos; Ciro Gomes (PDT), 19,7 mil; e Sergio Moro (Podemos), 5.8 mil.<br>.<br><br>A decis\u00e3o de Moraes atende a pedido da Pol\u00edcia Federal. A corpora\u00e7\u00e3o afirma que o Telegram est\u00e1 sendo usado para o cometimento de crimes de pedofilia, tr\u00e1fico de drogas e de armas, entre outros delitos. A PF afirma que a empresa n\u00e3o tem colaborado com o cumprimento de ordens judiciais.<\/figcaption><\/figure>\n","protected":false},"excerpt":{"rendered":"","protected":false},"author":1,"featured_media":0,"comment_status":"open","ping_status":"open","sticky":false,"template":"","format":"standard","meta":{"site-sidebar-layout":"default","site-content-layout":"","ast-site-content-layout":"default","site-content-style":"default","site-sidebar-style":"default","ast-global-header-display":"","ast-banner-title-visibility":"","ast-main-header-display":"","ast-hfb-above-header-display":"","ast-hfb-below-header-display":"","ast-hfb-mobile-header-display":"","site-post-title":"","ast-breadcrumbs-content":"","ast-featured-img":"","footer-sml-layout":"","ast-disable-related-posts":"","theme-transparent-header-meta":"","adv-header-id-meta":"","stick-header-meta":"","header-above-stick-meta":"","header-main-stick-meta":"","header-below-stick-meta":"","astra-migrate-meta-layouts":"default","ast-page-background-enabled":"default","ast-page-background-meta":{"desktop":{"background-color":"var(--ast-global-color-4)","background-image":"","background-repeat":"repeat","background-position":"center center","background-size":"auto","background-attachment":"scroll","background-type":"","background-media":"","overlay-type":"","overlay-color":"","overlay-opacity":"","overlay-gradient":""},"tablet":{"background-color":"","background-image":"","background-repeat":"repeat","background-position":"center center","background-size":"auto","background-attachment":"scroll","background-type":"","background-media":"","overlay-type":"","overlay-color":"","overlay-opacity":"","overlay-gradient":""},"mobile":{"background-color":"","background-image":"","background-repeat":"repeat","background-position":"center center","background-size":"auto","background-attachment":"scroll","background-type":"","background-media":"","overlay-type":"","overlay-color":"","overlay-opacity":"","overlay-gradient":""}},"ast-content-background-meta":{"desktop":{"background-color":"var(--ast-global-color-5)","background-image":"","background-repeat":"repeat","background-position":"center center","background-size":"auto","background-attachment":"scroll","background-type":"","background-media":"","overlay-type":"","overlay-color":"","overlay-opacity":"","overlay-gradient":""},"tablet":{"background-color":"var(--ast-global-color-5)","background-image":"","background-repeat":"repeat","background-position":"center center","background-size":"auto","background-attachment":"scroll","background-type":"","background-media":"","overlay-type":"","overlay-color":"","overlay-opacity":"","overlay-gradient":""},"mobile":{"background-color":"var(--ast-global-color-5)","background-image":"","background-repeat":"repeat","background-position":"center center","background-size":"auto","background-attachment":"scroll","background-type":"","background-media":"","overlay-type":"","overlay-color":"","overlay-opacity":"","overlay-gradient":""}},"footnotes":""},"categories":[517],"tags":[9,8,50,190],"class_list":["post-5402","post","type-post","status-publish","format-standard","hentry","category-aconteceu","tag-alexandre-de-moraes","tag-bolsonaro","tag-noticias-do-face","tag-telegram"],"_links":{"self":[{"href":"https:\/\/noticiasnoface.com.br\/index.php\/wp-json\/wp\/v2\/posts\/5402","targetHints":{"allow":["GET"]}}],"collection":[{"href":"https:\/\/noticiasnoface.com.br\/index.php\/wp-json\/wp\/v2\/posts"}],"about":[{"href":"https:\/\/noticiasnoface.com.br\/index.php\/wp-json\/wp\/v2\/types\/post"}],"author":[{"embeddable":true,"href":"https:\/\/noticiasnoface.com.br\/index.php\/wp-json\/wp\/v2\/users\/1"}],"replies":[{"embeddable":true,"href":"https:\/\/noticiasnoface.com.br\/index.php\/wp-json\/wp\/v2\/comments?post=5402"}],"version-history":[{"count":1,"href":"https:\/\/noticiasnoface.com.br\/index.php\/wp-json\/wp\/v2\/posts\/5402\/revisions"}],"predecessor-version":[{"id":5403,"href":"https:\/\/noticiasnoface.com.br\/index.php\/wp-json\/wp\/v2\/posts\/5402\/revisions\/5403"}],"wp:attachment":[{"href":"https:\/\/noticiasnoface.com.br\/index.php\/wp-json\/wp\/v2\/media?parent=5402"}],"wp:term":[{"taxonomy":"category","embeddable":true,"href":"https:\/\/noticiasnoface.com.br\/index.php\/wp-json\/wp\/v2\/categories?post=5402"},{"taxonomy":"post_tag","embeddable":true,"href":"https:\/\/noticiasnoface.com.br\/index.php\/wp-json\/wp\/v2\/tags?post=5402"}],"curies":[{"name":"wp","href":"https:\/\/api.w.org\/{rel}","templated":true}]}}