{"id":5408,"date":"2022-03-22T12:43:04","date_gmt":"2022-03-22T15:43:04","guid":{"rendered":"https:\/\/noticiasnoface.com.br\/?p=5408"},"modified":"2022-03-22T12:43:05","modified_gmt":"2022-03-22T15:43:05","slug":"oi-sumida","status":"publish","type":"post","link":"https:\/\/noticiasnoface.com.br\/index.php\/2022\/03\/22\/oi-sumida\/","title":{"rendered":"Oi sumida!"},"content":{"rendered":"\n<figure class=\"wp-block-image size-large\"><img data-opt-id=34085229  fetchpriority=\"high\" decoding=\"async\" width=\"676\" height=\"454\" src=\"https:\/\/mlbfrsat7ahr.i.optimole.com\/w:auto\/h:auto\/q:mauto\/ig:avif\/https:\/\/noticiasnoface.com.br\/wp-content\/uploads\/2022\/03\/img_9871.jpg\" alt=\"\" class=\"wp-image-5407\" srcset=\"https:\/\/mlbfrsat7ahr.i.optimole.com\/w:676\/h:454\/q:mauto\/ig:avif\/https:\/\/noticiasnoface.com.br\/wp-content\/uploads\/2022\/03\/img_9871.jpg 676w, https:\/\/mlbfrsat7ahr.i.optimole.com\/w:300\/h:201\/q:mauto\/ig:avif\/https:\/\/noticiasnoface.com.br\/wp-content\/uploads\/2022\/03\/img_9871.jpg 300w\" sizes=\"(max-width: 676px) 100vw, 676px\" \/><figcaption>O n\u00famero de casos de <a href=\"https:\/\/www.cnnbrasil.com.br\/nacional\/podcast-e-tem-mais-virus-transmitidos-por-mosquitos-tem-alta-em-meio-a-pandemia\/\" target=\"_blank\" rel=\"noopener\">dengue<\/a> no Brasil cresceu 43,9% nos primeiros meses do ano, segundo dados do <a href=\"https:\/\/www.cnnbrasil.com.br\/saude\/ministerio-da-saude-desobriga-uso-de-mascaras-dentro-do-predio-da-pasta\/\" target=\"_blank\" rel=\"noopener\">Minist\u00e9rio da Sa\u00fade<\/a>divulgados nessa segunda-feira (21). Entre 2 de janeiro e 12 de mar\u00e7o de 2022, foram 161.605 notifica\u00e7\u00f5es de prov\u00e1veis infectados, com uma incid\u00eancia de 75,8 por 100 mil habitantes.<br>A coordenadora do InfoDengue da Funda\u00e7\u00e3o Oswaldo Cruz (<a href=\"https:\/\/www.cnnbrasil.com.br\/saude\/fiocruz-implementara-projeto-de-profilaxia-a-pre-exposicao-injetavel-contra-hiv\/\" target=\"_blank\" rel=\"noopener\">Fiocruz<\/a>), Cl\u00e1udia Code\u00e7o, avalia que o cen\u00e1rio \u00e9 de aten\u00e7\u00e3o. <br>.<br>.<br>\u201cNo ano passado, a gente estava em baixa atividade da dengue, ent\u00e3o o aumento em si n\u00e3o seria tanto. Mas se a gente compara o hist\u00f3rico de v\u00e1rias temporadas de dengue, a gente v\u00ea que se aproxima dos altos \u00edndices de 2016 e 2020\u201d, afirmou.<br>.<br>.<br><br>Segundo o boletim epidemiol\u00f3gico do Minist\u00e9rio da Sa\u00fade, a regi\u00e3o Centro-Oeste apresentou a maior taxa de incid\u00eancia, com 204,2 casos por 100 mil habitantes, seguida da Norte (97,4 casos\/100 mil habitantes), Sul (49 casos\/100 mil habitantes), Sudeste (47,9 casos\/100 mil habitantes) e Nordeste (31 casos\/100 mil habitantes). J\u00e1 entre os munic\u00edpios, Goi\u00e2nia (GO) lidera o ranking, tendo Bras\u00edlia (DF) em segundo lugar, Palmas (TO) em terceiro e S\u00e3o Jos\u00e9 do Rio Preto (SP) em quarto.<br>.<br><br>Cl\u00e1udia Code\u00e7o aponta que a doen\u00e7a avan\u00e7a por novos territ\u00f3rios. \u201cA dengue vem surgindo e se espalhando em locais que n\u00e3o tinham antes, principalmente munic\u00edpios de menor popula\u00e7\u00e3o na regi\u00e3o Sul do Pa\u00eds, no Paran\u00e1 e oeste de Santa Catarina\u201d, apontou.<br>.<br><br>A coordenadora do InfoDengue avalia que o aumento de casos pode ter sido provocado pelo efeito da pandemia de Covid-19 nas a\u00e7\u00f5es de controle do mosquito Aedes aegypti, agente transmissor da doen\u00e7a, ou ainda pelo per\u00edodo chuvoso registrado neste in\u00edcio de 2022.<br>.<br><br>Diante desse cen\u00e1rio, Cl\u00e1udia Code\u00e7o defende que a rea\u00e7\u00e3o deve vir do poder p\u00fablico e dos cidad\u00e3os. \u201c\u00c9 muito importante, do ponto de vista do poder p\u00fablico, fortalecer os servi\u00e7os de vigil\u00e2ncia e endemia. Muitas dessas equipes est\u00e3o precarizadas, cansadas, especialmente em lugares menores com uma grande quantidade de a\u00e7\u00f5es. \u00c9 fundamental que elas consigam fazer visitas domiciliares, algo dificultado pela pandemia\u201d, pontuou.<br>J\u00e1 a popula\u00e7\u00e3o precisa relembrar o cuidado b\u00e1sico de esvaziar pontos de \u00e1gua parada, como vasos de plantas, caixas d\u2019\u00e1gua e piscinas.<br>.<br><br>At\u00e9 o dia 12 de mar\u00e7o, o pa\u00eds registrou 154 casos graves de dengue e 1.504 com sinais de alarme \u2013 sintomas como dor abdominal intensa, v\u00f4mitos persistentes e sangramentos na gengiva, que indicam quadro grave<\/figcaption><\/figure>\n","protected":false},"excerpt":{"rendered":"","protected":false},"author":1,"featured_media":0,"comment_status":"open","ping_status":"open","sticky":false,"template":"","format":"standard","meta":{"site-sidebar-layout":"default","site-content-layout":"","ast-site-content-layout":"default","site-content-style":"default","site-sidebar-style":"default","ast-global-header-display":"","ast-banner-title-visibility":"","ast-main-header-display":"","ast-hfb-above-header-display":"","ast-hfb-below-header-display":"","ast-hfb-mobile-header-display":"","site-post-title":"","ast-breadcrumbs-content":"","ast-featured-img":"","footer-sml-layout":"","ast-disable-related-posts":"","theme-transparent-header-meta":"","adv-header-id-meta":"","stick-header-meta":"","header-above-stick-meta":"","header-main-stick-meta":"","header-below-stick-meta":"","astra-migrate-meta-layouts":"default","ast-page-background-enabled":"default","ast-page-background-meta":{"desktop":{"background-color":"var(--ast-global-color-4)","background-image":"","background-repeat":"repeat","background-position":"center center","background-size":"auto","background-attachment":"scroll","background-type":"","background-media":"","overlay-type":"","overlay-color":"","overlay-opacity":"","overlay-gradient":""},"tablet":{"background-color":"","background-image":"","background-repeat":"repeat","background-position":"center center","background-size":"auto","background-attachment":"scroll","background-type":"","background-media":"","overlay-type":"","overlay-color":"","overlay-opacity":"","overlay-gradient":""},"mobile":{"background-color":"","background-image":"","background-repeat":"repeat","background-position":"center center","background-size":"auto","background-attachment":"scroll","background-type":"","background-media":"","overlay-type":"","overlay-color":"","overlay-opacity":"","overlay-gradient":""}},"ast-content-background-meta":{"desktop":{"background-color":"var(--ast-global-color-5)","background-image":"","background-repeat":"repeat","background-position":"center center","background-size":"auto","background-attachment":"scroll","background-type":"","background-media":"","overlay-type":"","overlay-color":"","overlay-opacity":"","overlay-gradient":""},"tablet":{"background-color":"var(--ast-global-color-5)","background-image":"","background-repeat":"repeat","background-position":"center center","background-size":"auto","background-attachment":"scroll","background-type":"","background-media":"","overlay-type":"","overlay-color":"","overlay-opacity":"","overlay-gradient":""},"mobile":{"background-color":"var(--ast-global-color-5)","background-image":"","background-repeat":"repeat","background-position":"center center","background-size":"auto","background-attachment":"scroll","background-type":"","background-media":"","overlay-type":"","overlay-color":"","overlay-opacity":"","overlay-gradient":""}},"footnotes":""},"categories":[517],"tags":[195,50,22],"class_list":["post-5408","post","type-post","status-publish","format-standard","hentry","category-aconteceu","tag-dengue","tag-noticias-do-face","tag-noticias-no-face"],"_links":{"self":[{"href":"https:\/\/noticiasnoface.com.br\/index.php\/wp-json\/wp\/v2\/posts\/5408","targetHints":{"allow":["GET"]}}],"collection":[{"href":"https:\/\/noticiasnoface.com.br\/index.php\/wp-json\/wp\/v2\/posts"}],"about":[{"href":"https:\/\/noticiasnoface.com.br\/index.php\/wp-json\/wp\/v2\/types\/post"}],"author":[{"embeddable":true,"href":"https:\/\/noticiasnoface.com.br\/index.php\/wp-json\/wp\/v2\/users\/1"}],"replies":[{"embeddable":true,"href":"https:\/\/noticiasnoface.com.br\/index.php\/wp-json\/wp\/v2\/comments?post=5408"}],"version-history":[{"count":1,"href":"https:\/\/noticiasnoface.com.br\/index.php\/wp-json\/wp\/v2\/posts\/5408\/revisions"}],"predecessor-version":[{"id":5409,"href":"https:\/\/noticiasnoface.com.br\/index.php\/wp-json\/wp\/v2\/posts\/5408\/revisions\/5409"}],"wp:attachment":[{"href":"https:\/\/noticiasnoface.com.br\/index.php\/wp-json\/wp\/v2\/media?parent=5408"}],"wp:term":[{"taxonomy":"category","embeddable":true,"href":"https:\/\/noticiasnoface.com.br\/index.php\/wp-json\/wp\/v2\/categories?post=5408"},{"taxonomy":"post_tag","embeddable":true,"href":"https:\/\/noticiasnoface.com.br\/index.php\/wp-json\/wp\/v2\/tags?post=5408"}],"curies":[{"name":"wp","href":"https:\/\/api.w.org\/{rel}","templated":true}]}}