{"id":5423,"date":"2022-03-22T14:31:26","date_gmt":"2022-03-22T17:31:26","guid":{"rendered":"https:\/\/noticiasnoface.com.br\/?p=5423"},"modified":"2022-03-22T14:31:26","modified_gmt":"2022-03-22T17:31:26","slug":"urgente-sargento-morre-durante-protesto-na-governadoria-do-rn","status":"publish","type":"post","link":"https:\/\/noticiasnoface.com.br\/index.php\/2022\/03\/22\/urgente-sargento-morre-durante-protesto-na-governadoria-do-rn\/","title":{"rendered":"URGENTE- Sargento morre durante protesto na governadoria do RN!"},"content":{"rendered":"\n<figure class=\"wp-block-image size-large\"><img data-opt-id=296538520  fetchpriority=\"high\" decoding=\"async\" width=\"792\" height=\"491\" src=\"https:\/\/mlbfrsat7ahr.i.optimole.com\/w:auto\/h:auto\/q:mauto\/ig:avif\/https:\/\/noticiasnoface.com.br\/wp-content\/uploads\/2022\/03\/img_9892.jpg\" alt=\"\" class=\"wp-image-5422\" srcset=\"https:\/\/mlbfrsat7ahr.i.optimole.com\/w:792\/h:491\/q:mauto\/ig:avif\/https:\/\/noticiasnoface.com.br\/wp-content\/uploads\/2022\/03\/img_9892.jpg 792w, https:\/\/mlbfrsat7ahr.i.optimole.com\/w:300\/h:186\/q:mauto\/ig:avif\/https:\/\/noticiasnoface.com.br\/wp-content\/uploads\/2022\/03\/img_9892.jpg 300w, https:\/\/mlbfrsat7ahr.i.optimole.com\/w:768\/h:476\/q:mauto\/ig:avif\/https:\/\/noticiasnoface.com.br\/wp-content\/uploads\/2022\/03\/img_9892.jpg 768w\" sizes=\"(max-width: 792px) 100vw, 792px\" \/><figcaption>Um sargento da Pol\u00edcia Militar de 46 anos morreu no in\u00edcio da tarde desta ter\u00e7a-feira (22) durante um protesto em frente \u00e0 Governadoria, no Centro Administrativo, em Natal. O agente era da ativa e tinha hist\u00f3rico de press\u00e3o alta.<br><br>Segundo testemunhas, o sargento passou mal durante a manifesta\u00e7\u00e3o e caiu em frente \u00e0 Governadoria. O policial foi atendido por equipes do Samu, mas n\u00e3o resistiu.<br>Desde a manh\u00e3 desta ter\u00e7a, policiais fazem um protesto em frente ao Centro Administrativo para cobrar melhorias salariais. A categoria, que tem os menores sal\u00e1rios da seguran\u00e7a p\u00fablica, cobra uma equipara\u00e7\u00e3o com a Pol\u00edcia Civil e demais for\u00e7as. Via 98FM <\/figcaption><\/figure>\n","protected":false},"excerpt":{"rendered":"","protected":false},"author":1,"featured_media":0,"comment_status":"open","ping_status":"open","sticky":false,"template":"","format":"standard","meta":{"site-sidebar-layout":"default","site-content-layout":"","ast-site-content-layout":"default","site-content-style":"default","site-sidebar-style":"default","ast-global-header-display":"","ast-banner-title-visibility":"","ast-main-header-display":"","ast-hfb-above-header-display":"","ast-hfb-below-header-display":"","ast-hfb-mobile-header-display":"","site-post-title":"","ast-breadcrumbs-content":"","ast-featured-img":"","footer-sml-layout":"","ast-disable-related-posts":"","theme-transparent-header-meta":"","adv-header-id-meta":"","stick-header-meta":"","header-above-stick-meta":"","header-main-stick-meta":"","header-below-stick-meta":"","astra-migrate-meta-layouts":"default","ast-page-background-enabled":"default","ast-page-background-meta":{"desktop":{"background-color":"var(--ast-global-color-4)","background-image":"","background-repeat":"repeat","background-position":"center center","background-size":"auto","background-attachment":"scroll","background-type":"","background-media":"","overlay-type":"","overlay-color":"","overlay-opacity":"","overlay-gradient":""},"tablet":{"background-color":"","background-image":"","background-repeat":"repeat","background-position":"center center","background-size":"auto","background-attachment":"scroll","background-type":"","background-media":"","overlay-type":"","overlay-color":"","overlay-opacity":"","overlay-gradient":""},"mobile":{"background-color":"","background-image":"","background-repeat":"repeat","background-position":"center center","background-size":"auto","background-attachment":"scroll","background-type":"","background-media":"","overlay-type":"","overlay-color":"","overlay-opacity":"","overlay-gradient":""}},"ast-content-background-meta":{"desktop":{"background-color":"var(--ast-global-color-5)","background-image":"","background-repeat":"repeat","background-position":"center center","background-size":"auto","background-attachment":"scroll","background-type":"","background-media":"","overlay-type":"","overlay-color":"","overlay-opacity":"","overlay-gradient":""},"tablet":{"background-color":"var(--ast-global-color-5)","background-image":"","background-repeat":"repeat","background-position":"center center","background-size":"auto","background-attachment":"scroll","background-type":"","background-media":"","overlay-type":"","overlay-color":"","overlay-opacity":"","overlay-gradient":""},"mobile":{"background-color":"var(--ast-global-color-5)","background-image":"","background-repeat":"repeat","background-position":"center center","background-size":"auto","background-attachment":"scroll","background-type":"","background-media":"","overlay-type":"","overlay-color":"","overlay-opacity":"","overlay-gradient":""}},"footnotes":""},"categories":[517],"tags":[50,199,201,64,200],"class_list":["post-5423","post","type-post","status-publish","format-standard","hentry","category-aconteceu","tag-noticias-do-face","tag-noticiasnoface","tag-protesto","tag-rio-grande-do-norte","tag-sargento"],"_links":{"self":[{"href":"https:\/\/noticiasnoface.com.br\/index.php\/wp-json\/wp\/v2\/posts\/5423","targetHints":{"allow":["GET"]}}],"collection":[{"href":"https:\/\/noticiasnoface.com.br\/index.php\/wp-json\/wp\/v2\/posts"}],"about":[{"href":"https:\/\/noticiasnoface.com.br\/index.php\/wp-json\/wp\/v2\/types\/post"}],"author":[{"embeddable":true,"href":"https:\/\/noticiasnoface.com.br\/index.php\/wp-json\/wp\/v2\/users\/1"}],"replies":[{"embeddable":true,"href":"https:\/\/noticiasnoface.com.br\/index.php\/wp-json\/wp\/v2\/comments?post=5423"}],"version-history":[{"count":1,"href":"https:\/\/noticiasnoface.com.br\/index.php\/wp-json\/wp\/v2\/posts\/5423\/revisions"}],"predecessor-version":[{"id":5424,"href":"https:\/\/noticiasnoface.com.br\/index.php\/wp-json\/wp\/v2\/posts\/5423\/revisions\/5424"}],"wp:attachment":[{"href":"https:\/\/noticiasnoface.com.br\/index.php\/wp-json\/wp\/v2\/media?parent=5423"}],"wp:term":[{"taxonomy":"category","embeddable":true,"href":"https:\/\/noticiasnoface.com.br\/index.php\/wp-json\/wp\/v2\/categories?post=5423"},{"taxonomy":"post_tag","embeddable":true,"href":"https:\/\/noticiasnoface.com.br\/index.php\/wp-json\/wp\/v2\/tags?post=5423"}],"curies":[{"name":"wp","href":"https:\/\/api.w.org\/{rel}","templated":true}]}}