{"id":5461,"date":"2022-03-22T20:27:26","date_gmt":"2022-03-22T23:27:26","guid":{"rendered":"https:\/\/noticiasnoface.com.br\/?p=5461"},"modified":"2022-03-22T20:27:27","modified_gmt":"2022-03-22T23:27:27","slug":"adriles-jorge-volta-para-jovem-pan","status":"publish","type":"post","link":"https:\/\/noticiasnoface.com.br\/index.php\/2022\/03\/22\/adriles-jorge-volta-para-jovem-pan\/","title":{"rendered":"Adriles Jorge volta para JOVEM PAN"},"content":{"rendered":"\n<figure class=\"wp-block-image size-large\"><img data-opt-id=1895268689  fetchpriority=\"high\" decoding=\"async\" width=\"739\" height=\"415\" src=\"https:\/\/mlbfrsat7ahr.i.optimole.com\/w:auto\/h:auto\/q:mauto\/ig:avif\/https:\/\/noticiasnoface.com.br\/wp-content\/uploads\/2022\/03\/img_9939.jpg\" alt=\"\" class=\"wp-image-5460\" srcset=\"https:\/\/mlbfrsat7ahr.i.optimole.com\/w:739\/h:415\/q:mauto\/ig:avif\/https:\/\/noticiasnoface.com.br\/wp-content\/uploads\/2022\/03\/img_9939.jpg 739w, https:\/\/mlbfrsat7ahr.i.optimole.com\/w:300\/h:168\/q:mauto\/ig:avif\/https:\/\/noticiasnoface.com.br\/wp-content\/uploads\/2022\/03\/img_9939.jpg 300w\" sizes=\"(max-width: 739px) 100vw, 739px\" \/><figcaption><strong>A Jovem Pan prepara o retorno de Adrilles Jorge, comentarista afastado da rede bolsonarista por se despedir do p\u00fablico do \u201cOpini\u00e3o\u201d com um gesto que lembrava uma sauda\u00e7\u00e3o nazista.<\/strong><br>.<br><br>O comentarista deve recuperar a vaga de polemista do \u201cMorning Show\u201d, programa di\u00e1rio reproduzido na r\u00e1dio, no YouTube e na TV Jovem Pan News, a partir de segunda-feira, 28 de mar\u00e7o.<br>N\u00e3o \u00e9 novidade na Jovem Pan a exclus\u00e3o tempor\u00e1ria de profissionais que causam danos \u00e0 imagem da empresa.<br>.<br><br>Em novembro de 2020, Rodrigo Constantino foi dispensado do Grupo, que naquela \u00e9poca concentrava sua opera\u00e7\u00e3o no r\u00e1dio e na internet, pela m\u00e1 repercuss\u00e3o de uma live sobre o caso Mariana Ferrer. <br>.<br>Dois meses depois, ele foi chamado para cobrir f\u00e9rias de profissionais de \u201cOs Pingos Nos Is\u201d e acabou devolvido aos programas \u201cP\u00e2nico\u201d e \u201c3 em 1\u201d. Antes disso, foi contratado pela RedeTV! para participar do \u201cOpini\u00e3o No Ar\u201d, <a rel=\"noreferrer noopener\" href=\"https:\/\/oantagonista.uol.com.br\/entretenimento\/redetv-tira-da-grade-programa-comandado-por-luis-ernesto-lacombe\/\" target=\"_blank\">programa de Luis Ernesto Lacombe que foi cancelado pela baixa audi\u00eancia.<\/a><\/figcaption><\/figure>\n","protected":false},"excerpt":{"rendered":"","protected":false},"author":1,"featured_media":0,"comment_status":"open","ping_status":"open","sticky":false,"template":"","format":"standard","meta":{"site-sidebar-layout":"default","site-content-layout":"","ast-site-content-layout":"default","site-content-style":"default","site-sidebar-style":"default","ast-global-header-display":"","ast-banner-title-visibility":"","ast-main-header-display":"","ast-hfb-above-header-display":"","ast-hfb-below-header-display":"","ast-hfb-mobile-header-display":"","site-post-title":"","ast-breadcrumbs-content":"","ast-featured-img":"","footer-sml-layout":"","ast-disable-related-posts":"","theme-transparent-header-meta":"","adv-header-id-meta":"","stick-header-meta":"","header-above-stick-meta":"","header-main-stick-meta":"","header-below-stick-meta":"","astra-migrate-meta-layouts":"default","ast-page-background-enabled":"default","ast-page-background-meta":{"desktop":{"background-color":"var(--ast-global-color-4)","background-image":"","background-repeat":"repeat","background-position":"center center","background-size":"auto","background-attachment":"scroll","background-type":"","background-media":"","overlay-type":"","overlay-color":"","overlay-opacity":"","overlay-gradient":""},"tablet":{"background-color":"","background-image":"","background-repeat":"repeat","background-position":"center center","background-size":"auto","background-attachment":"scroll","background-type":"","background-media":"","overlay-type":"","overlay-color":"","overlay-opacity":"","overlay-gradient":""},"mobile":{"background-color":"","background-image":"","background-repeat":"repeat","background-position":"center center","background-size":"auto","background-attachment":"scroll","background-type":"","background-media":"","overlay-type":"","overlay-color":"","overlay-opacity":"","overlay-gradient":""}},"ast-content-background-meta":{"desktop":{"background-color":"var(--ast-global-color-5)","background-image":"","background-repeat":"repeat","background-position":"center center","background-size":"auto","background-attachment":"scroll","background-type":"","background-media":"","overlay-type":"","overlay-color":"","overlay-opacity":"","overlay-gradient":""},"tablet":{"background-color":"var(--ast-global-color-5)","background-image":"","background-repeat":"repeat","background-position":"center center","background-size":"auto","background-attachment":"scroll","background-type":"","background-media":"","overlay-type":"","overlay-color":"","overlay-opacity":"","overlay-gradient":""},"mobile":{"background-color":"var(--ast-global-color-5)","background-image":"","background-repeat":"repeat","background-position":"center center","background-size":"auto","background-attachment":"scroll","background-type":"","background-media":"","overlay-type":"","overlay-color":"","overlay-opacity":"","overlay-gradient":""}},"footnotes":""},"categories":[517],"tags":[210,209,50],"class_list":["post-5461","post","type-post","status-publish","format-standard","hentry","category-aconteceu","tag-adriles","tag-jovem-pan","tag-noticias-do-face"],"_links":{"self":[{"href":"https:\/\/noticiasnoface.com.br\/index.php\/wp-json\/wp\/v2\/posts\/5461","targetHints":{"allow":["GET"]}}],"collection":[{"href":"https:\/\/noticiasnoface.com.br\/index.php\/wp-json\/wp\/v2\/posts"}],"about":[{"href":"https:\/\/noticiasnoface.com.br\/index.php\/wp-json\/wp\/v2\/types\/post"}],"author":[{"embeddable":true,"href":"https:\/\/noticiasnoface.com.br\/index.php\/wp-json\/wp\/v2\/users\/1"}],"replies":[{"embeddable":true,"href":"https:\/\/noticiasnoface.com.br\/index.php\/wp-json\/wp\/v2\/comments?post=5461"}],"version-history":[{"count":1,"href":"https:\/\/noticiasnoface.com.br\/index.php\/wp-json\/wp\/v2\/posts\/5461\/revisions"}],"predecessor-version":[{"id":5462,"href":"https:\/\/noticiasnoface.com.br\/index.php\/wp-json\/wp\/v2\/posts\/5461\/revisions\/5462"}],"wp:attachment":[{"href":"https:\/\/noticiasnoface.com.br\/index.php\/wp-json\/wp\/v2\/media?parent=5461"}],"wp:term":[{"taxonomy":"category","embeddable":true,"href":"https:\/\/noticiasnoface.com.br\/index.php\/wp-json\/wp\/v2\/categories?post=5461"},{"taxonomy":"post_tag","embeddable":true,"href":"https:\/\/noticiasnoface.com.br\/index.php\/wp-json\/wp\/v2\/tags?post=5461"}],"curies":[{"name":"wp","href":"https:\/\/api.w.org\/{rel}","templated":true}]}}