{"id":5464,"date":"2022-03-22T20:57:43","date_gmt":"2022-03-22T23:57:43","guid":{"rendered":"https:\/\/noticiasnoface.com.br\/?p=5464"},"modified":"2022-03-22T20:57:44","modified_gmt":"2022-03-22T23:57:44","slug":"ucrania-participara-da-cupula-da-otan-diz-secretario","status":"publish","type":"post","link":"https:\/\/noticiasnoface.com.br\/index.php\/2022\/03\/22\/ucrania-participara-da-cupula-da-otan-diz-secretario\/","title":{"rendered":"Ucr\u00e2nia participar\u00e1 da c\u00fapula da OTAN diz secret\u00e1rio"},"content":{"rendered":"\n<figure class=\"wp-block-image size-large\"><img data-opt-id=391820934  fetchpriority=\"high\" decoding=\"async\" width=\"679\" height=\"452\" src=\"https:\/\/mlbfrsat7ahr.i.optimole.com\/w:auto\/h:auto\/q:mauto\/ig:avif\/https:\/\/noticiasnoface.com.br\/wp-content\/uploads\/2022\/03\/img_9941.jpg\" alt=\"\" class=\"wp-image-5463\" srcset=\"https:\/\/mlbfrsat7ahr.i.optimole.com\/w:679\/h:452\/q:mauto\/ig:avif\/https:\/\/noticiasnoface.com.br\/wp-content\/uploads\/2022\/03\/img_9941.jpg 679w, https:\/\/mlbfrsat7ahr.i.optimole.com\/w:300\/h:200\/q:mauto\/ig:avif\/https:\/\/noticiasnoface.com.br\/wp-content\/uploads\/2022\/03\/img_9941.jpg 300w\" sizes=\"(max-width: 679px) 100vw, 679px\" \/><figcaption>O presidente da Ucr\u00e2nia, Volodymyr Zelensky, participar\u00e1 da c\u00fapula da Otan (Organiza\u00e7\u00e3o do Tratado do Atl\u00e2ntico Norte) em 24 de mar\u00e7o, por videoconfer\u00eancia, em meio \u00e0 <a href=\"https:\/\/noticias.uol.com.br\/ao-vivo\/2022\/02\/24\/guerra-entre-russia-e-ucrania.htm\" target=\"_blank\" rel=\"noopener\">guerra contra a R\u00fassia<\/a>.<br><br>.<br>A informa\u00e7\u00e3o, segundo a ag\u00eancia de not\u00edcias russa Interfax, foi divulgada pelo secret\u00e1rio de imprensa Serhiy Nikiforov.&#8221;<br>.<br>A Ucr\u00e2nia ter\u00e1 uma participa\u00e7\u00e3o ativa l\u00e1. Ainda estamos determinando qual. No m\u00ednimo, ser\u00e1 um discurso do presidente e, no m\u00e1ximo, participa\u00e7\u00e3o plena, \u00e9 claro, em formato de v\u00eddeo. O formato de participa\u00e7\u00e3o ser\u00e1 conhecido nos pr\u00f3ximos dias.&#8221;<br>.<br><br>Segundo o secret\u00e1rio, Zelensky falar\u00e1 na c\u00fapula sobre a necessidade de acabar com o que chama de &#8220;crimes de guerra&#8221; da R\u00fassia contra a popula\u00e7\u00e3o e a infraestrutura civil da Ucr\u00e2nia.<br>.<br><br>&#8220;Isso pode ser feito de v\u00e1rias maneiras &#8211; fechar o c\u00e9u, fornecer \u00e0 Ucr\u00e2nia poderosa defesa a\u00e9rea e avia\u00e7\u00e3o&#8230;&#8221;, acrescentou Nikiforov.<\/figcaption><\/figure>\n","protected":false},"excerpt":{"rendered":"","protected":false},"author":1,"featured_media":0,"comment_status":"open","ping_status":"open","sticky":false,"template":"","format":"standard","meta":{"site-sidebar-layout":"default","site-content-layout":"","ast-site-content-layout":"default","site-content-style":"default","site-sidebar-style":"default","ast-global-header-display":"","ast-banner-title-visibility":"","ast-main-header-display":"","ast-hfb-above-header-display":"","ast-hfb-below-header-display":"","ast-hfb-mobile-header-display":"","site-post-title":"","ast-breadcrumbs-content":"","ast-featured-img":"","footer-sml-layout":"","ast-disable-related-posts":"","theme-transparent-header-meta":"","adv-header-id-meta":"","stick-header-meta":"","header-above-stick-meta":"","header-main-stick-meta":"","header-below-stick-meta":"","astra-migrate-meta-layouts":"default","ast-page-background-enabled":"default","ast-page-background-meta":{"desktop":{"background-color":"var(--ast-global-color-4)","background-image":"","background-repeat":"repeat","background-position":"center center","background-size":"auto","background-attachment":"scroll","background-type":"","background-media":"","overlay-type":"","overlay-color":"","overlay-opacity":"","overlay-gradient":""},"tablet":{"background-color":"","background-image":"","background-repeat":"repeat","background-position":"center center","background-size":"auto","background-attachment":"scroll","background-type":"","background-media":"","overlay-type":"","overlay-color":"","overlay-opacity":"","overlay-gradient":""},"mobile":{"background-color":"","background-image":"","background-repeat":"repeat","background-position":"center center","background-size":"auto","background-attachment":"scroll","background-type":"","background-media":"","overlay-type":"","overlay-color":"","overlay-opacity":"","overlay-gradient":""}},"ast-content-background-meta":{"desktop":{"background-color":"var(--ast-global-color-5)","background-image":"","background-repeat":"repeat","background-position":"center center","background-size":"auto","background-attachment":"scroll","background-type":"","background-media":"","overlay-type":"","overlay-color":"","overlay-opacity":"","overlay-gradient":""},"tablet":{"background-color":"var(--ast-global-color-5)","background-image":"","background-repeat":"repeat","background-position":"center center","background-size":"auto","background-attachment":"scroll","background-type":"","background-media":"","overlay-type":"","overlay-color":"","overlay-opacity":"","overlay-gradient":""},"mobile":{"background-color":"var(--ast-global-color-5)","background-image":"","background-repeat":"repeat","background-position":"center center","background-size":"auto","background-attachment":"scroll","background-type":"","background-media":"","overlay-type":"","overlay-color":"","overlay-opacity":"","overlay-gradient":""}},"footnotes":""},"categories":[517],"tags":[211,50,213,212],"class_list":["post-5464","post","type-post","status-publish","format-standard","hentry","category-aconteceu","tag-guerra","tag-noticias-do-face","tag-otan","tag-ucrania"],"_links":{"self":[{"href":"https:\/\/noticiasnoface.com.br\/index.php\/wp-json\/wp\/v2\/posts\/5464","targetHints":{"allow":["GET"]}}],"collection":[{"href":"https:\/\/noticiasnoface.com.br\/index.php\/wp-json\/wp\/v2\/posts"}],"about":[{"href":"https:\/\/noticiasnoface.com.br\/index.php\/wp-json\/wp\/v2\/types\/post"}],"author":[{"embeddable":true,"href":"https:\/\/noticiasnoface.com.br\/index.php\/wp-json\/wp\/v2\/users\/1"}],"replies":[{"embeddable":true,"href":"https:\/\/noticiasnoface.com.br\/index.php\/wp-json\/wp\/v2\/comments?post=5464"}],"version-history":[{"count":1,"href":"https:\/\/noticiasnoface.com.br\/index.php\/wp-json\/wp\/v2\/posts\/5464\/revisions"}],"predecessor-version":[{"id":5465,"href":"https:\/\/noticiasnoface.com.br\/index.php\/wp-json\/wp\/v2\/posts\/5464\/revisions\/5465"}],"wp:attachment":[{"href":"https:\/\/noticiasnoface.com.br\/index.php\/wp-json\/wp\/v2\/media?parent=5464"}],"wp:term":[{"taxonomy":"category","embeddable":true,"href":"https:\/\/noticiasnoface.com.br\/index.php\/wp-json\/wp\/v2\/categories?post=5464"},{"taxonomy":"post_tag","embeddable":true,"href":"https:\/\/noticiasnoface.com.br\/index.php\/wp-json\/wp\/v2\/tags?post=5464"}],"curies":[{"name":"wp","href":"https:\/\/api.w.org\/{rel}","templated":true}]}}