{"id":5708,"date":"2022-03-25T13:31:37","date_gmt":"2022-03-25T16:31:37","guid":{"rendered":"https:\/\/noticiasnoface.com.br\/?p=5708"},"modified":"2022-03-25T13:31:39","modified_gmt":"2022-03-25T16:31:39","slug":"bolsonaro-assina-medidas-para-trabalho-home-office","status":"publish","type":"post","link":"https:\/\/noticiasnoface.com.br\/index.php\/2022\/03\/25\/bolsonaro-assina-medidas-para-trabalho-home-office\/","title":{"rendered":"Bolsonaro assina medidas para trabalho Home office!"},"content":{"rendered":"\n<figure class=\"wp-block-image size-large\"><img data-opt-id=1612509092  fetchpriority=\"high\" decoding=\"async\" width=\"739\" height=\"415\" src=\"https:\/\/mlbfrsat7ahr.i.optimole.com\/w:auto\/h:auto\/q:mauto\/ig:avif\/https:\/\/noticiasnoface.com.br\/wp-content\/uploads\/2022\/03\/img_0242.jpg\" alt=\"\" class=\"wp-image-5707\" srcset=\"https:\/\/mlbfrsat7ahr.i.optimole.com\/w:739\/h:415\/q:mauto\/ig:avif\/https:\/\/noticiasnoface.com.br\/wp-content\/uploads\/2022\/03\/img_0242.jpg 739w, https:\/\/mlbfrsat7ahr.i.optimole.com\/w:300\/h:168\/q:mauto\/ig:avif\/https:\/\/noticiasnoface.com.br\/wp-content\/uploads\/2022\/03\/img_0242.jpg 300w\" sizes=\"(max-width: 739px) 100vw, 739px\" \/><figcaption>O presidente <a href=\"https:\/\/g1.globo.com\/politica\/politico\/jair-bolsonaro\/\" target=\"_blank\" rel=\"noopener\">Jair Bolsonaro<\/a> assinou nesta sexta-feira (25) uma medida provis\u00f3ria (MP) com mudan\u00e7as nas regras de teletrabalho.Medidas provis\u00f3rias t\u00eam for\u00e7a de lei assim que publicadas no &#8220;Di\u00e1rio Oficial da Uni\u00e3o&#8221;. Precisam, contudo, ser aprovadas pelo <a href=\"https:\/\/g1.globo.com\/tudo-sobre\/congresso-nacional\/\" target=\"_blank\" rel=\"noopener\">Congresso Nacional<\/a> para se tornar leis em definitivo.<br>.<br><br>O chamado &#8220;home office&#8221; se intensificou durante a pandemia. Especialistas em sa\u00fade <a href=\"https:\/\/g1.globo.com\/jornal-nacional\/noticia\/2021\/02\/08\/infectologistas-alertam-para-importancia-da-mascara-e-do-distanciamento-social-mesmo-para-quem-ja-teve-covid.ghtml\" target=\"_blank\" rel=\"noopener\">sempre recomendaram o distanciamento social<\/a> como uma das formas de preven\u00e7\u00e3o.<br>Segundo o Instituto de Pesquisa Econ\u00f4mica Aplicada (<a href=\"https:\/\/g1.globo.com\/tudo-sobre\/ipea\/\" target=\"_blank\" rel=\"noopener\">Ipea<\/a>), em 2020, primeiro ano de pandemia, <a href=\"https:\/\/g1.globo.com\/economia\/noticia\/2021\/07\/15\/home-office-atinge-11percent-dos-trabalhadores-no-brasil-diante-da-pandemia-aponta-ipea.ghtml\" target=\"_blank\" rel=\"noopener\">1 em cada 10 trabalhadores brasileiros ficou de &#8220;home office&#8221;<\/a>.<br>De acordo com o <a href=\"https:\/\/g1.globo.com\/tudo-sobre\/ministerio-do-trabalho\/\" target=\"_blank\" rel=\"noopener\">Minist\u00e9rio do Trabalho<\/a>, a MP assinada nesta sexta-feira prev\u00ea:<br><br>*possibilidade de ado\u00e7\u00e3o do modelo h\u00edbrido pelas empresas, com preval\u00eancia do trabalho presencial sobre o remoto ou vice-versa;<br><br>*a presen\u00e7a do trabalhador no ambiente de trabalho para tarefas espec\u00edficas, ainda que de forma habitual, n\u00e3o descaracteriza o trabalho remoto;<br><br>*trabalhadores com defici\u00eancia ou com filhos de at\u00e9 quatro anos completos devem ter prioridade para as vagas em teletrabalho;<br><br>*teletrabalho poder\u00e1 ser contratado por jornada ou por produ\u00e7\u00e3o ou tarefa;<br><br>*no contrato por produ\u00e7\u00e3o n\u00e3o ser\u00e1 aplicado o cap\u00edtulo da CLT que trata da dura\u00e7\u00e3o do trabalho e que prev\u00ea o controle de jornada;<br><br>*para atividades em que o controle de jornada n\u00e3o \u00e9 essencial, o trabalhador ter\u00e1 liberdade para exercer suas tarefas na hora que desejar;<br><br>*caso a contrata\u00e7\u00e3o seja por jornada, a MP permite o controle remoto da jornada pelo empregador &#8211; viabilizando o pagamento de horas-extras caso ultrapassada a jornada regular;<br><br>*teletrabalho tamb\u00e9m poder\u00e1 ser aplicado a aprendizes e estagi\u00e1rios.<\/figcaption><\/figure>\n","protected":false},"excerpt":{"rendered":"","protected":false},"author":1,"featured_media":0,"comment_status":"open","ping_status":"open","sticky":false,"template":"","format":"standard","meta":{"site-sidebar-layout":"default","site-content-layout":"","ast-site-content-layout":"default","site-content-style":"default","site-sidebar-style":"default","ast-global-header-display":"","ast-banner-title-visibility":"","ast-main-header-display":"","ast-hfb-above-header-display":"","ast-hfb-below-header-display":"","ast-hfb-mobile-header-display":"","site-post-title":"","ast-breadcrumbs-content":"","ast-featured-img":"","footer-sml-layout":"","ast-disable-related-posts":"","theme-transparent-header-meta":"","adv-header-id-meta":"","stick-header-meta":"","header-above-stick-meta":"","header-main-stick-meta":"","header-below-stick-meta":"","astra-migrate-meta-layouts":"default","ast-page-background-enabled":"default","ast-page-background-meta":{"desktop":{"background-color":"var(--ast-global-color-4)","background-image":"","background-repeat":"repeat","background-position":"center center","background-size":"auto","background-attachment":"scroll","background-type":"","background-media":"","overlay-type":"","overlay-color":"","overlay-opacity":"","overlay-gradient":""},"tablet":{"background-color":"","background-image":"","background-repeat":"repeat","background-position":"center center","background-size":"auto","background-attachment":"scroll","background-type":"","background-media":"","overlay-type":"","overlay-color":"","overlay-opacity":"","overlay-gradient":""},"mobile":{"background-color":"","background-image":"","background-repeat":"repeat","background-position":"center center","background-size":"auto","background-attachment":"scroll","background-type":"","background-media":"","overlay-type":"","overlay-color":"","overlay-opacity":"","overlay-gradient":""}},"ast-content-background-meta":{"desktop":{"background-color":"var(--ast-global-color-5)","background-image":"","background-repeat":"repeat","background-position":"center center","background-size":"auto","background-attachment":"scroll","background-type":"","background-media":"","overlay-type":"","overlay-color":"","overlay-opacity":"","overlay-gradient":""},"tablet":{"background-color":"var(--ast-global-color-5)","background-image":"","background-repeat":"repeat","background-position":"center center","background-size":"auto","background-attachment":"scroll","background-type":"","background-media":"","overlay-type":"","overlay-color":"","overlay-opacity":"","overlay-gradient":""},"mobile":{"background-color":"var(--ast-global-color-5)","background-image":"","background-repeat":"repeat","background-position":"center center","background-size":"auto","background-attachment":"scroll","background-type":"","background-media":"","overlay-type":"","overlay-color":"","overlay-opacity":"","overlay-gradient":""}},"footnotes":""},"categories":[517],"tags":[8,290,291,50],"class_list":["post-5708","post","type-post","status-publish","format-standard","hentry","category-aconteceu","tag-bolsonaro","tag-home-oficce","tag-medidas","tag-noticias-do-face"],"_links":{"self":[{"href":"https:\/\/noticiasnoface.com.br\/index.php\/wp-json\/wp\/v2\/posts\/5708","targetHints":{"allow":["GET"]}}],"collection":[{"href":"https:\/\/noticiasnoface.com.br\/index.php\/wp-json\/wp\/v2\/posts"}],"about":[{"href":"https:\/\/noticiasnoface.com.br\/index.php\/wp-json\/wp\/v2\/types\/post"}],"author":[{"embeddable":true,"href":"https:\/\/noticiasnoface.com.br\/index.php\/wp-json\/wp\/v2\/users\/1"}],"replies":[{"embeddable":true,"href":"https:\/\/noticiasnoface.com.br\/index.php\/wp-json\/wp\/v2\/comments?post=5708"}],"version-history":[{"count":1,"href":"https:\/\/noticiasnoface.com.br\/index.php\/wp-json\/wp\/v2\/posts\/5708\/revisions"}],"predecessor-version":[{"id":5709,"href":"https:\/\/noticiasnoface.com.br\/index.php\/wp-json\/wp\/v2\/posts\/5708\/revisions\/5709"}],"wp:attachment":[{"href":"https:\/\/noticiasnoface.com.br\/index.php\/wp-json\/wp\/v2\/media?parent=5708"}],"wp:term":[{"taxonomy":"category","embeddable":true,"href":"https:\/\/noticiasnoface.com.br\/index.php\/wp-json\/wp\/v2\/categories?post=5708"},{"taxonomy":"post_tag","embeddable":true,"href":"https:\/\/noticiasnoface.com.br\/index.php\/wp-json\/wp\/v2\/tags?post=5708"}],"curies":[{"name":"wp","href":"https:\/\/api.w.org\/{rel}","templated":true}]}}