{"id":5767,"date":"2022-03-26T09:07:08","date_gmt":"2022-03-26T12:07:08","guid":{"rendered":"https:\/\/noticiasnoface.com.br\/?p=5767"},"modified":"2022-03-26T09:15:30","modified_gmt":"2022-03-26T12:15:30","slug":"jornalista-detona-sergio-moro","status":"publish","type":"post","link":"https:\/\/noticiasnoface.com.br\/index.php\/2022\/03\/26\/jornalista-detona-sergio-moro\/","title":{"rendered":"Jornalista detona S\u00e9rgio Moro!"},"content":{"rendered":"\n<figure class=\"wp-block-image size-large\"><img data-opt-id=1286244174  fetchpriority=\"high\" decoding=\"async\" width=\"274\" height=\"182\" src=\"https:\/\/mlbfrsat7ahr.i.optimole.com\/w:auto\/h:auto\/q:mauto\/ig:avif\/https:\/\/noticiasnoface.com.br\/wp-content\/uploads\/2022\/03\/img_0327.jpg\" alt=\"\" class=\"wp-image-5766\"\/><figcaption>O jornalista alem\u00e3o Niklas Franzen afirmou nesta quinta-feira (24) que entrevistou o ex-juiz S\u00e9rgio Moro, pr\u00e9-candidato a presidente pelo Podemos, e compartilhou algumas observa\u00e7\u00f5es sobre o juiz que foi considerado suspeito pelo Supremo Tribunal Federal (STF) nas a\u00e7\u00f5es contra o ex-presidente Lula.<br \/>Segundo Franzen, Moro n\u00e3o v\u00ea responsabilidade pela situa\u00e7\u00e3o ca\u00f3tica do Brasil e diz que a condena\u00e7\u00e3o de Lula e a vit\u00f3ria eleitoral de Bolsonaro foram &#8220;dois eventos distintos&#8221; que n\u00e3o est\u00e3o diretamente relacionados entre si.<br \/>.<br \/><br \/>O jornalista alem\u00e3o afirmou que Moro se mostra como alternativa a Jair Bolsonaro, mas seu programa neoliberal o coloca &#8220;completamente alinhado com Bolsonaro&#8221;. &#8220;Suas ideias sobre pol\u00edtica social e ambiental permanecem vagas&#8221;, afirmou.<br \/><br \/>.<br \/><br \/>&#8220;Moro n\u00e3o \u00e9 um provocador como Bolsonaro. Mas tamb\u00e9m lhe falta carisma, humor e talento ret\u00f3rico \u2013 habilidades que caracterizam Lula e Bolsonaro . Ent\u00e3o vai ser dif\u00edcil para Moro. Porque personalidade e emo\u00e7\u00f5es contam muito na campanha eleitoral brasileira&#8221;, disse o jornalista.<\/figcaption><\/figure>\n","protected":false},"excerpt":{"rendered":"","protected":false},"author":1,"featured_media":0,"comment_status":"open","ping_status":"open","sticky":false,"template":"","format":"standard","meta":{"site-sidebar-layout":"default","site-content-layout":"","ast-site-content-layout":"default","site-content-style":"default","site-sidebar-style":"default","ast-global-header-display":"","ast-banner-title-visibility":"","ast-main-header-display":"","ast-hfb-above-header-display":"","ast-hfb-below-header-display":"","ast-hfb-mobile-header-display":"","site-post-title":"","ast-breadcrumbs-content":"","ast-featured-img":"","footer-sml-layout":"","ast-disable-related-posts":"","theme-transparent-header-meta":"","adv-header-id-meta":"","stick-header-meta":"","header-above-stick-meta":"","header-main-stick-meta":"","header-below-stick-meta":"","astra-migrate-meta-layouts":"default","ast-page-background-enabled":"default","ast-page-background-meta":{"desktop":{"background-color":"var(--ast-global-color-4)","background-image":"","background-repeat":"repeat","background-position":"center center","background-size":"auto","background-attachment":"scroll","background-type":"","background-media":"","overlay-type":"","overlay-color":"","overlay-opacity":"","overlay-gradient":""},"tablet":{"background-color":"","background-image":"","background-repeat":"repeat","background-position":"center center","background-size":"auto","background-attachment":"scroll","background-type":"","background-media":"","overlay-type":"","overlay-color":"","overlay-opacity":"","overlay-gradient":""},"mobile":{"background-color":"","background-image":"","background-repeat":"repeat","background-position":"center center","background-size":"auto","background-attachment":"scroll","background-type":"","background-media":"","overlay-type":"","overlay-color":"","overlay-opacity":"","overlay-gradient":""}},"ast-content-background-meta":{"desktop":{"background-color":"var(--ast-global-color-5)","background-image":"","background-repeat":"repeat","background-position":"center center","background-size":"auto","background-attachment":"scroll","background-type":"","background-media":"","overlay-type":"","overlay-color":"","overlay-opacity":"","overlay-gradient":""},"tablet":{"background-color":"var(--ast-global-color-5)","background-image":"","background-repeat":"repeat","background-position":"center center","background-size":"auto","background-attachment":"scroll","background-type":"","background-media":"","overlay-type":"","overlay-color":"","overlay-opacity":"","overlay-gradient":""},"mobile":{"background-color":"var(--ast-global-color-5)","background-image":"","background-repeat":"repeat","background-position":"center center","background-size":"auto","background-attachment":"scroll","background-type":"","background-media":"","overlay-type":"","overlay-color":"","overlay-opacity":"","overlay-gradient":""}},"footnotes":""},"categories":[517],"tags":[],"class_list":["post-5767","post","type-post","status-publish","format-standard","hentry","category-aconteceu"],"_links":{"self":[{"href":"https:\/\/noticiasnoface.com.br\/index.php\/wp-json\/wp\/v2\/posts\/5767","targetHints":{"allow":["GET"]}}],"collection":[{"href":"https:\/\/noticiasnoface.com.br\/index.php\/wp-json\/wp\/v2\/posts"}],"about":[{"href":"https:\/\/noticiasnoface.com.br\/index.php\/wp-json\/wp\/v2\/types\/post"}],"author":[{"embeddable":true,"href":"https:\/\/noticiasnoface.com.br\/index.php\/wp-json\/wp\/v2\/users\/1"}],"replies":[{"embeddable":true,"href":"https:\/\/noticiasnoface.com.br\/index.php\/wp-json\/wp\/v2\/comments?post=5767"}],"version-history":[{"count":3,"href":"https:\/\/noticiasnoface.com.br\/index.php\/wp-json\/wp\/v2\/posts\/5767\/revisions"}],"predecessor-version":[{"id":5770,"href":"https:\/\/noticiasnoface.com.br\/index.php\/wp-json\/wp\/v2\/posts\/5767\/revisions\/5770"}],"wp:attachment":[{"href":"https:\/\/noticiasnoface.com.br\/index.php\/wp-json\/wp\/v2\/media?parent=5767"}],"wp:term":[{"taxonomy":"category","embeddable":true,"href":"https:\/\/noticiasnoface.com.br\/index.php\/wp-json\/wp\/v2\/categories?post=5767"},{"taxonomy":"post_tag","embeddable":true,"href":"https:\/\/noticiasnoface.com.br\/index.php\/wp-json\/wp\/v2\/tags?post=5767"}],"curies":[{"name":"wp","href":"https:\/\/api.w.org\/{rel}","templated":true}]}}