{"id":5772,"date":"2022-03-26T09:25:50","date_gmt":"2022-03-26T12:25:50","guid":{"rendered":"https:\/\/noticiasnoface.com.br\/?p=5772"},"modified":"2022-03-26T09:26:55","modified_gmt":"2022-03-26T12:26:55","slug":"laudo-diz-que-mulher-do-caso-mendigo-sugere-transtorno-psicotico","status":"publish","type":"post","link":"https:\/\/noticiasnoface.com.br\/index.php\/2022\/03\/26\/laudo-diz-que-mulher-do-caso-mendigo-sugere-transtorno-psicotico\/","title":{"rendered":"Laudo da  mulher do caso \u201cMENDIGO\u201d sugere transtorno psic\u00f3tico!"},"content":{"rendered":"\n<figure class=\"wp-block-image size-large\"><img data-opt-id=883019140  fetchpriority=\"high\" decoding=\"async\" width=\"1242\" height=\"794\" src=\"https:\/\/mlbfrsat7ahr.i.optimole.com\/w:auto\/h:auto\/q:mauto\/ig:avif\/https:\/\/noticiasnoface.com.br\/wp-content\/uploads\/2022\/03\/img_0329.jpg\" alt=\"\" class=\"wp-image-5771\" srcset=\"https:\/\/mlbfrsat7ahr.i.optimole.com\/w:1242\/h:794\/q:mauto\/ig:avif\/https:\/\/noticiasnoface.com.br\/wp-content\/uploads\/2022\/03\/img_0329.jpg 1242w, https:\/\/mlbfrsat7ahr.i.optimole.com\/w:300\/h:192\/q:mauto\/ig:avif\/https:\/\/noticiasnoface.com.br\/wp-content\/uploads\/2022\/03\/img_0329.jpg 300w, https:\/\/mlbfrsat7ahr.i.optimole.com\/w:1024\/h:655\/q:mauto\/ig:avif\/https:\/\/noticiasnoface.com.br\/wp-content\/uploads\/2022\/03\/img_0329.jpg 1024w, https:\/\/mlbfrsat7ahr.i.optimole.com\/w:768\/h:491\/q:mauto\/ig:avif\/https:\/\/noticiasnoface.com.br\/wp-content\/uploads\/2022\/03\/img_0329.jpg 768w\" sizes=\"(max-width: 1000px) 100vw, 1000px\" \/><figcaption><br \/>\u27a1\ufe0f O relat\u00f3rio m\u00e9dico psiqui\u00e1trico sobre a mulher flagrada mantendo rela\u00e7\u00f5es sexuais com um homem em situa\u00e7\u00e3o de rua dentro de um carro no Distrito Federal aponta para a diagn\u00f3stico do transtorno bipolar em fase man\u00edaca psic\u00f3tica.<br \/>.<br \/><br \/>O documento \u00e9 assinado digitalmente por um m\u00e9dico psiquiatra da UnB (Universidade de Bras\u00edlia) no dia 15 de mar\u00e7o, seis dias depois do caso, e nele consta ainda que &#8220;a paciente n\u00e3o \u00e9 capaz de responder por si, tampouco de exercer v\u00e1rios atos da vida civil, em especial o de assinar documentos e procura\u00e7\u00f5es, assim como o de celebrar contratos ou contratar servi\u00e7os de qualquer natureza&#8221;.<br \/>.<br \/><br \/>Devido ao quadro cl\u00ednico, &#8220;foi iniciado tratamento psicofarmacol\u00f3gico espec\u00edfico, estando tamb\u00e9m em terapia antirretroviral profil\u00e1tica. At\u00e9 o momento n\u00e3o temos previs\u00e3o de alta, aguardamos ainda a melhora cl\u00ednica da paciente&#8221;, conclui o laudo.<br \/><\/figcaption><\/figure>\n","protected":false},"excerpt":{"rendered":"","protected":false},"author":1,"featured_media":0,"comment_status":"open","ping_status":"open","sticky":false,"template":"","format":"standard","meta":{"site-sidebar-layout":"default","site-content-layout":"","ast-site-content-layout":"default","site-content-style":"default","site-sidebar-style":"default","ast-global-header-display":"","ast-banner-title-visibility":"","ast-main-header-display":"","ast-hfb-above-header-display":"","ast-hfb-below-header-display":"","ast-hfb-mobile-header-display":"","site-post-title":"","ast-breadcrumbs-content":"","ast-featured-img":"","footer-sml-layout":"","ast-disable-related-posts":"","theme-transparent-header-meta":"","adv-header-id-meta":"","stick-header-meta":"","header-above-stick-meta":"","header-main-stick-meta":"","header-below-stick-meta":"","astra-migrate-meta-layouts":"default","ast-page-background-enabled":"default","ast-page-background-meta":{"desktop":{"background-color":"var(--ast-global-color-4)","background-image":"","background-repeat":"repeat","background-position":"center center","background-size":"auto","background-attachment":"scroll","background-type":"","background-media":"","overlay-type":"","overlay-color":"","overlay-opacity":"","overlay-gradient":""},"tablet":{"background-color":"","background-image":"","background-repeat":"repeat","background-position":"center center","background-size":"auto","background-attachment":"scroll","background-type":"","background-media":"","overlay-type":"","overlay-color":"","overlay-opacity":"","overlay-gradient":""},"mobile":{"background-color":"","background-image":"","background-repeat":"repeat","background-position":"center center","background-size":"auto","background-attachment":"scroll","background-type":"","background-media":"","overlay-type":"","overlay-color":"","overlay-opacity":"","overlay-gradient":""}},"ast-content-background-meta":{"desktop":{"background-color":"var(--ast-global-color-5)","background-image":"","background-repeat":"repeat","background-position":"center center","background-size":"auto","background-attachment":"scroll","background-type":"","background-media":"","overlay-type":"","overlay-color":"","overlay-opacity":"","overlay-gradient":""},"tablet":{"background-color":"var(--ast-global-color-5)","background-image":"","background-repeat":"repeat","background-position":"center center","background-size":"auto","background-attachment":"scroll","background-type":"","background-media":"","overlay-type":"","overlay-color":"","overlay-opacity":"","overlay-gradient":""},"mobile":{"background-color":"var(--ast-global-color-5)","background-image":"","background-repeat":"repeat","background-position":"center center","background-size":"auto","background-attachment":"scroll","background-type":"","background-media":"","overlay-type":"","overlay-color":"","overlay-opacity":"","overlay-gradient":""}},"footnotes":""},"categories":[154],"tags":[252,253,301],"class_list":["post-5772","post","type-post","status-publish","format-standard","hentry","category-comportamento","tag-mendigo","tag-personal","tag-surto"],"_links":{"self":[{"href":"https:\/\/noticiasnoface.com.br\/index.php\/wp-json\/wp\/v2\/posts\/5772","targetHints":{"allow":["GET"]}}],"collection":[{"href":"https:\/\/noticiasnoface.com.br\/index.php\/wp-json\/wp\/v2\/posts"}],"about":[{"href":"https:\/\/noticiasnoface.com.br\/index.php\/wp-json\/wp\/v2\/types\/post"}],"author":[{"embeddable":true,"href":"https:\/\/noticiasnoface.com.br\/index.php\/wp-json\/wp\/v2\/users\/1"}],"replies":[{"embeddable":true,"href":"https:\/\/noticiasnoface.com.br\/index.php\/wp-json\/wp\/v2\/comments?post=5772"}],"version-history":[{"count":2,"href":"https:\/\/noticiasnoface.com.br\/index.php\/wp-json\/wp\/v2\/posts\/5772\/revisions"}],"predecessor-version":[{"id":5774,"href":"https:\/\/noticiasnoface.com.br\/index.php\/wp-json\/wp\/v2\/posts\/5772\/revisions\/5774"}],"wp:attachment":[{"href":"https:\/\/noticiasnoface.com.br\/index.php\/wp-json\/wp\/v2\/media?parent=5772"}],"wp:term":[{"taxonomy":"category","embeddable":true,"href":"https:\/\/noticiasnoface.com.br\/index.php\/wp-json\/wp\/v2\/categories?post=5772"},{"taxonomy":"post_tag","embeddable":true,"href":"https:\/\/noticiasnoface.com.br\/index.php\/wp-json\/wp\/v2\/tags?post=5772"}],"curies":[{"name":"wp","href":"https:\/\/api.w.org\/{rel}","templated":true}]}}