{"id":5791,"date":"2022-03-26T14:22:52","date_gmt":"2022-03-26T17:22:52","guid":{"rendered":"https:\/\/noticiasnoface.com.br\/?p=5791"},"modified":"2022-03-26T14:22:53","modified_gmt":"2022-03-26T17:22:53","slug":"bolsonaro-anuncia-projetos-sobre-legitima-defesa-e-terrorismo","status":"publish","type":"post","link":"https:\/\/noticiasnoface.com.br\/index.php\/2022\/03\/26\/bolsonaro-anuncia-projetos-sobre-legitima-defesa-e-terrorismo\/","title":{"rendered":"Bolsonaro anuncia projetos sobre leg\u00edtima defesa e terrorismo!"},"content":{"rendered":"\n<figure class=\"wp-block-image size-large\"><img data-opt-id=859306824  fetchpriority=\"high\" decoding=\"async\" width=\"678\" height=\"452\" src=\"https:\/\/mlbfrsat7ahr.i.optimole.com\/w:auto\/h:auto\/q:mauto\/ig:avif\/https:\/\/noticiasnoface.com.br\/wp-content\/uploads\/2022\/03\/img_0373.jpg\" alt=\"\" class=\"wp-image-5790\" srcset=\"https:\/\/mlbfrsat7ahr.i.optimole.com\/w:678\/h:452\/q:mauto\/ig:avif\/https:\/\/noticiasnoface.com.br\/wp-content\/uploads\/2022\/03\/img_0373.jpg 678w, https:\/\/mlbfrsat7ahr.i.optimole.com\/w:300\/h:200\/q:mauto\/ig:avif\/https:\/\/noticiasnoface.com.br\/wp-content\/uploads\/2022\/03\/img_0373.jpg 300w\" sizes=\"(max-width: 678px) 100vw, 678px\" \/><figcaption>Nessa sexta feira 25 o presidente Bolsonaro anunciou que vai mandar para o congresso Nacional um nov projeto que amplia a LEG\u00cdTIMA DEFESA, e altera\u00e7\u00f5es na lei sobre terrorismo, tudo isso para facilitar a vida dos policiais brasileiros. <br>.<br>O presidente tinha mandado um projeto em 2019 parecido chamado PACOTE ANTI CRIMES com propostas de excludentes de ilicitude, ou seja isen\u00e7\u00e3o de pena. <br>.<br>Nesse novo projeto a lei altera aditiva\u00e7\u00e3o de legitima defesa ou seja, o governo pretende incluir no C\u00f3digo Penal um artigo para prever que a leg\u00edtima defesa pode ser configurada para evitar ato ou imin\u00eancia de ato \u201ccontra a ordem p\u00fablica ou a incolumidade das pessoas mediante porte ou utiliza\u00e7\u00e3o ostensivos, por parte do agressor ou suspeito, de arma de fogo ou outro instrumento capaz de gerar morte ou les\u00e3o corporal de natureza grave\u201d ou de terrorismo.  <br>.<br>Terrorismo<br><br>Outro projeto de lei que ser\u00e1 enviado pelo governo muda a lei que trata de terrorismo no pa\u00eds. O governo prop\u00f5e alterar a defini\u00e7\u00e3o do crime para incluir atos realizados &#8220;com o emprego premeditado, reiterado ou n\u00e3o, de a\u00e7\u00f5es violentas com fins pol\u00edticos ou ideol\u00f3gicos&#8221;.<\/figcaption><\/figure>\n","protected":false},"excerpt":{"rendered":"","protected":false},"author":1,"featured_media":0,"comment_status":"open","ping_status":"open","sticky":false,"template":"","format":"standard","meta":{"site-sidebar-layout":"default","site-content-layout":"","ast-site-content-layout":"default","site-content-style":"default","site-sidebar-style":"default","ast-global-header-display":"","ast-banner-title-visibility":"","ast-main-header-display":"","ast-hfb-above-header-display":"","ast-hfb-below-header-display":"","ast-hfb-mobile-header-display":"","site-post-title":"","ast-breadcrumbs-content":"","ast-featured-img":"","footer-sml-layout":"","ast-disable-related-posts":"","theme-transparent-header-meta":"","adv-header-id-meta":"","stick-header-meta":"","header-above-stick-meta":"","header-main-stick-meta":"","header-below-stick-meta":"","astra-migrate-meta-layouts":"default","ast-page-background-enabled":"default","ast-page-background-meta":{"desktop":{"background-color":"var(--ast-global-color-4)","background-image":"","background-repeat":"repeat","background-position":"center center","background-size":"auto","background-attachment":"scroll","background-type":"","background-media":"","overlay-type":"","overlay-color":"","overlay-opacity":"","overlay-gradient":""},"tablet":{"background-color":"","background-image":"","background-repeat":"repeat","background-position":"center center","background-size":"auto","background-attachment":"scroll","background-type":"","background-media":"","overlay-type":"","overlay-color":"","overlay-opacity":"","overlay-gradient":""},"mobile":{"background-color":"","background-image":"","background-repeat":"repeat","background-position":"center center","background-size":"auto","background-attachment":"scroll","background-type":"","background-media":"","overlay-type":"","overlay-color":"","overlay-opacity":"","overlay-gradient":""}},"ast-content-background-meta":{"desktop":{"background-color":"var(--ast-global-color-5)","background-image":"","background-repeat":"repeat","background-position":"center center","background-size":"auto","background-attachment":"scroll","background-type":"","background-media":"","overlay-type":"","overlay-color":"","overlay-opacity":"","overlay-gradient":""},"tablet":{"background-color":"var(--ast-global-color-5)","background-image":"","background-repeat":"repeat","background-position":"center center","background-size":"auto","background-attachment":"scroll","background-type":"","background-media":"","overlay-type":"","overlay-color":"","overlay-opacity":"","overlay-gradient":""},"mobile":{"background-color":"var(--ast-global-color-5)","background-image":"","background-repeat":"repeat","background-position":"center center","background-size":"auto","background-attachment":"scroll","background-type":"","background-media":"","overlay-type":"","overlay-color":"","overlay-opacity":"","overlay-gradient":""}},"footnotes":""},"categories":[517],"tags":[],"class_list":["post-5791","post","type-post","status-publish","format-standard","hentry","category-aconteceu"],"_links":{"self":[{"href":"https:\/\/noticiasnoface.com.br\/index.php\/wp-json\/wp\/v2\/posts\/5791","targetHints":{"allow":["GET"]}}],"collection":[{"href":"https:\/\/noticiasnoface.com.br\/index.php\/wp-json\/wp\/v2\/posts"}],"about":[{"href":"https:\/\/noticiasnoface.com.br\/index.php\/wp-json\/wp\/v2\/types\/post"}],"author":[{"embeddable":true,"href":"https:\/\/noticiasnoface.com.br\/index.php\/wp-json\/wp\/v2\/users\/1"}],"replies":[{"embeddable":true,"href":"https:\/\/noticiasnoface.com.br\/index.php\/wp-json\/wp\/v2\/comments?post=5791"}],"version-history":[{"count":1,"href":"https:\/\/noticiasnoface.com.br\/index.php\/wp-json\/wp\/v2\/posts\/5791\/revisions"}],"predecessor-version":[{"id":5792,"href":"https:\/\/noticiasnoface.com.br\/index.php\/wp-json\/wp\/v2\/posts\/5791\/revisions\/5792"}],"wp:attachment":[{"href":"https:\/\/noticiasnoface.com.br\/index.php\/wp-json\/wp\/v2\/media?parent=5791"}],"wp:term":[{"taxonomy":"category","embeddable":true,"href":"https:\/\/noticiasnoface.com.br\/index.php\/wp-json\/wp\/v2\/categories?post=5791"},{"taxonomy":"post_tag","embeddable":true,"href":"https:\/\/noticiasnoface.com.br\/index.php\/wp-json\/wp\/v2\/tags?post=5791"}],"curies":[{"name":"wp","href":"https:\/\/api.w.org\/{rel}","templated":true}]}}