{"id":5794,"date":"2022-03-26T15:04:09","date_gmt":"2022-03-26T18:04:09","guid":{"rendered":"https:\/\/noticiasnoface.com.br\/?p=5794"},"modified":"2022-03-26T15:04:11","modified_gmt":"2022-03-26T18:04:11","slug":"alexandre-de-moraes-manda-deputado-daniel-silveira-voltar-a-usar-tornozeleira","status":"publish","type":"post","link":"https:\/\/noticiasnoface.com.br\/index.php\/2022\/03\/26\/alexandre-de-moraes-manda-deputado-daniel-silveira-voltar-a-usar-tornozeleira\/","title":{"rendered":"Alexandre de Moraes manda deputado Daniel Silveira voltar a usar tornozeleira!"},"content":{"rendered":"\n<figure class=\"wp-block-image size-large\"><img data-opt-id=1225827127  fetchpriority=\"high\" decoding=\"async\" width=\"1024\" height=\"640\" src=\"https:\/\/mlbfrsat7ahr.i.optimole.com\/w:auto\/h:auto\/q:mauto\/ig:avif\/https:\/\/noticiasnoface.com.br\/wp-content\/uploads\/2022\/03\/img_0377.jpg\" alt=\"\" class=\"wp-image-5793\" srcset=\"https:\/\/mlbfrsat7ahr.i.optimole.com\/w:1024\/h:640\/q:mauto\/ig:avif\/https:\/\/noticiasnoface.com.br\/wp-content\/uploads\/2022\/03\/img_0377.jpg 1024w, https:\/\/mlbfrsat7ahr.i.optimole.com\/w:300\/h:188\/q:mauto\/ig:avif\/https:\/\/noticiasnoface.com.br\/wp-content\/uploads\/2022\/03\/img_0377.jpg 300w, https:\/\/mlbfrsat7ahr.i.optimole.com\/w:768\/h:480\/q:mauto\/ig:avif\/https:\/\/noticiasnoface.com.br\/wp-content\/uploads\/2022\/03\/img_0377.jpg 768w\" sizes=\"(max-width: 1000px) 100vw, 1000px\" \/><figcaption>Em despacho da noite desta sexta-feira (25), o ministro Alexandre de Moraes, do Supremo Tribunal Federal (STF), determinou que o deputado federal Daniel Silveira (UB-RJ) volte a usar tornozeleira eletr\u00f4nica.<br>.<br><br>A decis\u00e3o atendeu ao pedido da Procuradoria-Geral da Rep\u00fablica (PGR) que inclui a proibi\u00e7\u00e3o do deputado de participar de qualquer evento p\u00fablico no pa\u00eds.<br>.<br><br>\u2013 Proibi\u00e7\u00e3o de ausentar-se da Comarca em que reside, salvo para Bras\u00edlia\/DF, com a finalidade de assegurar o pleno exerc\u00edcio do mandato parlamentar; proibi\u00e7\u00e3o de participar de qualquer evento p\u00fablico em todo o territ\u00f3rio nacional; a reitera\u00e7\u00e3o do descumprimento injustificado de quaisquer dessas medidas acarretar\u00e1, natural e imediatamente, o restabelecimento da ordem de pris\u00e3o \u2013 diz o despacho do ministro.<br>.<br>.<br><br>Ao STF, a subprocuradora Lind\u00f4ra Ara\u00fajo disse que as recentes cr\u00edticas de Daniel Silveira apontam que o parlamentar continua apresentando um \u201ccomportamento delitivo\u201d. Al\u00e9m disso, ela apontou que o deputado \u201cofende a honra e amea\u00e7a gravemente\u201d o ministro Alexandre de Moraes.<br>No \u00faltimo domingo (20), Silveira havia voltado a disparar cr\u00edticas contra integrantes do Supremo. <br>.<br>.<br>Durante o Freedom Day, o parlamentar disse que Moraes \u201cest\u00e1 cometendo muitas inconstitucionalidades\u201d.<br><br><\/figcaption><\/figure>\n","protected":false},"excerpt":{"rendered":"","protected":false},"author":1,"featured_media":0,"comment_status":"open","ping_status":"open","sticky":false,"template":"","format":"standard","meta":{"site-sidebar-layout":"default","site-content-layout":"","ast-site-content-layout":"default","site-content-style":"default","site-sidebar-style":"default","ast-global-header-display":"","ast-banner-title-visibility":"","ast-main-header-display":"","ast-hfb-above-header-display":"","ast-hfb-below-header-display":"","ast-hfb-mobile-header-display":"","site-post-title":"","ast-breadcrumbs-content":"","ast-featured-img":"","footer-sml-layout":"","ast-disable-related-posts":"","theme-transparent-header-meta":"","adv-header-id-meta":"","stick-header-meta":"","header-above-stick-meta":"","header-main-stick-meta":"","header-below-stick-meta":"","astra-migrate-meta-layouts":"default","ast-page-background-enabled":"default","ast-page-background-meta":{"desktop":{"background-color":"var(--ast-global-color-4)","background-image":"","background-repeat":"repeat","background-position":"center center","background-size":"auto","background-attachment":"scroll","background-type":"","background-media":"","overlay-type":"","overlay-color":"","overlay-opacity":"","overlay-gradient":""},"tablet":{"background-color":"","background-image":"","background-repeat":"repeat","background-position":"center center","background-size":"auto","background-attachment":"scroll","background-type":"","background-media":"","overlay-type":"","overlay-color":"","overlay-opacity":"","overlay-gradient":""},"mobile":{"background-color":"","background-image":"","background-repeat":"repeat","background-position":"center center","background-size":"auto","background-attachment":"scroll","background-type":"","background-media":"","overlay-type":"","overlay-color":"","overlay-opacity":"","overlay-gradient":""}},"ast-content-background-meta":{"desktop":{"background-color":"var(--ast-global-color-5)","background-image":"","background-repeat":"repeat","background-position":"center center","background-size":"auto","background-attachment":"scroll","background-type":"","background-media":"","overlay-type":"","overlay-color":"","overlay-opacity":"","overlay-gradient":""},"tablet":{"background-color":"var(--ast-global-color-5)","background-image":"","background-repeat":"repeat","background-position":"center center","background-size":"auto","background-attachment":"scroll","background-type":"","background-media":"","overlay-type":"","overlay-color":"","overlay-opacity":"","overlay-gradient":""},"mobile":{"background-color":"var(--ast-global-color-5)","background-image":"","background-repeat":"repeat","background-position":"center center","background-size":"auto","background-attachment":"scroll","background-type":"","background-media":"","overlay-type":"","overlay-color":"","overlay-opacity":"","overlay-gradient":""}},"footnotes":""},"categories":[517],"tags":[8,205,50,6],"class_list":["post-5794","post","type-post","status-publish","format-standard","hentry","category-aconteceu","tag-bolsonaro","tag-justica","tag-noticias-do-face","tag-stf"],"_links":{"self":[{"href":"https:\/\/noticiasnoface.com.br\/index.php\/wp-json\/wp\/v2\/posts\/5794","targetHints":{"allow":["GET"]}}],"collection":[{"href":"https:\/\/noticiasnoface.com.br\/index.php\/wp-json\/wp\/v2\/posts"}],"about":[{"href":"https:\/\/noticiasnoface.com.br\/index.php\/wp-json\/wp\/v2\/types\/post"}],"author":[{"embeddable":true,"href":"https:\/\/noticiasnoface.com.br\/index.php\/wp-json\/wp\/v2\/users\/1"}],"replies":[{"embeddable":true,"href":"https:\/\/noticiasnoface.com.br\/index.php\/wp-json\/wp\/v2\/comments?post=5794"}],"version-history":[{"count":1,"href":"https:\/\/noticiasnoface.com.br\/index.php\/wp-json\/wp\/v2\/posts\/5794\/revisions"}],"predecessor-version":[{"id":5795,"href":"https:\/\/noticiasnoface.com.br\/index.php\/wp-json\/wp\/v2\/posts\/5794\/revisions\/5795"}],"wp:attachment":[{"href":"https:\/\/noticiasnoface.com.br\/index.php\/wp-json\/wp\/v2\/media?parent=5794"}],"wp:term":[{"taxonomy":"category","embeddable":true,"href":"https:\/\/noticiasnoface.com.br\/index.php\/wp-json\/wp\/v2\/categories?post=5794"},{"taxonomy":"post_tag","embeddable":true,"href":"https:\/\/noticiasnoface.com.br\/index.php\/wp-json\/wp\/v2\/tags?post=5794"}],"curies":[{"name":"wp","href":"https:\/\/api.w.org\/{rel}","templated":true}]}}