{"id":5797,"date":"2022-03-26T15:24:54","date_gmt":"2022-03-26T18:24:54","guid":{"rendered":"https:\/\/noticiasnoface.com.br\/?p=5797"},"modified":"2022-03-26T15:24:55","modified_gmt":"2022-03-26T18:24:55","slug":"daniel-descumpriu-ordens-do-stf-por-isso-vai-usar-tornozeleira","status":"publish","type":"post","link":"https:\/\/noticiasnoface.com.br\/index.php\/2022\/03\/26\/daniel-descumpriu-ordens-do-stf-por-isso-vai-usar-tornozeleira\/","title":{"rendered":"Daniel descumpriu ordens do STF por isso vai usar tornozeleira!"},"content":{"rendered":"\n<figure class=\"wp-block-image size-large\"><img data-opt-id=1927239676  fetchpriority=\"high\" decoding=\"async\" width=\"675\" height=\"449\" src=\"https:\/\/mlbfrsat7ahr.i.optimole.com\/w:auto\/h:auto\/q:mauto\/ig:avif\/https:\/\/noticiasnoface.com.br\/wp-content\/uploads\/2022\/03\/img_0379.jpg\" alt=\"\" class=\"wp-image-5796\" srcset=\"https:\/\/mlbfrsat7ahr.i.optimole.com\/w:675\/h:449\/q:mauto\/ig:avif\/https:\/\/noticiasnoface.com.br\/wp-content\/uploads\/2022\/03\/img_0379.jpg 675w, https:\/\/mlbfrsat7ahr.i.optimole.com\/w:300\/h:200\/q:mauto\/ig:avif\/https:\/\/noticiasnoface.com.br\/wp-content\/uploads\/2022\/03\/img_0379.jpg 300w\" sizes=\"(max-width: 675px) 100vw, 675px\" \/><figcaption>O ministro do Supremo Tribunal Federal (STF) Alexandre de Moraes cobrou um <a rel=\"noreferrer noopener\" href=\"https:\/\/www.correiobraziliense.com.br\/politica\/2021\/10\/4954176-pgr-defende-condenacao-de-deputado-daniel-silveira-por-ataques-ao-stf.html\" target=\"_blank\">posicionamento da Procuradoria-Geral da Rep\u00fablica (PGR) sobre a atua\u00e7\u00e3o do deputado federal Daniel Silveira<\/a> (Uni\u00e3o-RJ), que teria descumprido medidas cautelares impostas pela Corte. Moraes deu um prazo de cinco dias para que a PGR se manifeste.<br>.<br>No domingo (20\/3), Silveira esteve em um evento conservador em que se encontrou com o presidente do PTB paulista, Ot\u00e1vio Fakhoury, deu entrevista e atacou Alexandre de Moraes. <br>.<br>Segundo decis\u00e3o do STF, as tr\u00eas condutas est\u00e3o vetadas e, em caso de descumprimento, pode causar o retorno \u00e0 pris\u00e3o.<br>Ao <a rel=\"noreferrer noopener\" href=\"https:\/\/www.correiobraziliense.com.br\/politica\/2021\/11\/4961485-moraes-revoga-prisao-de-daniel-silveira-mas-proibe-acesso-as-redes-sociais.html\" target=\"_blank\">revogar a pris\u00e3o do deputado<\/a>, em novembro do ano passado, Moraes o proibiu de \u201cter qualquer forma de acesso ou contato com os demais investigados nos Inqu\u00e9ritos 4.781\/DF e 4.874\/DF, salvo os parlamentares federais\u201d. <br>.<br>\u00c9 o caso de Fakhoury, que responde pelas duas investiga\u00e7\u00f5es.<br>As san\u00e7\u00f5es a Daniel Silveira<a rel=\"noreferrer noopener\" href=\"https:\/\/www.correiobraziliense.com.br\/politica\/2021\/06\/4933490-deputado-daniel-silveira-e-preso-no-rio-de-janeiro-por-ordem-do-stf.html\" target=\"_blank\"> foram impostas no \u00e2mbito da a\u00e7\u00e3o penal a qual responde por grave amea\u00e7a<\/a> e incitar a hostilidade entre o STF e as For\u00e7as Armadas. Em abril, por unanimidade, o plen\u00e1rio do Supremo recebeu a den\u00fancia, transformando-o em r\u00e9u.<\/figcaption><\/figure>\n","protected":false},"excerpt":{"rendered":"","protected":false},"author":1,"featured_media":0,"comment_status":"open","ping_status":"open","sticky":false,"template":"","format":"standard","meta":{"site-sidebar-layout":"default","site-content-layout":"","ast-site-content-layout":"default","site-content-style":"default","site-sidebar-style":"default","ast-global-header-display":"","ast-banner-title-visibility":"","ast-main-header-display":"","ast-hfb-above-header-display":"","ast-hfb-below-header-display":"","ast-hfb-mobile-header-display":"","site-post-title":"","ast-breadcrumbs-content":"","ast-featured-img":"","footer-sml-layout":"","ast-disable-related-posts":"","theme-transparent-header-meta":"","adv-header-id-meta":"","stick-header-meta":"","header-above-stick-meta":"","header-main-stick-meta":"","header-below-stick-meta":"","astra-migrate-meta-layouts":"default","ast-page-background-enabled":"default","ast-page-background-meta":{"desktop":{"background-color":"var(--ast-global-color-4)","background-image":"","background-repeat":"repeat","background-position":"center center","background-size":"auto","background-attachment":"scroll","background-type":"","background-media":"","overlay-type":"","overlay-color":"","overlay-opacity":"","overlay-gradient":""},"tablet":{"background-color":"","background-image":"","background-repeat":"repeat","background-position":"center center","background-size":"auto","background-attachment":"scroll","background-type":"","background-media":"","overlay-type":"","overlay-color":"","overlay-opacity":"","overlay-gradient":""},"mobile":{"background-color":"","background-image":"","background-repeat":"repeat","background-position":"center center","background-size":"auto","background-attachment":"scroll","background-type":"","background-media":"","overlay-type":"","overlay-color":"","overlay-opacity":"","overlay-gradient":""}},"ast-content-background-meta":{"desktop":{"background-color":"var(--ast-global-color-5)","background-image":"","background-repeat":"repeat","background-position":"center center","background-size":"auto","background-attachment":"scroll","background-type":"","background-media":"","overlay-type":"","overlay-color":"","overlay-opacity":"","overlay-gradient":""},"tablet":{"background-color":"var(--ast-global-color-5)","background-image":"","background-repeat":"repeat","background-position":"center center","background-size":"auto","background-attachment":"scroll","background-type":"","background-media":"","overlay-type":"","overlay-color":"","overlay-opacity":"","overlay-gradient":""},"mobile":{"background-color":"var(--ast-global-color-5)","background-image":"","background-repeat":"repeat","background-position":"center center","background-size":"auto","background-attachment":"scroll","background-type":"","background-media":"","overlay-type":"","overlay-color":"","overlay-opacity":"","overlay-gradient":""}},"footnotes":""},"categories":[517],"tags":[9,302,303,304,306,307,6,305],"class_list":["post-5797","post","type-post","status-publish","format-standard","hentry","category-aconteceu","tag-alexandre-de-moraes","tag-ameaca","tag-daniel-silveira","tag-investigacao","tag-pgr","tag-procuradora-geral-da-republica","tag-stf","tag-supremo-tribunal-federal"],"_links":{"self":[{"href":"https:\/\/noticiasnoface.com.br\/index.php\/wp-json\/wp\/v2\/posts\/5797","targetHints":{"allow":["GET"]}}],"collection":[{"href":"https:\/\/noticiasnoface.com.br\/index.php\/wp-json\/wp\/v2\/posts"}],"about":[{"href":"https:\/\/noticiasnoface.com.br\/index.php\/wp-json\/wp\/v2\/types\/post"}],"author":[{"embeddable":true,"href":"https:\/\/noticiasnoface.com.br\/index.php\/wp-json\/wp\/v2\/users\/1"}],"replies":[{"embeddable":true,"href":"https:\/\/noticiasnoface.com.br\/index.php\/wp-json\/wp\/v2\/comments?post=5797"}],"version-history":[{"count":1,"href":"https:\/\/noticiasnoface.com.br\/index.php\/wp-json\/wp\/v2\/posts\/5797\/revisions"}],"predecessor-version":[{"id":5798,"href":"https:\/\/noticiasnoface.com.br\/index.php\/wp-json\/wp\/v2\/posts\/5797\/revisions\/5798"}],"wp:attachment":[{"href":"https:\/\/noticiasnoface.com.br\/index.php\/wp-json\/wp\/v2\/media?parent=5797"}],"wp:term":[{"taxonomy":"category","embeddable":true,"href":"https:\/\/noticiasnoface.com.br\/index.php\/wp-json\/wp\/v2\/categories?post=5797"},{"taxonomy":"post_tag","embeddable":true,"href":"https:\/\/noticiasnoface.com.br\/index.php\/wp-json\/wp\/v2\/tags?post=5797"}],"curies":[{"name":"wp","href":"https:\/\/api.w.org\/{rel}","templated":true}]}}