{"id":5803,"date":"2022-03-26T16:35:03","date_gmt":"2022-03-26T19:35:03","guid":{"rendered":"https:\/\/noticiasnoface.com.br\/?p=5803"},"modified":"2022-03-26T16:35:03","modified_gmt":"2022-03-26T19:35:03","slug":"ex-presidentes-gastao-34-milhoes-em-passagens-e-segurancas","status":"publish","type":"post","link":"https:\/\/noticiasnoface.com.br\/index.php\/2022\/03\/26\/ex-presidentes-gastao-34-milhoes-em-passagens-e-segurancas\/","title":{"rendered":"Ex-presidentes gast\u00e3o 3,4 milh\u00f5es em passagens e seguran\u00e7as!"},"content":{"rendered":"\n<figure class=\"wp-block-image size-large\"><img data-opt-id=1811298265  fetchpriority=\"high\" decoding=\"async\" width=\"815\" height=\"602\" src=\"https:\/\/mlbfrsat7ahr.i.optimole.com\/w:auto\/h:auto\/q:mauto\/ig:avif\/https:\/\/noticiasnoface.com.br\/wp-content\/uploads\/2022\/03\/img_0383.jpg\" alt=\"\" class=\"wp-image-5802\" srcset=\"https:\/\/mlbfrsat7ahr.i.optimole.com\/w:815\/h:602\/q:mauto\/ig:avif\/https:\/\/noticiasnoface.com.br\/wp-content\/uploads\/2022\/03\/img_0383.jpg 815w, https:\/\/mlbfrsat7ahr.i.optimole.com\/w:300\/h:222\/q:mauto\/ig:avif\/https:\/\/noticiasnoface.com.br\/wp-content\/uploads\/2022\/03\/img_0383.jpg 300w, https:\/\/mlbfrsat7ahr.i.optimole.com\/w:768\/h:567\/q:mauto\/ig:avif\/https:\/\/noticiasnoface.com.br\/wp-content\/uploads\/2022\/03\/img_0383.jpg 768w\" sizes=\"(max-width: 815px) 100vw, 815px\" \/><figcaption>Entre 2019 e 2021, os ex-presidentes da Rep\u00fablica Jos\u00e9 Sarney, Fernando Collor de Mello, Fernando Henrique Cardoso, Michel Temer, Luiz In\u00e1cio Lula da Silva e Dilma Rousseff gastaram, juntos, R$ 3,4 milh\u00f5es em despesas com seguran\u00e7as e assessores que os acompanharam em viagens nacionais e internacionais, de acordo com dados da Secretaria-Geral da Presid\u00eancia da Rep\u00fablica, obtidos pela CNN via Lei de Acesso \u00e0 Informa\u00e7\u00e3o.<br>.<br><br>As despesas est\u00e3o previstas em lei e s\u00e3o pagas pela Presid\u00eancia da Rep\u00fablica, que cobre apenas os sal\u00e1rios, passagens e di\u00e1rias dos seguran\u00e7as e assessores, e n\u00e3o as dos ex-presidentes, que devem pagar as viagens com recursos pr\u00f3prios.<br>.<br><br>As despesas de seguran\u00e7a e apoio a Lula e Dilma em viagens somam R$ 2,2 milh\u00f5es e s\u00e3o maiores do que as de todos os demais ex-presidentes somadas. Sarney, Collor, FHC e Temer gastaram, juntos, R$ 1,2 milh\u00e3o no mesmo per\u00edodo. CNN<\/figcaption><\/figure>\n","protected":false},"excerpt":{"rendered":"","protected":false},"author":1,"featured_media":0,"comment_status":"open","ping_status":"open","sticky":false,"template":"","format":"standard","meta":{"site-sidebar-layout":"default","site-content-layout":"","ast-site-content-layout":"default","site-content-style":"default","site-sidebar-style":"default","ast-global-header-display":"","ast-banner-title-visibility":"","ast-main-header-display":"","ast-hfb-above-header-display":"","ast-hfb-below-header-display":"","ast-hfb-mobile-header-display":"","site-post-title":"","ast-breadcrumbs-content":"","ast-featured-img":"","footer-sml-layout":"","ast-disable-related-posts":"","theme-transparent-header-meta":"","adv-header-id-meta":"","stick-header-meta":"","header-above-stick-meta":"","header-main-stick-meta":"","header-below-stick-meta":"","astra-migrate-meta-layouts":"default","ast-page-background-enabled":"default","ast-page-background-meta":{"desktop":{"background-color":"var(--ast-global-color-4)","background-image":"","background-repeat":"repeat","background-position":"center center","background-size":"auto","background-attachment":"scroll","background-type":"","background-media":"","overlay-type":"","overlay-color":"","overlay-opacity":"","overlay-gradient":""},"tablet":{"background-color":"","background-image":"","background-repeat":"repeat","background-position":"center center","background-size":"auto","background-attachment":"scroll","background-type":"","background-media":"","overlay-type":"","overlay-color":"","overlay-opacity":"","overlay-gradient":""},"mobile":{"background-color":"","background-image":"","background-repeat":"repeat","background-position":"center center","background-size":"auto","background-attachment":"scroll","background-type":"","background-media":"","overlay-type":"","overlay-color":"","overlay-opacity":"","overlay-gradient":""}},"ast-content-background-meta":{"desktop":{"background-color":"var(--ast-global-color-5)","background-image":"","background-repeat":"repeat","background-position":"center center","background-size":"auto","background-attachment":"scroll","background-type":"","background-media":"","overlay-type":"","overlay-color":"","overlay-opacity":"","overlay-gradient":""},"tablet":{"background-color":"var(--ast-global-color-5)","background-image":"","background-repeat":"repeat","background-position":"center center","background-size":"auto","background-attachment":"scroll","background-type":"","background-media":"","overlay-type":"","overlay-color":"","overlay-opacity":"","overlay-gradient":""},"mobile":{"background-color":"var(--ast-global-color-5)","background-image":"","background-repeat":"repeat","background-position":"center center","background-size":"auto","background-attachment":"scroll","background-type":"","background-media":"","overlay-type":"","overlay-color":"","overlay-opacity":"","overlay-gradient":""}},"footnotes":""},"categories":[517],"tags":[314,315,312,316,313,311],"class_list":["post-5803","post","type-post","status-publish","format-standard","hentry","category-aconteceu","tag-aviao","tag-despesas","tag-presidentes","tag-presidentes-da-republica","tag-segurancas","tag-viagens"],"_links":{"self":[{"href":"https:\/\/noticiasnoface.com.br\/index.php\/wp-json\/wp\/v2\/posts\/5803","targetHints":{"allow":["GET"]}}],"collection":[{"href":"https:\/\/noticiasnoface.com.br\/index.php\/wp-json\/wp\/v2\/posts"}],"about":[{"href":"https:\/\/noticiasnoface.com.br\/index.php\/wp-json\/wp\/v2\/types\/post"}],"author":[{"embeddable":true,"href":"https:\/\/noticiasnoface.com.br\/index.php\/wp-json\/wp\/v2\/users\/1"}],"replies":[{"embeddable":true,"href":"https:\/\/noticiasnoface.com.br\/index.php\/wp-json\/wp\/v2\/comments?post=5803"}],"version-history":[{"count":1,"href":"https:\/\/noticiasnoface.com.br\/index.php\/wp-json\/wp\/v2\/posts\/5803\/revisions"}],"predecessor-version":[{"id":5804,"href":"https:\/\/noticiasnoface.com.br\/index.php\/wp-json\/wp\/v2\/posts\/5803\/revisions\/5804"}],"wp:attachment":[{"href":"https:\/\/noticiasnoface.com.br\/index.php\/wp-json\/wp\/v2\/media?parent=5803"}],"wp:term":[{"taxonomy":"category","embeddable":true,"href":"https:\/\/noticiasnoface.com.br\/index.php\/wp-json\/wp\/v2\/categories?post=5803"},{"taxonomy":"post_tag","embeddable":true,"href":"https:\/\/noticiasnoface.com.br\/index.php\/wp-json\/wp\/v2\/tags?post=5803"}],"curies":[{"name":"wp","href":"https:\/\/api.w.org\/{rel}","templated":true}]}}